{"id":57424,"date":"2025-08-06T16:50:30","date_gmt":"2025-08-06T19:50:30","guid":{"rendered":"https:\/\/radiorevelacionfm.cl\/?p=57424"},"modified":"2025-08-06T16:50:30","modified_gmt":"2025-08-06T19:50:30","slug":"yo-quisiera-ser-una-cuidadora-con-los-animales-agricultura-conmemora-dia-internacional-del-huemul-con-jornadas-educativas-para-estudiantes","status":"publish","type":"post","link":"https:\/\/radiorevelacionfm.cl\/?p=57424","title":{"rendered":"\u00abYo quisiera ser una cuidadora con los animales\u00bb: Agricultura conmemora D\u00eda Internacional del Huemul con jornadas educativas para estudiantes"},"content":{"rendered":"<div class=\"flex_column av_one_full  flex_column_div av-zero-column-padding first  avia-builder-el-0  el_before_av_one_full  avia-builder-el-first  \" style='border-radius:0px; '><div  class='avia-image-container  av-styling-    avia-builder-el-1  avia-builder-el-no-sibling  avia-align-center '  itemprop=\"image\" itemscope=\"itemscope\" itemtype=\"https:\/\/schema.org\/ImageObject\"  ><div class='avia-image-container-inner'><div class='avia-image-overlay-wrap'><img decoding=\"async\" class='wp-image-57425 avia-img-lazy-loading-not-57425 avia_image' src=\"https:\/\/radiorevelacionfm.cl\/wp-content\/uploads\/2025\/08\/dIahuemul_06-1_optimized-1.jpeg\" alt='' title='d\u00cdahuemul_06-(1)_optimized (1)' height=\"630\" width=\"808\"  itemprop=\"thumbnailUrl\" srcset=\"https:\/\/radiorevelacionfm.cl\/wp-content\/uploads\/2025\/08\/dIahuemul_06-1_optimized-1.jpeg 808w, https:\/\/radiorevelacionfm.cl\/wp-content\/uploads\/2025\/08\/dIahuemul_06-1_optimized-1-300x234.jpeg 300w, https:\/\/radiorevelacionfm.cl\/wp-content\/uploads\/2025\/08\/dIahuemul_06-1_optimized-1-768x599.jpeg 768w, https:\/\/radiorevelacionfm.cl\/wp-content\/uploads\/2025\/08\/dIahuemul_06-1_optimized-1-705x550.jpeg 705w, https:\/\/radiorevelacionfm.cl\/wp-content\/uploads\/2025\/08\/dIahuemul_06-1_optimized-1-450x351.jpeg 450w, https:\/\/radiorevelacionfm.cl\/wp-content\/uploads\/2025\/08\/dIahuemul_06-1_optimized-1-600x468.jpeg 600w\" sizes=\"(max-width: 808px) 100vw, 808px\" \/><\/div><\/div><\/div><\/div><div class=\"flex_column av_one_full  flex_column_div av-zero-column-padding first  avia-builder-el-2  el_after_av_one_full  el_before_av_one_full  column-top-margin\" style='border-radius:0px; '><section class=\"av_textblock_section \"  itemscope=\"itemscope\" itemtype=\"https:\/\/schema.org\/BlogPosting\" itemprop=\"blogPost\" ><div class='avia_textblock  '   itemprop=\"text\" ><p style=\"text-align: center;\"><span style=\"font-size: 18pt;\"><b>\u00abYo quisiera ser una cuidadora con los animales\u00bb: Agricultura conmemora D\u00eda Internacional del Huemul con jornadas educativas para estudiantes<\/b><\/span><\/p>\n<div id=\"gtx-trans\" style=\"position: absolute; left: -50px; top: 4.31534px;\">\n<div class=\"gtx-trans-icon\"><\/div>\n<\/div>\n<\/div><\/section><\/div><div class=\"flex_column av_one_full  flex_column_div av-zero-column-padding first  avia-builder-el-4  el_after_av_one_full  el_before_av_hr  column-top-margin\" style='border-radius:0px; '><section class=\"av_textblock_section \"  itemscope=\"itemscope\" itemtype=\"https:\/\/schema.org\/BlogPosting\" itemprop=\"blogPost\" ><div class='avia_textblock  '   itemprop=\"text\" ><p style=\"text-align: justify;\"><em>El Servicio Agr\u00edcola y Ganadero (SAG) junto a la Corporaci\u00f3n Nacional Forestal (CONAF) son los servicios clave para avanzar en iniciativas de protecci\u00f3n, conservaci\u00f3n y educaci\u00f3n de la especie end\u00e9mica.\u00a0<\/em><\/p>\n<p style=\"text-align: justify;\">Conocido como el ciervo m\u00e1s austral del mundo, el huemul (hippocamelus bisulcus) es uno de los tres mam\u00edferos que integran el grupo de c\u00e9rvidos que caminan por territorio chileno, junto al pud\u00fa y la taruca. Actualmente existe solo el 1% de su poblaci\u00f3n original, por lo que se encuentra en peligro de extinci\u00f3n, y gran parte de esta poblaci\u00f3n que habita en territorio nacional se encuentra en la regi\u00f3n de Ays\u00e9n.<\/p>\n<p style=\"text-align: justify;\">En este marco, la Secretar\u00eda Regional de Agricultura en Ays\u00e9n, encabezada por su seremi Eugenio Ruiz, ha impulsado una serie de iniciativas intersectoriales, p\u00fablico-privadas y educativas para fomentar su protecci\u00f3n y conservaci\u00f3n. Y este martes 5 de agosto, para conmemorar el D\u00eda Internacional del Huemul, la autoridad regional del agro junto al equipo de SAG Ays\u00e9n lider\u00f3 los ciclos de charlas pedag\u00f3gicas para ni\u00f1as y ni\u00f1os entre 6 y 11 a\u00f1os del colegio V\u00edctor Domingo Silva de Coyhaique.<\/p>\n<p style=\"text-align: justify;\">\u00abLas ni\u00f1as y ni\u00f1os de nuestra regi\u00f3n cumplen un rol fundamental en\u00a0la\u00a0sociedad como generadores de cambios y el futuro de nuestra fauna nativa tambi\u00e9n est\u00e1 en ellos. Es por esto que hemos realizado concursos de dibujo y este a\u00f1o seguimos generando jornadas educativas para ense\u00f1ar a los m\u00e1s peque\u00f1os sobre c\u00f3mo y por qu\u00e9 debemos proteger a los huemules, adem\u00e1s de cu\u00e1les son sus amenazas. Agradecemos a los establecimientos educacionales con sus directores y docentes que siempre tienen buena acogida para estos espacios y valoramos el trabajo fluido que desarrollamos con SAG y CONAF para este fin\u00bb,\u00a0destac\u00f3 el seremi Ruiz.<\/p>\n<p style=\"text-align: justify;\">La oportunidad permiti\u00f3 reconocer a la estudiante que particip\u00f3 del concurso de dibujo \u00abEntre todas y todos cuidamos al huemul 2024\u00bb, Dominique Jim\u00e9nez Barr\u00eda, para hacer entrega del ejemplar original con el que particip\u00f3 en el certamen. Por otro lado, el seremi obsequi\u00f3 al establecimiento publicaciones del Ministerio de Agricultura que buscan fomentar el discernimiento a la especie huemul, y la lectura en relaci\u00f3n con historias que nacen desde los territorios rurales de Chile.<\/p>\n<p style=\"text-align: justify;\">La profesora Paloma Jerez agradeci\u00f3 la oportunidad y detall\u00f3 que \u00abpara nosotros fue una grata sorpresa porque el a\u00f1o pasado estuvimos trabajando para participar del concurso de dibujo que convoc\u00f3 el Ministerio de Agricultura y nos cost\u00f3 un poco porque los estudiantes se confund\u00edan entre el huemul y el ciervo rojo, entonces esto ayuda a que puedan aclarar todas las dudas en relaci\u00f3n con las caracter\u00edsticas de los huemules. Ha sido muy enriquecedor porque adem\u00e1s ver las astas permite reconocer directamente lo que significa el animal de nuestro emblema\u00bb.<\/p>\n<p style=\"text-align: justify;\">En palabras de la entusiasta estudiante Victoria Lucero Mardones, \u00abaprend\u00ed que no hay que matar animales en peligro de extinci\u00f3n porque sino no habr\u00e1n m\u00e1s (&#8230;) y si est\u00e1s paseando por un Parque Nacional, no se te ocurra atropellar a un huemul porque quedan muy poquitos. Si los ni\u00f1os andan con sus padres deben decirles esto: &#8216;pap\u00e1 o mam\u00e1, por favor no atropellen al huemul porque est\u00e1 en peligro de extinci\u00f3n y est\u00e1 en nuestro escudo nacional'\u00bb.<\/p>\n<p style=\"text-align: justify;\">\u00abEl huemul es un animalito muy bueno y muy bonito, pero mejor hay que verlo desde lejos porque si le haces as\u00ed (gestos de sacudir), pues no le va a gustar y se pueden asustar. Tienen cachitos muy peque\u00f1os, no como los grandes que son los del ciervo rojo, que es uno de sus peores enemigos porque los atacan y pinchan con sus astas. Yo quisiera ser una cuidadora muy grande y buena con los animales\u00bb, detall\u00f3 la alumna de primero b\u00e1sico del establecimiento.<\/p>\n<p style=\"text-align: justify;\">Por otro lado, en el Parque Nacional Cerro Castillo, Ruiz acompa\u00f1\u00f3 a guardaparques CONAF y miembros de la Fundaci\u00f3n Manke a realizar actividades l\u00fadicas para ense\u00f1ar sobre la especie huemul desde su propio territorio, donde esta vez los estudiantes de la Escuela Aonikenk de la comuna de Puerto Ib\u00e1\u00f1ez fueron los protagonistas.<\/p>\n<p style=\"text-align: justify;\">Al cierre de la jornada, visitaron la muestra fotogr\u00e1fica al aire libre \u00abDonde habita el silencio\u00bb, del artista Francisco Esp\u00edldora, lo que permiti\u00f3 apreciar a esta especie end\u00e9mica desde otra perspectiva para seguir fomentando su conservaci\u00f3n.<\/p>\n<p style=\"text-align: justify;\">Cabe recordar que los atropellos en rutas, fragmentaci\u00f3n de su h\u00e1bitat, enfermedades transmitidas por ganado y depredaci\u00f3n de otros mam\u00edferos son algunas de las mayores causas que provocan la muerte de esta especie. Si transitas cerca de los Parques y Reservas Nacionales en la ruta 7, es clave no superar los 60 km\/h. De igual manera, es fundamental siempre acudir al Servicio Agr\u00edcola y Ganadero para denuncias y todo tipo de alertas relacionadas al huemul.<\/p>\n<\/div><\/section><\/div><div  style='height:50px' class='hr hr-invisible   avia-builder-el-6  el_after_av_one_full  el_before_av_social_share '><span class='hr-inner ' ><span class='hr-inner-style'><\/span><\/span><\/div><\/p>\n<div  class='av-social-sharing-box  avia-builder-el-7  el_after_av_hr  el_before_av_hr  '><div class='av-share-box'><h5 class='av-share-link-description av-no-toc '>Compartir esta noticia<\/h5><ul class='av-share-box-list noLightbox'><li class='av-share-link av-social-link-facebook' ><a target=\"_blank\" aria-label=\"Compartir en Facebook\" href='https:\/\/www.facebook.com\/sharer.php?u=https:\/\/radiorevelacionfm.cl\/?p=57424&#038;t=%C2%ABYo%20quisiera%20ser%20una%20cuidadora%20con%20los%20animales%C2%BB%3A%20Agricultura%20conmemora%20D%C3%ADa%20Internacional%20del%20Huemul%20con%20jornadas%20educativas%20para%20estudiantes' aria-hidden='false' data-av_icon='\ue8f3' data-av_iconfont='entypo-fontello' title='' data-avia-related-tooltip='Compartir en Facebook' rel=\"noopener\"><span class='avia_hidden_link_text'>Compartir en Facebook<\/span><\/a><\/li><li class='av-share-link av-social-link-twitter' ><a target=\"_blank\" aria-label=\"Compartir en Twitter\" href='https:\/\/twitter.com\/share?text=%C2%ABYo%20quisiera%20ser%20una%20cuidadora%20con%20los%20animales%C2%BB%3A%20Agricultura%20conmemora%20D%C3%ADa%20Internacional%20del%20Huemul%20con%20jornadas%20educativas%20para%20estudiantes&#038;url=https:\/\/radiorevelacionfm.cl\/?p=57424' aria-hidden='false' data-av_icon='\ue8f1' data-av_iconfont='entypo-fontello' title='' data-avia-related-tooltip='Compartir en Twitter' rel=\"noopener\"><span class='avia_hidden_link_text'>Compartir en Twitter<\/span><\/a><\/li><li class='av-share-link av-social-link-whatsapp' ><a target=\"_blank\" aria-label=\"Compartir en Whatsapp\" href='https:\/\/api.whatsapp.com\/send?text=https:\/\/radiorevelacionfm.cl\/?p=57424' aria-hidden='false' data-av_icon='\uf232' data-av_iconfont='entypo-fontello' title='' data-avia-related-tooltip='Compartir en Whatsapp' rel=\"noopener\"><span class='avia_hidden_link_text'>Compartir en Whatsapp<\/span><\/a><\/li><li class='av-share-link av-social-link-linkedin' ><a target=\"_blank\" aria-label=\"Compartir en LinkedIn\" href='https:\/\/linkedin.com\/shareArticle?mini=true&#038;title=%C2%ABYo%20quisiera%20ser%20una%20cuidadora%20con%20los%20animales%C2%BB%3A%20Agricultura%20conmemora%20D%C3%ADa%20Internacional%20del%20Huemul%20con%20jornadas%20educativas%20para%20estudiantes&#038;url=https:\/\/radiorevelacionfm.cl\/?p=57424' aria-hidden='false' data-av_icon='\ue8fc' data-av_iconfont='entypo-fontello' title='' data-avia-related-tooltip='Compartir en LinkedIn' rel=\"noopener\"><span class='avia_hidden_link_text'>Compartir en LinkedIn<\/span><\/a><\/li><li class='av-share-link av-social-link-mail' ><a  aria-label=\"Compartir por correo\" href='mailto:?subject=%C2%ABYo%20quisiera%20ser%20una%20cuidadora%20con%20los%20animales%C2%BB%3A%20Agricultura%20conmemora%20D%C3%ADa%20Internacional%20del%20Huemul%20con%20jornadas%20educativas%20para%20estudiantes&#038;body=https:\/\/radiorevelacionfm.cl\/?p=57424' aria-hidden='false' data-av_icon='\ue805' data-av_iconfont='entypo-fontello' title='' data-avia-related-tooltip='Compartir por correo'><span class='avia_hidden_link_text'>Compartir por correo<\/span><\/a><\/li><\/ul><\/div><\/div>\n<div  style='height:50px' class='hr hr-invisible   avia-builder-el-8  el_after_av_social_share  el_before_av_comments_list '><span class='hr-inner ' ><span class='hr-inner-style'><\/span><\/span><\/div>\n<div  class='av-buildercomment  av-blog-meta-html-info-disabled av-blog-meta-tag-disabled  '><\/div>\n","protected":false},"excerpt":{"rendered":"","protected":false},"author":1,"featured_media":57425,"comment_status":"closed","ping_status":"closed","sticky":false,"template":"","format":"standard","meta":{"footnotes":""},"categories":[58],"tags":[],"class_list":["post-57424","post","type-post","status-publish","format-standard","has-post-thumbnail","hentry","category-agricultura"],"jetpack_featured_media_url":"https:\/\/radiorevelacionfm.cl\/wp-content\/uploads\/2025\/08\/dIahuemul_06-1_optimized-1.jpeg","_links":{"self":[{"href":"https:\/\/radiorevelacionfm.cl\/index.php?rest_route=\/wp\/v2\/posts\/57424","targetHints":{"allow":["GET"]}}],"collection":[{"href":"https:\/\/radiorevelacionfm.cl\/index.php?rest_route=\/wp\/v2\/posts"}],"about":[{"href":"https:\/\/radiorevelacionfm.cl\/index.php?rest_route=\/wp\/v2\/types\/post"}],"author":[{"embeddable":true,"href":"https:\/\/radiorevelacionfm.cl\/index.php?rest_route=\/wp\/v2\/users\/1"}],"replies":[{"embeddable":true,"href":"https:\/\/radiorevelacionfm.cl\/index.php?rest_route=%2Fwp%2Fv2%2Fcomments&post=57424"}],"version-history":[{"count":2,"href":"https:\/\/radiorevelacionfm.cl\/index.php?rest_route=\/wp\/v2\/posts\/57424\/revisions"}],"predecessor-version":[{"id":57427,"href":"https:\/\/radiorevelacionfm.cl\/index.php?rest_route=\/wp\/v2\/posts\/57424\/revisions\/57427"}],"wp:featuredmedia":[{"embeddable":true,"href":"https:\/\/radiorevelacionfm.cl\/index.php?rest_route=\/wp\/v2\/media\/57425"}],"wp:attachment":[{"href":"https:\/\/radiorevelacionfm.cl\/index.php?rest_route=%2Fwp%2Fv2%2Fmedia&parent=57424"}],"wp:term":[{"taxonomy":"category","embeddable":true,"href":"https:\/\/radiorevelacionfm.cl\/index.php?rest_route=%2Fwp%2Fv2%2Fcategories&post=57424"},{"taxonomy":"post_tag","embeddable":true,"href":"https:\/\/radiorevelacionfm.cl\/index.php?rest_route=%2Fwp%2Fv2%2Ftags&post=57424"}],"curies":[{"name":"wp","href":"https:\/\/api.w.org\/{rel}","templated":true}]}}