{"id":57421,"date":"2025-08-06T21:48:22","date_gmt":"2025-08-07T00:48:22","guid":{"rendered":"https:\/\/radiorevelacionfm.cl\/?p=57421"},"modified":"2025-08-06T21:48:22","modified_gmt":"2025-08-07T00:48:22","slug":"hasta-el-14-de-agosto-se-amplia-el-plazo-para-postular-al-premio-inspiratec","status":"publish","type":"post","link":"https:\/\/radiorevelacionfm.cl\/?p=57421","title":{"rendered":"\u00a1Hasta el 14 de agosto!: Se ampl\u00eda el plazo para postular al Premio InspiraTEC"},"content":{"rendered":"<div class=\"flex_column av_one_full  flex_column_div av-zero-column-padding first  avia-builder-el-0  el_before_av_one_full  avia-builder-el-first  \" style='border-radius:0px; '><div  class='avia-image-container  av-styling-    avia-builder-el-1  avia-builder-el-no-sibling  avia-align-center '  itemprop=\"image\" itemscope=\"itemscope\" itemtype=\"https:\/\/schema.org\/ImageObject\"  ><div class='avia-image-container-inner'><div class='avia-image-overlay-wrap'><img decoding=\"async\" class='wp-image-57422 avia-img-lazy-loading-not-57422 avia_image' src=\"https:\/\/radiorevelacionfm.cl\/wp-content\/uploads\/2025\/08\/CP-INSPIRATEC-1-1.jpeg\" alt='' title='CP INSPIRATEC (1) (1)' height=\"600\" width=\"987\"  itemprop=\"thumbnailUrl\" srcset=\"https:\/\/radiorevelacionfm.cl\/wp-content\/uploads\/2025\/08\/CP-INSPIRATEC-1-1.jpeg 987w, https:\/\/radiorevelacionfm.cl\/wp-content\/uploads\/2025\/08\/CP-INSPIRATEC-1-1-300x182.jpeg 300w, https:\/\/radiorevelacionfm.cl\/wp-content\/uploads\/2025\/08\/CP-INSPIRATEC-1-1-768x467.jpeg 768w, https:\/\/radiorevelacionfm.cl\/wp-content\/uploads\/2025\/08\/CP-INSPIRATEC-1-1-705x429.jpeg 705w, https:\/\/radiorevelacionfm.cl\/wp-content\/uploads\/2025\/08\/CP-INSPIRATEC-1-1-450x274.jpeg 450w, https:\/\/radiorevelacionfm.cl\/wp-content\/uploads\/2025\/08\/CP-INSPIRATEC-1-1-600x365.jpeg 600w\" sizes=\"(max-width: 987px) 100vw, 987px\" \/><\/div><\/div><\/div><\/div><div class=\"flex_column av_one_full  flex_column_div av-zero-column-padding first  avia-builder-el-2  el_after_av_one_full  el_before_av_one_full  column-top-margin\" style='border-radius:0px; '><section class=\"av_textblock_section \"  itemscope=\"itemscope\" itemtype=\"https:\/\/schema.org\/BlogPosting\" itemprop=\"blogPost\" ><div class='avia_textblock  '   itemprop=\"text\" ><p style=\"text-align: center;\"><strong><span style=\"font-size: 18pt;\">\u00a1Hasta el 14 de agosto!: Se ampl\u00eda el plazo para postular al Premio InspiraTEC<\/span><\/strong><\/p>\n<div id=\"gtx-trans\" style=\"position: absolute; left: -50px; top: 4.31534px;\">\n<div class=\"gtx-trans-icon\"><\/div>\n<\/div>\n<\/div><\/section><\/div><div class=\"flex_column av_one_full  flex_column_div av-zero-column-padding first  avia-builder-el-4  el_after_av_one_full  el_before_av_hr  column-top-margin\" style='border-radius:0px; '><section class=\"av_textblock_section \"  itemscope=\"itemscope\" itemtype=\"https:\/\/schema.org\/BlogPosting\" itemprop=\"blogPost\" ><div class='avia_textblock  '   itemprop=\"text\" ><p style=\"text-align: justify;\"><em>Este galard\u00f3n premia a mujeres en tres categor\u00edas distintas y reconoce la creaci\u00f3n de proyectos, productos o servicios innovadores que aborde los desaf\u00edos de desarrollo productivo sostenible.<\/em><\/p>\n<p style=\"text-align: justify;\">El <strong>Premio InspiraTEC <\/strong>es un reconocimiento que busca visibilizar a ni\u00f1as, j\u00f3venes y mujeres que desarrollen proyectos y emprendimientos en \u00e1reas STEM (Ciencia, Tecnolog\u00eda, Ingenier\u00eda y Matem\u00e1ticas), con el objetivo de contribuir a reducir las brechas de participaci\u00f3n femenina en sectores donde suele haber mayor presencia masculina. En esta oportunidad, la convocatoria se extendi\u00f3 hasta el <strong>jueves 14 de agosto<\/strong>, permitiendo que sean m\u00e1s mujeres las que presenten sus proyectos, y as\u00ed, se inspire a otras a emprender en STEM.<\/p>\n<p style=\"text-align: justify;\">La jefa de la Divisi\u00f3n de Empresas de Menor Tama\u00f1o, Gabriela Jorquera, se refiri\u00f3 a la importancia de este reconocimiento: \u201cVisibilizar e incentivar la participaci\u00f3n de mujeres en STEM es sumamente relevante, ya que esta es un \u00e1rea altamente masculinizada y es donde los emprendimientos y empresas tienen un mayor potencial de crecimiento, de generar empleos de calidad, mejores ingresos, y poder enfrentar de mejor manera los desaf\u00edos del futuro\u201d.<\/p>\n<p style=\"text-align: justify;\">Las premiadas recibir\u00e1n un reconocimiento p\u00fablico por parte de la Subsecretar\u00eda de Econom\u00eda y Empresas de Menor Tama\u00f1o y, adem\u00e1s, tanto las ganadoras como las postulantes, pasar\u00e1n a formar parte de la Red InspiraTEC. Esto les permitir\u00e1 acceder a informaci\u00f3n de programas y actividades con foco en g\u00e9nero, emprendimientos, internacionalizaci\u00f3n e innovaci\u00f3n.<\/p>\n<p style=\"text-align: justify;\">Por su parte, el Seremi de Econom\u00eda, Fomento y Turismo de la Regi\u00f3n de Ays\u00e9n Felipe Rojas Pizarro, relev\u00f3 la importancia de esta convocatoria:<em> \u201ces sumamente relevante ya que destaca, visibiliza y premia a mujeres que se abren camino en rubros que usualmente se asocian al g\u00e9nero masculino. Por tanto, invitar a mujeres que desarrollen productos y emprendimientos en \u00e1reas como ciencia, tecnolog\u00eda, ingenier\u00eda y matem\u00e1ticas a que participen en esta convocatoria que est\u00e1 abierta hasta el 14 de agosto.\u201d<\/em><\/p>\n<p style=\"text-align: justify;\"><strong>\u00bfQui\u00e9nes pueden postular?<\/strong><\/p>\n<p style=\"text-align: justify;\">El <strong>Premio InspiraTEC <\/strong>cuenta con tres categor\u00edas: <strong>Joven Inspiradora<\/strong>, dirigida a ni\u00f1as y j\u00f3venes que est\u00e9n cursando entre s\u00e9ptimo b\u00e1sico y cuarto medio, que sean destacadas por su liderazgo y\/o participaci\u00f3n en iniciativas o emprendimientos de base STEM<\/p>\n<p style=\"text-align: justify;\">La siguiente es <strong>Emprendedora STEM<\/strong>, donde pueden inscribirse due\u00f1as o socias con un 25% m\u00ednimo de participaci\u00f3n en emprendimientos de base STEM, o l\u00edderes de cooperativas de base STEM en etapa inicial con o sin ventas y hasta 5 a\u00f1os de antig\u00fcedad.<\/p>\n<p style=\"text-align: justify;\">Y, por \u00faltimo, <strong>Empresaria STEM, <\/strong>la que va dirigida a due\u00f1as o socias de empresas de base STEM con un 25% m\u00ednimo de participaci\u00f3n, o l\u00edderes de cooperativas de base STEM que innoven en dichas \u00e1reas, con antig\u00fcedad m\u00ednima de 5 a\u00f1os desde su inicio de actividades en primera categor\u00eda ante el SII.<\/p>\n<p style=\"text-align: justify;\">El <strong>Premio InspiraTEC <\/strong>es apoyado por entes p\u00fablicos y privados: Subsecretar\u00edas de Ciencia, Tecnolog\u00eda, Conocimiento e Innovaci\u00f3n, Subsecretar\u00eda de la Mujer y Equidad de G\u00e9nero, Subsecretar\u00eda de Relaciones Econ\u00f3micas Internacionales, Corfo, ProChile, Inapi, Centro de Innovaci\u00f3n del Mineduc, Fundaci\u00f3n Pa\u00eds Digital, Comunidad Mujer, Mujeres Empresarias, Kodea, Ingeniosas, Technovation, Tremendas, Emprende Tu Mente, Claro Empresas, Transbank, Google y Banco Estado.<\/p>\n<p style=\"text-align: justify;\">Toda la informaci\u00f3n acerca de c\u00f3mo postular se encuentra disponible en <a href=\"https:\/\/www.premioinspiratec.cl\/\"><strong>https:\/\/www.premioinspiratec.cl\/<\/strong><\/a>.<\/p>\n<\/div><\/section><\/div><div  style='height:50px' class='hr hr-invisible   avia-builder-el-6  el_after_av_one_full  el_before_av_social_share '><span class='hr-inner ' ><span class='hr-inner-style'><\/span><\/span><\/div><\/p>\n<div  class='av-social-sharing-box  avia-builder-el-7  el_after_av_hr  el_before_av_hr  '><div class='av-share-box'><h5 class='av-share-link-description av-no-toc '>Compartir esta noticia<\/h5><ul class='av-share-box-list noLightbox'><li class='av-share-link av-social-link-facebook' ><a target=\"_blank\" aria-label=\"Compartir en Facebook\" href='https:\/\/www.facebook.com\/sharer.php?u=https:\/\/radiorevelacionfm.cl\/?p=57421&#038;t=%C2%A1Hasta%20el%2014%20de%20agosto%21%3A%20Se%20ampl%C3%ADa%20el%20plazo%20para%20postular%20al%20Premio%20InspiraTEC' aria-hidden='false' data-av_icon='\ue8f3' data-av_iconfont='entypo-fontello' title='' data-avia-related-tooltip='Compartir en Facebook' rel=\"noopener\"><span class='avia_hidden_link_text'>Compartir en Facebook<\/span><\/a><\/li><li class='av-share-link av-social-link-twitter' ><a target=\"_blank\" aria-label=\"Compartir en Twitter\" href='https:\/\/twitter.com\/share?text=%C2%A1Hasta%20el%2014%20de%20agosto%21%3A%20Se%20ampl%C3%ADa%20el%20plazo%20para%20postular%20al%20Premio%20InspiraTEC&#038;url=https:\/\/radiorevelacionfm.cl\/?p=57421' aria-hidden='false' data-av_icon='\ue8f1' data-av_iconfont='entypo-fontello' title='' data-avia-related-tooltip='Compartir en Twitter' rel=\"noopener\"><span class='avia_hidden_link_text'>Compartir en Twitter<\/span><\/a><\/li><li class='av-share-link av-social-link-whatsapp' ><a target=\"_blank\" aria-label=\"Compartir en Whatsapp\" href='https:\/\/api.whatsapp.com\/send?text=https:\/\/radiorevelacionfm.cl\/?p=57421' aria-hidden='false' data-av_icon='\uf232' data-av_iconfont='entypo-fontello' title='' data-avia-related-tooltip='Compartir en Whatsapp' rel=\"noopener\"><span class='avia_hidden_link_text'>Compartir en Whatsapp<\/span><\/a><\/li><li class='av-share-link av-social-link-linkedin' ><a target=\"_blank\" aria-label=\"Compartir en LinkedIn\" href='https:\/\/linkedin.com\/shareArticle?mini=true&#038;title=%C2%A1Hasta%20el%2014%20de%20agosto%21%3A%20Se%20ampl%C3%ADa%20el%20plazo%20para%20postular%20al%20Premio%20InspiraTEC&#038;url=https:\/\/radiorevelacionfm.cl\/?p=57421' aria-hidden='false' data-av_icon='\ue8fc' data-av_iconfont='entypo-fontello' title='' data-avia-related-tooltip='Compartir en LinkedIn' rel=\"noopener\"><span class='avia_hidden_link_text'>Compartir en LinkedIn<\/span><\/a><\/li><li class='av-share-link av-social-link-mail' ><a  aria-label=\"Compartir por correo\" href='mailto:?subject=%C2%A1Hasta%20el%2014%20de%20agosto%21%3A%20Se%20ampl%C3%ADa%20el%20plazo%20para%20postular%20al%20Premio%20InspiraTEC&#038;body=https:\/\/radiorevelacionfm.cl\/?p=57421' aria-hidden='false' data-av_icon='\ue805' data-av_iconfont='entypo-fontello' title='' data-avia-related-tooltip='Compartir por correo'><span class='avia_hidden_link_text'>Compartir por correo<\/span><\/a><\/li><\/ul><\/div><\/div>\n<div  style='height:50px' class='hr hr-invisible   avia-builder-el-8  el_after_av_social_share  el_before_av_comments_list '><span class='hr-inner ' ><span class='hr-inner-style'><\/span><\/span><\/div>\n<div  class='av-buildercomment  av-blog-meta-html-info-disabled av-blog-meta-tag-disabled  '><\/div>\n","protected":false},"excerpt":{"rendered":"","protected":false},"author":1,"featured_media":57422,"comment_status":"closed","ping_status":"closed","sticky":false,"template":"","format":"standard","meta":{"footnotes":""},"categories":[38],"tags":[],"class_list":["post-57421","post","type-post","status-publish","format-standard","has-post-thumbnail","hentry","category-regional"],"jetpack_featured_media_url":"https:\/\/radiorevelacionfm.cl\/wp-content\/uploads\/2025\/08\/CP-INSPIRATEC-1-1.jpeg","_links":{"self":[{"href":"https:\/\/radiorevelacionfm.cl\/index.php?rest_route=\/wp\/v2\/posts\/57421","targetHints":{"allow":["GET"]}}],"collection":[{"href":"https:\/\/radiorevelacionfm.cl\/index.php?rest_route=\/wp\/v2\/posts"}],"about":[{"href":"https:\/\/radiorevelacionfm.cl\/index.php?rest_route=\/wp\/v2\/types\/post"}],"author":[{"embeddable":true,"href":"https:\/\/radiorevelacionfm.cl\/index.php?rest_route=\/wp\/v2\/users\/1"}],"replies":[{"embeddable":true,"href":"https:\/\/radiorevelacionfm.cl\/index.php?rest_route=%2Fwp%2Fv2%2Fcomments&post=57421"}],"version-history":[{"count":1,"href":"https:\/\/radiorevelacionfm.cl\/index.php?rest_route=\/wp\/v2\/posts\/57421\/revisions"}],"predecessor-version":[{"id":57423,"href":"https:\/\/radiorevelacionfm.cl\/index.php?rest_route=\/wp\/v2\/posts\/57421\/revisions\/57423"}],"wp:featuredmedia":[{"embeddable":true,"href":"https:\/\/radiorevelacionfm.cl\/index.php?rest_route=\/wp\/v2\/media\/57422"}],"wp:attachment":[{"href":"https:\/\/radiorevelacionfm.cl\/index.php?rest_route=%2Fwp%2Fv2%2Fmedia&parent=57421"}],"wp:term":[{"taxonomy":"category","embeddable":true,"href":"https:\/\/radiorevelacionfm.cl\/index.php?rest_route=%2Fwp%2Fv2%2Fcategories&post=57421"},{"taxonomy":"post_tag","embeddable":true,"href":"https:\/\/radiorevelacionfm.cl\/index.php?rest_route=%2Fwp%2Fv2%2Ftags&post=57421"}],"curies":[{"name":"wp","href":"https:\/\/api.w.org\/{rel}","templated":true}]}}