{"id":57418,"date":"2025-08-06T17:30:13","date_gmt":"2025-08-06T20:30:13","guid":{"rendered":"https:\/\/radiorevelacionfm.cl\/?p=57418"},"modified":"2025-08-06T17:30:13","modified_gmt":"2025-08-06T20:30:13","slug":"participar-nunca-fue-tan-facil-onu-chile-e-injuv-convocan-a-ciclo-de-dialogos-digitales-para-juventudes","status":"publish","type":"post","link":"https:\/\/radiorevelacionfm.cl\/?p=57418","title":{"rendered":"Participar nunca fue tan f\u00e1cil: ONU Chile e INJUV convocan a ciclo de di\u00e1logos digitales para juventudes"},"content":{"rendered":"<div class=\"flex_column av_one_full  flex_column_div av-zero-column-padding first  avia-builder-el-0  el_before_av_one_full  avia-builder-el-first  \" style='border-radius:0px; '><div  class='avia-image-container  av-styling-    avia-builder-el-1  avia-builder-el-no-sibling  avia-align-center '  itemprop=\"image\" itemscope=\"itemscope\" itemtype=\"https:\/\/schema.org\/ImageObject\"  ><div class='avia-image-container-inner'><div class='avia-image-overlay-wrap'><img decoding=\"async\" class='wp-image-57419 avia-img-lazy-loading-not-57419 avia_image' src=\"https:\/\/radiorevelacionfm.cl\/wp-content\/uploads\/2025\/08\/dialogos-digitales-onu_03-1-1_optimized-1.jpg\" alt='' title='di\u00e1logos-digitales-onu_03-(1)-(1)_optimized (1)' height=\"1000\" width=\"800\"  itemprop=\"thumbnailUrl\" srcset=\"https:\/\/radiorevelacionfm.cl\/wp-content\/uploads\/2025\/08\/dialogos-digitales-onu_03-1-1_optimized-1.jpg 800w, https:\/\/radiorevelacionfm.cl\/wp-content\/uploads\/2025\/08\/dialogos-digitales-onu_03-1-1_optimized-1-240x300.jpg 240w, https:\/\/radiorevelacionfm.cl\/wp-content\/uploads\/2025\/08\/dialogos-digitales-onu_03-1-1_optimized-1-768x960.jpg 768w, https:\/\/radiorevelacionfm.cl\/wp-content\/uploads\/2025\/08\/dialogos-digitales-onu_03-1-1_optimized-1-564x705.jpg 564w, https:\/\/radiorevelacionfm.cl\/wp-content\/uploads\/2025\/08\/dialogos-digitales-onu_03-1-1_optimized-1-450x563.jpg 450w, https:\/\/radiorevelacionfm.cl\/wp-content\/uploads\/2025\/08\/dialogos-digitales-onu_03-1-1_optimized-1-600x750.jpg 600w\" sizes=\"(max-width: 800px) 100vw, 800px\" \/><\/div><\/div><\/div><\/div><div class=\"flex_column av_one_full  flex_column_div av-zero-column-padding first  avia-builder-el-2  el_after_av_one_full  el_before_av_one_full  column-top-margin\" style='border-radius:0px; '><section class=\"av_textblock_section \"  itemscope=\"itemscope\" itemtype=\"https:\/\/schema.org\/BlogPosting\" itemprop=\"blogPost\" ><div class='avia_textblock  '   itemprop=\"text\" ><p style=\"text-align: center;\"><strong><span style=\"font-size: 18pt;\">Participar nunca fue tan f\u00e1cil: ONU Chile e INJUV convocan a ciclo de di\u00e1logos digitales para juventudes<\/span><\/strong><\/p>\n<div id=\"gtx-trans\" style=\"position: absolute; left: -50px; top: 4.31534px;\">\n<div class=\"gtx-trans-icon\"><\/div>\n<\/div>\n<\/div><\/section><\/div><div class=\"flex_column av_one_full  flex_column_div av-zero-column-padding first  avia-builder-el-4  el_after_av_one_full  el_before_av_hr  column-top-margin\" style='border-radius:0px; '><section class=\"av_textblock_section \"  itemscope=\"itemscope\" itemtype=\"https:\/\/schema.org\/BlogPosting\" itemprop=\"blogPost\" ><div class='avia_textblock  '   itemprop=\"text\" ><p style=\"text-align: justify;\"><em>ONU Chile e INJUV invitan a j\u00f3venes de todo Chile a sumarse al ciclo de di\u00e1logos digitales \u201cEl futuro que queremos las juventudes\u201d, que se realizar\u00e1 durante agosto, mes de la juventud. Los di\u00e1logos se llevar\u00e1n a cabo los d\u00edas: 14, 21 y 28 de agosto a las 18:00 horas.<\/em><\/p>\n<p style=\"text-align: justify;\">Con el objetivo de amplificar las voces y promover la participaci\u00f3n activa de las y\u00a0 los j\u00f3venes del pa\u00eds, ONU Chile, en colaboraci\u00f3n con el Instituto Nacional de la Juventud (INJUV), lanz\u00f3 el ciclo de Di\u00e1logos Digitales: \u00abEl futuro que queremos las juventudes\u00bb, una iniciativa dirigida a personas de entre 18 y 30 a\u00f1os que busca recoger sus visiones, desaf\u00edos y propuestas.<\/p>\n<p style=\"text-align: justify;\">Esta serie de eventos se basa en una innovadora manera de dialogar gracias a la utilizaci\u00f3n\u00a0 de la plataforma digital proporcionada por el Departamento de Asuntos Pol\u00edticos y Consolidaci\u00f3n de la Paz de las Naciones Unidas. Esta herramienta permite a los y las participantes sumarse al di\u00e1logo interactivo en tiempo real, a trav\u00e9s de un chat y sin necesidad de c\u00e1mara ni micr\u00f3fono, ofreciendo un espacio an\u00f3nimo, accesible para asegurar una conversaci\u00f3n inclusiva y diversa.<\/p>\n<p style=\"text-align: justify;\">Durante el encuentro, cada participante puede responder preguntas, reaccionar a ideas de otros y construir una conversaci\u00f3n colectiva que valora todas las voces por igual. Solo se necesita un dispositivo con acceso a internet para conectarse desde cualquier lugar.<\/p>\n<p style=\"text-align: justify;\"><strong>\u00bfC\u00f3mo y cu\u00e1ndo participar? <\/strong><\/p>\n<p style=\"text-align: justify;\">Para las juventudes interesadas en ser parte de esta interesante convocatoria\u00a0 en la regi\u00f3n de Ays\u00e9n, el di\u00e1logo se realizar\u00e1 online \u00a0el jueves 14 de agosto a las 18:00 horas, \u00a0para inscribirte debes revisar las redes sociales de INJUV Ays\u00e9n, Facebook e Instagram @injuvaysen, revisar las historias o el link de la bio.<\/p>\n<p style=\"text-align: justify;\"><em>\u00abDesde Ays\u00e9n queremos invitar a todas las juventudes de la regi\u00f3n a ser parte de este proceso innovador, donde sus ideas, inquietudes y propuestas no solo ser\u00e1n escuchadas, sino que tambi\u00e9n podr\u00e1n tener impacto a nivel nacional e internacional. Este ciclo de di\u00e1logos es una oportunidad \u00fanica para construir el futuro que queremos desde nuestras propias voces, con identidad territorial y con la fuerza transformadora que caracteriza a las juventudes de la Patagonia\u201d, sostuvo el director regional de INJUV Ays\u00e9n, Camilo Trivi\u00f1o Urtubia.<\/em><\/p>\n<p style=\"text-align: justify;\">\u201cQueremos escuchar a las juventudes en toda su diversidad y de todos los rincones de Chile. Este ciclo de di\u00e1logos es una nueva herramienta para conectar con sus voces, necesidades y sue\u00f1os, e incorporarlos en los procesos de planificaci\u00f3n del pa\u00eds y de Naciones Unidas\u201d, sostiene Mar\u00eda Jos\u00e9 Torres, Coordinadora Residente de Naciones Unidas en Chile.<\/p>\n<p style=\"text-align: justify;\"><strong>\u00bfC\u00f3mo impactar\u00e1n las voces de los j\u00f3venes?<\/strong><\/p>\n<p style=\"text-align: justify;\">Las respuestas de las y los j\u00f3venes recogidas durante el proceso tendr\u00e1n un espacio a nivel global a trav\u00e9s del Di\u00e1logo Global y Festival Juventud Lidera, un proceso preparatorio del 30\u00b0 Aniversario del Programa de Acci\u00f3n Mundial para los J\u00f3venes (WPAY30), que se realizar\u00e1 en el marco de la Asamblea General de la ONU 2025. As\u00ed, las visiones de las juventudes de Chile ser\u00e1n presentados a la Oficina de la Juventud de Naciones Unidas para ser incluidos en este proceso.<\/p>\n<p style=\"text-align: justify;\">Por otro lado, y a trav\u00e9s de la colaboraci\u00f3n con el INJUV, las voces de los y las participantes ser\u00e1n insumos para el dise\u00f1o y desarrollo de pol\u00edticas e iniciativas de juventudes en Chile.<\/p>\n<p style=\"text-align: justify;\">Una vez finalizada la etapa digital de di\u00e1logos, el Sistema de las Naciones Unidas, \u00a0INJUV y los distintos socios de la iniciativa a nivel regional promover\u00e1n la realizaci\u00f3n de eventos de profundizaci\u00f3n a partir de los resultados. Estos espacios con foco territorial permitir\u00e1n discutir los principales hallazgos del ciclo, y recoger visiones y propuestas complementarias.<\/p>\n<\/div><\/section><\/div><div  style='height:50px' class='hr hr-invisible   avia-builder-el-6  el_after_av_one_full  el_before_av_social_share '><span class='hr-inner ' ><span class='hr-inner-style'><\/span><\/span><\/div><\/p>\n<div  class='av-social-sharing-box  avia-builder-el-7  el_after_av_hr  el_before_av_hr  '><div class='av-share-box'><h5 class='av-share-link-description av-no-toc '>Compartir esta noticia<\/h5><ul class='av-share-box-list noLightbox'><li class='av-share-link av-social-link-facebook' ><a target=\"_blank\" aria-label=\"Compartir en Facebook\" href='https:\/\/www.facebook.com\/sharer.php?u=https:\/\/radiorevelacionfm.cl\/?p=57418&#038;t=Participar%20nunca%20fue%20tan%20f%C3%A1cil%3A%20ONU%20Chile%20e%20INJUV%20convocan%20a%20ciclo%20de%20di%C3%A1logos%20digitales%20para%20juventudes' aria-hidden='false' data-av_icon='\ue8f3' data-av_iconfont='entypo-fontello' title='' data-avia-related-tooltip='Compartir en Facebook' rel=\"noopener\"><span class='avia_hidden_link_text'>Compartir en Facebook<\/span><\/a><\/li><li class='av-share-link av-social-link-twitter' ><a target=\"_blank\" aria-label=\"Compartir en Twitter\" href='https:\/\/twitter.com\/share?text=Participar%20nunca%20fue%20tan%20f%C3%A1cil%3A%20ONU%20Chile%20e%20INJUV%20convocan%20a%20ciclo%20de%20di%C3%A1logos%20digitales%20para%20juventudes&#038;url=https:\/\/radiorevelacionfm.cl\/?p=57418' aria-hidden='false' data-av_icon='\ue8f1' data-av_iconfont='entypo-fontello' title='' data-avia-related-tooltip='Compartir en Twitter' rel=\"noopener\"><span class='avia_hidden_link_text'>Compartir en Twitter<\/span><\/a><\/li><li class='av-share-link av-social-link-whatsapp' ><a target=\"_blank\" aria-label=\"Compartir en Whatsapp\" href='https:\/\/api.whatsapp.com\/send?text=https:\/\/radiorevelacionfm.cl\/?p=57418' aria-hidden='false' data-av_icon='\uf232' data-av_iconfont='entypo-fontello' title='' data-avia-related-tooltip='Compartir en Whatsapp' rel=\"noopener\"><span class='avia_hidden_link_text'>Compartir en Whatsapp<\/span><\/a><\/li><li class='av-share-link av-social-link-linkedin' ><a target=\"_blank\" aria-label=\"Compartir en LinkedIn\" href='https:\/\/linkedin.com\/shareArticle?mini=true&#038;title=Participar%20nunca%20fue%20tan%20f%C3%A1cil%3A%20ONU%20Chile%20e%20INJUV%20convocan%20a%20ciclo%20de%20di%C3%A1logos%20digitales%20para%20juventudes&#038;url=https:\/\/radiorevelacionfm.cl\/?p=57418' aria-hidden='false' data-av_icon='\ue8fc' data-av_iconfont='entypo-fontello' title='' data-avia-related-tooltip='Compartir en LinkedIn' rel=\"noopener\"><span class='avia_hidden_link_text'>Compartir en LinkedIn<\/span><\/a><\/li><li class='av-share-link av-social-link-mail' ><a  aria-label=\"Compartir por correo\" href='mailto:?subject=Participar%20nunca%20fue%20tan%20f%C3%A1cil%3A%20ONU%20Chile%20e%20INJUV%20convocan%20a%20ciclo%20de%20di%C3%A1logos%20digitales%20para%20juventudes&#038;body=https:\/\/radiorevelacionfm.cl\/?p=57418' aria-hidden='false' data-av_icon='\ue805' data-av_iconfont='entypo-fontello' title='' data-avia-related-tooltip='Compartir por correo'><span class='avia_hidden_link_text'>Compartir por correo<\/span><\/a><\/li><\/ul><\/div><\/div>\n<div  style='height:50px' class='hr hr-invisible   avia-builder-el-8  el_after_av_social_share  el_before_av_comments_list '><span class='hr-inner ' ><span class='hr-inner-style'><\/span><\/span><\/div>\n<div  class='av-buildercomment  av-blog-meta-html-info-disabled av-blog-meta-tag-disabled  '><\/div>\n","protected":false},"excerpt":{"rendered":"","protected":false},"author":1,"featured_media":57419,"comment_status":"closed","ping_status":"closed","sticky":false,"template":"","format":"standard","meta":{"footnotes":""},"categories":[38],"tags":[],"class_list":["post-57418","post","type-post","status-publish","format-standard","has-post-thumbnail","hentry","category-regional"],"jetpack_featured_media_url":"https:\/\/radiorevelacionfm.cl\/wp-content\/uploads\/2025\/08\/dialogos-digitales-onu_03-1-1_optimized-1.jpg","_links":{"self":[{"href":"https:\/\/radiorevelacionfm.cl\/index.php?rest_route=\/wp\/v2\/posts\/57418","targetHints":{"allow":["GET"]}}],"collection":[{"href":"https:\/\/radiorevelacionfm.cl\/index.php?rest_route=\/wp\/v2\/posts"}],"about":[{"href":"https:\/\/radiorevelacionfm.cl\/index.php?rest_route=\/wp\/v2\/types\/post"}],"author":[{"embeddable":true,"href":"https:\/\/radiorevelacionfm.cl\/index.php?rest_route=\/wp\/v2\/users\/1"}],"replies":[{"embeddable":true,"href":"https:\/\/radiorevelacionfm.cl\/index.php?rest_route=%2Fwp%2Fv2%2Fcomments&post=57418"}],"version-history":[{"count":2,"href":"https:\/\/radiorevelacionfm.cl\/index.php?rest_route=\/wp\/v2\/posts\/57418\/revisions"}],"predecessor-version":[{"id":57428,"href":"https:\/\/radiorevelacionfm.cl\/index.php?rest_route=\/wp\/v2\/posts\/57418\/revisions\/57428"}],"wp:featuredmedia":[{"embeddable":true,"href":"https:\/\/radiorevelacionfm.cl\/index.php?rest_route=\/wp\/v2\/media\/57419"}],"wp:attachment":[{"href":"https:\/\/radiorevelacionfm.cl\/index.php?rest_route=%2Fwp%2Fv2%2Fmedia&parent=57418"}],"wp:term":[{"taxonomy":"category","embeddable":true,"href":"https:\/\/radiorevelacionfm.cl\/index.php?rest_route=%2Fwp%2Fv2%2Fcategories&post=57418"},{"taxonomy":"post_tag","embeddable":true,"href":"https:\/\/radiorevelacionfm.cl\/index.php?rest_route=%2Fwp%2Fv2%2Ftags&post=57418"}],"curies":[{"name":"wp","href":"https:\/\/api.w.org\/{rel}","templated":true}]}}