{"id":57413,"date":"2025-08-06T14:57:48","date_gmt":"2025-08-06T17:57:48","guid":{"rendered":"https:\/\/radiorevelacionfm.cl\/?p=57413"},"modified":"2025-08-06T14:57:48","modified_gmt":"2025-08-06T17:57:48","slug":"servicios-publicos-de-aysen-comparten-experiencias-en-taller-para-elaboracion-de-guia-nacional-de-zonificaciones-costeras-regionales","status":"publish","type":"post","link":"https:\/\/radiorevelacionfm.cl\/?p=57413","title":{"rendered":"Servicios p\u00fablicos de Ays\u00e9n comparten experiencias en taller para elaboraci\u00f3n de gu\u00eda nacional de zonificaciones costeras regionales"},"content":{"rendered":"<div class=\"flex_column av_one_full  flex_column_div av-zero-column-padding first  avia-builder-el-0  el_before_av_one_full  avia-builder-el-first  \" style='border-radius:0px; '><div  class='avia-image-container  av-styling-    avia-builder-el-1  avia-builder-el-no-sibling  avia-align-center '  itemprop=\"image\" itemscope=\"itemscope\" itemtype=\"https:\/\/schema.org\/ImageObject\"  ><div class='avia-image-container-inner'><div class='avia-image-overlay-wrap'><img decoding=\"async\" class='wp-image-57415 avia-img-lazy-loading-not-57415 avia_image' src=\"https:\/\/radiorevelacionfm.cl\/wp-content\/uploads\/2025\/08\/1-2025-08-06T145326.690-1-1.jpeg\" alt='' title='1 - 2025-08-06T145326.690 (1) (1)' height=\"600\" width=\"800\"  itemprop=\"thumbnailUrl\" srcset=\"https:\/\/radiorevelacionfm.cl\/wp-content\/uploads\/2025\/08\/1-2025-08-06T145326.690-1-1.jpeg 800w, https:\/\/radiorevelacionfm.cl\/wp-content\/uploads\/2025\/08\/1-2025-08-06T145326.690-1-1-300x225.jpeg 300w, https:\/\/radiorevelacionfm.cl\/wp-content\/uploads\/2025\/08\/1-2025-08-06T145326.690-1-1-768x576.jpeg 768w, https:\/\/radiorevelacionfm.cl\/wp-content\/uploads\/2025\/08\/1-2025-08-06T145326.690-1-1-705x529.jpeg 705w, https:\/\/radiorevelacionfm.cl\/wp-content\/uploads\/2025\/08\/1-2025-08-06T145326.690-1-1-450x338.jpeg 450w, https:\/\/radiorevelacionfm.cl\/wp-content\/uploads\/2025\/08\/1-2025-08-06T145326.690-1-1-600x450.jpeg 600w\" sizes=\"(max-width: 800px) 100vw, 800px\" \/><\/div><\/div><\/div><\/div><div class=\"flex_column av_one_full  flex_column_div av-zero-column-padding first  avia-builder-el-2  el_after_av_one_full  el_before_av_one_full  column-top-margin\" style='border-radius:0px; '><section class=\"av_textblock_section \"  itemscope=\"itemscope\" itemtype=\"https:\/\/schema.org\/BlogPosting\" itemprop=\"blogPost\" ><div class='avia_textblock  '   itemprop=\"text\" ><p style=\"text-align: center;\"><strong><span style=\"font-size: 18pt;\">Servicios p\u00fablicos de Ays\u00e9n comparten experiencias en taller para elaboraci\u00f3n de gu\u00eda nacional de zonificaciones costeras regionales<\/span><\/strong><\/p>\n<div id=\"gtx-trans\" style=\"position: absolute; left: -50px; top: 4.31534px;\">\n<div class=\"gtx-trans-icon\"><\/div>\n<\/div>\n<\/div><\/section><\/div><div class=\"flex_column av_one_full  flex_column_div av-zero-column-padding first  avia-builder-el-4  el_after_av_one_full  el_before_av_hr  column-top-margin\" style='border-radius:0px; '><section class=\"av_textblock_section \"  itemscope=\"itemscope\" itemtype=\"https:\/\/schema.org\/BlogPosting\" itemprop=\"blogPost\" ><div class='avia_textblock  '   itemprop=\"text\" ><p style=\"text-align: justify;\"><em>La actividad permiti\u00f3 levantar aprendizajes y buenas pr\u00e1cticas que nutrir\u00e1n la futura Gu\u00eda Nacional de Zonificaci\u00f3n Costera, un documento indicativo que busca fortalecer el rol de los gobiernos regionales en esta materia.<\/em><\/p>\n<p style=\"text-align: justify;\">En dependencias del Gobierno Regional se realiz\u00f3 un taller que recopil\u00f3 y analiz\u00f3 experiencias de servicios p\u00fablicos con competencias en ordenamiento territorial, medio ambiente, pesca y defensa, vinculadas a procesos de zonificaci\u00f3n costera en la regi\u00f3n de Ays\u00e9n.<\/p>\n<p style=\"text-align: justify;\">El encuentro se enmarca en la elaboraci\u00f3n de la Gu\u00eda Nacional de Zonificaci\u00f3n Costera, instrumento que orientar\u00e1 los procesos futuros de zonificaci\u00f3n liderados por los gobiernos regionales. Dada la trayectoria de Ays\u00e9n en planificaci\u00f3n del litoral, este taller con actores p\u00fablicos permiti\u00f3 sistematizar aprendizajes y recoger buenas pr\u00e1cticas que ser\u00e1n utilizadas como insumos para la gu\u00eda.<\/p>\n<p style=\"text-align: justify;\">El documento incorpora de manera did\u00e1ctica la Evaluaci\u00f3n Ambiental Estrat\u00e9gica y promueve una mirada multisectorial, con el objetivo de generar consensos amplios que otorguen mayor certeza a los territorios costeros. Asimismo, busca integrar enfoques internacionales como la Planificaci\u00f3n Espacial Marina, de forma pr\u00e1ctica y alineada con el marco normativo vigente.<\/p>\n<p style=\"text-align: justify;\">Este trabajo es liderado por la Subsecretar\u00eda para las Fuerzas Armadas (SSFFAA), la Subsecretar\u00eda de Desarrollo Regional y Administrativo (SUBDERE) y el Ministerio del Medio Ambiente (MMA), con el apoyo t\u00e9cnico del Proyecto GEF Gobernanza Marino Costera, implementado por la Organizaci\u00f3n de las Naciones Unidas para la Alimentaci\u00f3n y la Agricultura (FAO).<\/p>\n<p style=\"text-align: justify;\">El seremi del Medio Ambiente de Ays\u00e9n, Yoal D\u00edaz, se\u00f1al\u00f3 \u201cEl trabajo que estamos realizando desde el MMA para avanzar en instrumentos de planificaci\u00f3n costera nos llena de orgullo. Estamos muy contentos de que este proceso sea participativo, lo que demuestra que descentralizar implica actuar y trabajar desde el Gobierno Regional en su implementaci\u00f3n\u201d.<\/p>\n<p style=\"text-align: justify;\">Por su parte el jefe de la Divisi\u00f3n de Planificaci\u00f3n y Desarrollo Regional (DIPLADER) del Gobierno Regional de Ays\u00e9n, Omar Mu\u00f1oz, quien lider\u00f3 la jornada, expres\u00f3: \u201cComo Gobierno Regional nos interesa especialmente el avance de la actualizaci\u00f3n de la Pol\u00edtica Nacional Costera, considerando que somos una de las regiones con mayor extensi\u00f3n de borde costero. Por eso, vemos en el desarrollo del litoral una oportunidad estrat\u00e9gica, y avanzar hacia un ordenamiento territorial arm\u00f3nico y sostenible es clave para el bienestar regional\u201d.<\/p>\n<p style=\"text-align: justify;\">As\u00ed tambi\u00e9n la directora regional del Servicio Nacional de Pesca y Acuicultura (SERNAPESCA) Ays\u00e9n, Daniela Leiva Arancibia, destac\u00f3 que la actividad \u201cest\u00e1 en sinton\u00eda con el desarrollo productivo regional, donde la pesca y la acuicultura tienen un rol clave. Adem\u00e1s, se alinea con la misi\u00f3n institucional de contribuir a la sustentabilidad de los recursos y a la protecci\u00f3n del medio ambiente, desde un enfoque precautorio y ecosist\u00e9mico\u201d, reafirmando el compromiso del servicio con la elaboraci\u00f3n de la Gu\u00eda de Zonificaci\u00f3n del Borde Costero.<\/p>\n<p style=\"text-align: justify;\">El director zonal de la Subsecretaria de Pesca y Acuicultura (SUBPESCA) de Ays\u00e9n, Blas Quiroga, afirm\u00f3 que \u201cla articulaci\u00f3n de los organismos p\u00fablicos en temas sobre zonificaci\u00f3n de borde costero es sumamente \u00fatil para los fines que buscamos como representantes del sector p\u00fablico, que articulan con los actores del litoral, en este caso con la pesca artesanal con la pesca industrial y la actividad de la salmonicultura\u201d.<\/p>\n<p style=\"text-align: justify;\">Mientras que el jefe de la unidad regional de SUBDERE en Ays\u00e9n, Rodolfo Elgueta, subray\u00f3 que \u201cel trabajo coordinado entre instituciones y actores permite construir herramientas orientadas a mejorar el ordenamiento territorial, especialmente en el borde costero, donde la participaci\u00f3n de las comunidades es fundamental. Es importante que la ciudadan\u00eda sepa que las instituciones est\u00e1n comprometidas con impulsar estas planificaciones necesarias para fortalecer polos de desarrollo en el territorio\u201d, concluy\u00f3 la autoridad regional.<\/p>\n<\/div><\/section><\/div><div  style='height:50px' class='hr hr-invisible   avia-builder-el-6  el_after_av_one_full  el_before_av_social_share '><span class='hr-inner ' ><span class='hr-inner-style'><\/span><\/span><\/div><\/p>\n<div  class='av-social-sharing-box  avia-builder-el-7  el_after_av_hr  el_before_av_hr  '><div class='av-share-box'><h5 class='av-share-link-description av-no-toc '>Compartir esta noticia<\/h5><ul class='av-share-box-list noLightbox'><li class='av-share-link av-social-link-facebook' ><a target=\"_blank\" aria-label=\"Compartir en Facebook\" href='https:\/\/www.facebook.com\/sharer.php?u=https:\/\/radiorevelacionfm.cl\/?p=57413&#038;t=Servicios%20p%C3%BAblicos%20de%20Ays%C3%A9n%20comparten%20experiencias%20en%20taller%20para%20elaboraci%C3%B3n%20de%20gu%C3%ADa%20nacional%20de%20zonificaciones%20costeras%20regionales' aria-hidden='false' data-av_icon='\ue8f3' data-av_iconfont='entypo-fontello' title='' data-avia-related-tooltip='Compartir en Facebook' rel=\"noopener\"><span class='avia_hidden_link_text'>Compartir en Facebook<\/span><\/a><\/li><li class='av-share-link av-social-link-twitter' ><a target=\"_blank\" aria-label=\"Compartir en Twitter\" href='https:\/\/twitter.com\/share?text=Servicios%20p%C3%BAblicos%20de%20Ays%C3%A9n%20comparten%20experiencias%20en%20taller%20para%20elaboraci%C3%B3n%20de%20gu%C3%ADa%20nacional%20de%20zonificaciones%20costeras%20regionales&#038;url=https:\/\/radiorevelacionfm.cl\/?p=57413' aria-hidden='false' data-av_icon='\ue8f1' data-av_iconfont='entypo-fontello' title='' data-avia-related-tooltip='Compartir en Twitter' rel=\"noopener\"><span class='avia_hidden_link_text'>Compartir en Twitter<\/span><\/a><\/li><li class='av-share-link av-social-link-whatsapp' ><a target=\"_blank\" aria-label=\"Compartir en Whatsapp\" href='https:\/\/api.whatsapp.com\/send?text=https:\/\/radiorevelacionfm.cl\/?p=57413' aria-hidden='false' data-av_icon='\uf232' data-av_iconfont='entypo-fontello' title='' data-avia-related-tooltip='Compartir en Whatsapp' rel=\"noopener\"><span class='avia_hidden_link_text'>Compartir en Whatsapp<\/span><\/a><\/li><li class='av-share-link av-social-link-linkedin' ><a target=\"_blank\" aria-label=\"Compartir en LinkedIn\" href='https:\/\/linkedin.com\/shareArticle?mini=true&#038;title=Servicios%20p%C3%BAblicos%20de%20Ays%C3%A9n%20comparten%20experiencias%20en%20taller%20para%20elaboraci%C3%B3n%20de%20gu%C3%ADa%20nacional%20de%20zonificaciones%20costeras%20regionales&#038;url=https:\/\/radiorevelacionfm.cl\/?p=57413' aria-hidden='false' data-av_icon='\ue8fc' data-av_iconfont='entypo-fontello' title='' data-avia-related-tooltip='Compartir en LinkedIn' rel=\"noopener\"><span class='avia_hidden_link_text'>Compartir en LinkedIn<\/span><\/a><\/li><li class='av-share-link av-social-link-mail' ><a  aria-label=\"Compartir por correo\" href='mailto:?subject=Servicios%20p%C3%BAblicos%20de%20Ays%C3%A9n%20comparten%20experiencias%20en%20taller%20para%20elaboraci%C3%B3n%20de%20gu%C3%ADa%20nacional%20de%20zonificaciones%20costeras%20regionales&#038;body=https:\/\/radiorevelacionfm.cl\/?p=57413' aria-hidden='false' data-av_icon='\ue805' data-av_iconfont='entypo-fontello' title='' data-avia-related-tooltip='Compartir por correo'><span class='avia_hidden_link_text'>Compartir por correo<\/span><\/a><\/li><\/ul><\/div><\/div>\n<div  style='height:50px' class='hr hr-invisible   avia-builder-el-8  el_after_av_social_share  el_before_av_comments_list '><span class='hr-inner ' ><span class='hr-inner-style'><\/span><\/span><\/div>\n<div  class='av-buildercomment  av-blog-meta-html-info-disabled av-blog-meta-tag-disabled  '><\/div>\n","protected":false},"excerpt":{"rendered":"","protected":false},"author":1,"featured_media":57415,"comment_status":"closed","ping_status":"closed","sticky":false,"template":"","format":"standard","meta":{"footnotes":""},"categories":[38],"tags":[],"class_list":["post-57413","post","type-post","status-publish","format-standard","has-post-thumbnail","hentry","category-regional"],"jetpack_featured_media_url":"https:\/\/radiorevelacionfm.cl\/wp-content\/uploads\/2025\/08\/1-2025-08-06T145326.690-1-1.jpeg","_links":{"self":[{"href":"https:\/\/radiorevelacionfm.cl\/index.php?rest_route=\/wp\/v2\/posts\/57413","targetHints":{"allow":["GET"]}}],"collection":[{"href":"https:\/\/radiorevelacionfm.cl\/index.php?rest_route=\/wp\/v2\/posts"}],"about":[{"href":"https:\/\/radiorevelacionfm.cl\/index.php?rest_route=\/wp\/v2\/types\/post"}],"author":[{"embeddable":true,"href":"https:\/\/radiorevelacionfm.cl\/index.php?rest_route=\/wp\/v2\/users\/1"}],"replies":[{"embeddable":true,"href":"https:\/\/radiorevelacionfm.cl\/index.php?rest_route=%2Fwp%2Fv2%2Fcomments&post=57413"}],"version-history":[{"count":2,"href":"https:\/\/radiorevelacionfm.cl\/index.php?rest_route=\/wp\/v2\/posts\/57413\/revisions"}],"predecessor-version":[{"id":57417,"href":"https:\/\/radiorevelacionfm.cl\/index.php?rest_route=\/wp\/v2\/posts\/57413\/revisions\/57417"}],"wp:featuredmedia":[{"embeddable":true,"href":"https:\/\/radiorevelacionfm.cl\/index.php?rest_route=\/wp\/v2\/media\/57415"}],"wp:attachment":[{"href":"https:\/\/radiorevelacionfm.cl\/index.php?rest_route=%2Fwp%2Fv2%2Fmedia&parent=57413"}],"wp:term":[{"taxonomy":"category","embeddable":true,"href":"https:\/\/radiorevelacionfm.cl\/index.php?rest_route=%2Fwp%2Fv2%2Fcategories&post=57413"},{"taxonomy":"post_tag","embeddable":true,"href":"https:\/\/radiorevelacionfm.cl\/index.php?rest_route=%2Fwp%2Fv2%2Ftags&post=57413"}],"curies":[{"name":"wp","href":"https:\/\/api.w.org\/{rel}","templated":true}]}}