{"id":57402,"date":"2025-08-05T19:47:24","date_gmt":"2025-08-05T22:47:24","guid":{"rendered":"https:\/\/radiorevelacionfm.cl\/?p=57402"},"modified":"2025-08-05T19:47:24","modified_gmt":"2025-08-05T22:47:24","slug":"coyhaique-pdi-detiene-a-imputado-investigado-por-dos-homicidios-frustrados-con-arma-cortante-y-trafico-en-pequenas-cantidades","status":"publish","type":"post","link":"https:\/\/radiorevelacionfm.cl\/?p=57402","title":{"rendered":"Coyhaique: PDI detiene a imputado investigado por dos homicidios frustrados con arma cortante y tr\u00e1fico en peque\u00f1as cantidades"},"content":{"rendered":"<div class=\"flex_column av_one_full  flex_column_div av-zero-column-padding first  avia-builder-el-0  el_before_av_one_full  avia-builder-el-first  \" style='border-radius:0px; '><div  class='avia-image-container  av-styling-    avia-builder-el-1  avia-builder-el-no-sibling  avia-align-center '  itemprop=\"image\" itemscope=\"itemscope\" itemtype=\"https:\/\/schema.org\/ImageObject\"  ><div class='avia-image-container-inner'><div class='avia-image-overlay-wrap'><img decoding=\"async\" class='wp-image-57403 avia-img-lazy-loading-not-57403 avia_image' src=\"https:\/\/radiorevelacionfm.cl\/wp-content\/uploads\/2025\/08\/PDI-05.08.25-1.jpg\" alt='' title='PDI 05.08.25 (1)' height=\"600\" width=\"994\"  itemprop=\"thumbnailUrl\" srcset=\"https:\/\/radiorevelacionfm.cl\/wp-content\/uploads\/2025\/08\/PDI-05.08.25-1.jpg 994w, https:\/\/radiorevelacionfm.cl\/wp-content\/uploads\/2025\/08\/PDI-05.08.25-1-300x181.jpg 300w, https:\/\/radiorevelacionfm.cl\/wp-content\/uploads\/2025\/08\/PDI-05.08.25-1-768x464.jpg 768w, https:\/\/radiorevelacionfm.cl\/wp-content\/uploads\/2025\/08\/PDI-05.08.25-1-705x426.jpg 705w, https:\/\/radiorevelacionfm.cl\/wp-content\/uploads\/2025\/08\/PDI-05.08.25-1-450x272.jpg 450w, https:\/\/radiorevelacionfm.cl\/wp-content\/uploads\/2025\/08\/PDI-05.08.25-1-600x362.jpg 600w\" sizes=\"(max-width: 994px) 100vw, 994px\" \/><\/div><\/div><\/div><\/div><div class=\"flex_column av_one_full  flex_column_div av-zero-column-padding first  avia-builder-el-2  el_after_av_one_full  el_before_av_one_full  column-top-margin\" style='border-radius:0px; '><section class=\"av_textblock_section \"  itemscope=\"itemscope\" itemtype=\"https:\/\/schema.org\/BlogPosting\" itemprop=\"blogPost\" ><div class='avia_textblock  '   itemprop=\"text\" ><p style=\"text-align: center;\"><strong><span style=\"font-size: 18pt;\">Coyhaique: PDI detiene a imputado investigado por dos homicidios frustrados con arma cortante y tr\u00e1fico en peque\u00f1as cantidades<\/span><\/strong><\/p>\n<div id=\"gtx-trans\" style=\"position: absolute; left: -50px; top: 4.31534px;\">\n<div class=\"gtx-trans-icon\"><\/div>\n<\/div>\n<\/div><\/section><\/div><div class=\"flex_column av_one_full  flex_column_div av-zero-column-padding first  avia-builder-el-4  el_after_av_one_full  el_before_av_hr  column-top-margin\" style='border-radius:0px; '><section class=\"av_textblock_section \"  itemscope=\"itemscope\" itemtype=\"https:\/\/schema.org\/BlogPosting\" itemprop=\"blogPost\" ><div class='avia_textblock  '   itemprop=\"text\" ><p style=\"text-align: justify;\">Detectives de la Brigada de Homicidios (BH) Coyhaique, en un trabajo coordinado con la Fiscal\u00eda Local de Coyhaique, durante la tarde del lunes 4 de agosto, detuvieron a un imputado investigado por dos delitos de homicidio frustrado con arma cortante, hechos ocurridos en enero y agosto del presente a\u00f1o.<\/p>\n<p style=\"text-align: justify;\">De acuerdo a lo informado por el comisario \u00cdtalo Todaka Rodr\u00edguez, jefe de la brigada especializada, \u201cel primer hecho ocurre el 1 de enero del 2025, afuera de una botiller\u00eda, luego el imputado, sabiendo que estaba siendo buscado por la polic\u00eda, huye de la ciudad, y luego a partir de un hecho ocurrido recientemente, el 2 de agosto, nos damos cuenta que vuelve a participar este mismo sujeto, activ\u00e1ndose r\u00e1pidamente su b\u00fasqueda, siendo detenido el d\u00eda de ayer en horas de la tarde frente al domicilio de sus padres\u201d.<\/p>\n<p style=\"text-align: justify;\">Se trata de un hombre de 24 a\u00f1os, oriundo de Coyhaique, que mantiene al menos dos \u00f3rdenes de detenci\u00f3n, una por el homicidio frustrado del hecho ocurrido en enero de este a\u00f1o, y otra, por el delito de tr\u00e1fico en peque\u00f1as cantidades, inform\u00f3 el oficial policial.<\/p>\n<p style=\"text-align: justify;\">El comisario Todaka se\u00f1al\u00f3 que, \u201cseg\u00fan lo que se ha establecido hasta el momento, el evento violento est\u00e1 asociado a un cobro de dinero producto de posibles ventas de drogas, frente a los cuales las v\u00edctimas le habr\u00edan quedado debiendo dinero por el negocio\u201d, lo que se mantiene en investigaci\u00f3n por parte de la PDI.<\/p>\n<p style=\"text-align: justify;\">Para dar con su paradero y lograr su detenci\u00f3n, r\u00e1pidamente \u201cse activaron todos los protocolos y diligencias para lograr su ubicaci\u00f3n, la cual se concreta el d\u00eda de ayer luego de varios seguimientos y puntos fijos\u201d, agreg\u00f3 el jefe de la BH Coyhaique.<\/p>\n<p style=\"text-align: justify;\">El imputado, pas\u00f3 a control de detenci\u00f3n durante la ma\u00f1ana de este martes 5 de agosto, instancia donde fue formalizado por el Ministerio P\u00fablico, quedando en prisi\u00f3n preventiva por 90 d\u00edas mientras contin\u00faa la investigaci\u00f3n.<\/p>\n<\/div><\/section><\/div><div  style='height:50px' class='hr hr-invisible   avia-builder-el-6  el_after_av_one_full  el_before_av_social_share '><span class='hr-inner ' ><span class='hr-inner-style'><\/span><\/span><\/div><\/p>\n<div  class='av-social-sharing-box  avia-builder-el-7  el_after_av_hr  el_before_av_hr  '><div class='av-share-box'><h5 class='av-share-link-description av-no-toc '>Compartir esta noticia<\/h5><ul class='av-share-box-list noLightbox'><li class='av-share-link av-social-link-facebook' ><a target=\"_blank\" aria-label=\"Compartir en Facebook\" href='https:\/\/www.facebook.com\/sharer.php?u=https:\/\/radiorevelacionfm.cl\/?p=57402&#038;t=Coyhaique%3A%20PDI%20detiene%20a%20imputado%20investigado%20por%20dos%20homicidios%20frustrados%20con%20arma%20cortante%20y%20tr%C3%A1fico%20en%20peque%C3%B1as%20cantidades' aria-hidden='false' data-av_icon='\ue8f3' data-av_iconfont='entypo-fontello' title='' data-avia-related-tooltip='Compartir en Facebook' rel=\"noopener\"><span class='avia_hidden_link_text'>Compartir en Facebook<\/span><\/a><\/li><li class='av-share-link av-social-link-twitter' ><a target=\"_blank\" aria-label=\"Compartir en Twitter\" href='https:\/\/twitter.com\/share?text=Coyhaique%3A%20PDI%20detiene%20a%20imputado%20investigado%20por%20dos%20homicidios%20frustrados%20con%20arma%20cortante%20y%20tr%C3%A1fico%20en%20peque%C3%B1as%20cantidades&#038;url=https:\/\/radiorevelacionfm.cl\/?p=57402' aria-hidden='false' data-av_icon='\ue8f1' data-av_iconfont='entypo-fontello' title='' data-avia-related-tooltip='Compartir en Twitter' rel=\"noopener\"><span class='avia_hidden_link_text'>Compartir en Twitter<\/span><\/a><\/li><li class='av-share-link av-social-link-whatsapp' ><a target=\"_blank\" aria-label=\"Compartir en Whatsapp\" href='https:\/\/api.whatsapp.com\/send?text=https:\/\/radiorevelacionfm.cl\/?p=57402' aria-hidden='false' data-av_icon='\uf232' data-av_iconfont='entypo-fontello' title='' data-avia-related-tooltip='Compartir en Whatsapp' rel=\"noopener\"><span class='avia_hidden_link_text'>Compartir en Whatsapp<\/span><\/a><\/li><li class='av-share-link av-social-link-linkedin' ><a target=\"_blank\" aria-label=\"Compartir en LinkedIn\" href='https:\/\/linkedin.com\/shareArticle?mini=true&#038;title=Coyhaique%3A%20PDI%20detiene%20a%20imputado%20investigado%20por%20dos%20homicidios%20frustrados%20con%20arma%20cortante%20y%20tr%C3%A1fico%20en%20peque%C3%B1as%20cantidades&#038;url=https:\/\/radiorevelacionfm.cl\/?p=57402' aria-hidden='false' data-av_icon='\ue8fc' data-av_iconfont='entypo-fontello' title='' data-avia-related-tooltip='Compartir en LinkedIn' rel=\"noopener\"><span class='avia_hidden_link_text'>Compartir en LinkedIn<\/span><\/a><\/li><li class='av-share-link av-social-link-mail' ><a  aria-label=\"Compartir por correo\" href='mailto:?subject=Coyhaique%3A%20PDI%20detiene%20a%20imputado%20investigado%20por%20dos%20homicidios%20frustrados%20con%20arma%20cortante%20y%20tr%C3%A1fico%20en%20peque%C3%B1as%20cantidades&#038;body=https:\/\/radiorevelacionfm.cl\/?p=57402' aria-hidden='false' data-av_icon='\ue805' data-av_iconfont='entypo-fontello' title='' data-avia-related-tooltip='Compartir por correo'><span class='avia_hidden_link_text'>Compartir por correo<\/span><\/a><\/li><\/ul><\/div><\/div>\n<div  style='height:50px' class='hr hr-invisible   avia-builder-el-8  el_after_av_social_share  el_before_av_comments_list '><span class='hr-inner ' ><span class='hr-inner-style'><\/span><\/span><\/div>\n<div  class='av-buildercomment  av-blog-meta-html-info-disabled av-blog-meta-tag-disabled  '><\/div>\n","protected":false},"excerpt":{"rendered":"","protected":false},"author":1,"featured_media":57403,"comment_status":"closed","ping_status":"closed","sticky":false,"template":"","format":"standard","meta":{"footnotes":""},"categories":[36],"tags":[],"class_list":["post-57402","post","type-post","status-publish","format-standard","has-post-thumbnail","hentry","category-policial"],"jetpack_featured_media_url":"https:\/\/radiorevelacionfm.cl\/wp-content\/uploads\/2025\/08\/PDI-05.08.25-1.jpg","_links":{"self":[{"href":"https:\/\/radiorevelacionfm.cl\/index.php?rest_route=\/wp\/v2\/posts\/57402","targetHints":{"allow":["GET"]}}],"collection":[{"href":"https:\/\/radiorevelacionfm.cl\/index.php?rest_route=\/wp\/v2\/posts"}],"about":[{"href":"https:\/\/radiorevelacionfm.cl\/index.php?rest_route=\/wp\/v2\/types\/post"}],"author":[{"embeddable":true,"href":"https:\/\/radiorevelacionfm.cl\/index.php?rest_route=\/wp\/v2\/users\/1"}],"replies":[{"embeddable":true,"href":"https:\/\/radiorevelacionfm.cl\/index.php?rest_route=%2Fwp%2Fv2%2Fcomments&post=57402"}],"version-history":[{"count":2,"href":"https:\/\/radiorevelacionfm.cl\/index.php?rest_route=\/wp\/v2\/posts\/57402\/revisions"}],"predecessor-version":[{"id":57405,"href":"https:\/\/radiorevelacionfm.cl\/index.php?rest_route=\/wp\/v2\/posts\/57402\/revisions\/57405"}],"wp:featuredmedia":[{"embeddable":true,"href":"https:\/\/radiorevelacionfm.cl\/index.php?rest_route=\/wp\/v2\/media\/57403"}],"wp:attachment":[{"href":"https:\/\/radiorevelacionfm.cl\/index.php?rest_route=%2Fwp%2Fv2%2Fmedia&parent=57402"}],"wp:term":[{"taxonomy":"category","embeddable":true,"href":"https:\/\/radiorevelacionfm.cl\/index.php?rest_route=%2Fwp%2Fv2%2Fcategories&post=57402"},{"taxonomy":"post_tag","embeddable":true,"href":"https:\/\/radiorevelacionfm.cl\/index.php?rest_route=%2Fwp%2Fv2%2Ftags&post=57402"}],"curies":[{"name":"wp","href":"https:\/\/api.w.org\/{rel}","templated":true}]}}