{"id":57398,"date":"2025-08-06T10:53:26","date_gmt":"2025-08-06T13:53:26","guid":{"rendered":"https:\/\/radiorevelacionfm.cl\/?p=57398"},"modified":"2025-08-06T10:53:26","modified_gmt":"2025-08-06T13:53:26","slug":"diputada-raphael-exigio-en-comision-de-educacion-respuestas-ante-la-paralizacion-del-proyecto-escuela-espana","status":"publish","type":"post","link":"https:\/\/radiorevelacionfm.cl\/?p=57398","title":{"rendered":"Diputada Raphael exigi\u00f3 en Comisi\u00f3n de Educaci\u00f3n respuestas ante la paralizaci\u00f3n del proyecto Escuela Espa\u00f1a"},"content":{"rendered":"<div class=\"flex_column av_one_full  flex_column_div av-zero-column-padding first  avia-builder-el-0  el_before_av_one_full  avia-builder-el-first  \" style='border-radius:0px; '><div  class='avia-image-container  av-styling-    avia-builder-el-1  avia-builder-el-no-sibling  avia-align-center '  itemprop=\"image\" itemscope=\"itemscope\" itemtype=\"https:\/\/schema.org\/ImageObject\"  ><div class='avia-image-container-inner'><div class='avia-image-overlay-wrap'><img decoding=\"async\" class='wp-image-57399 avia-img-lazy-loading-not-57399 avia_image' src=\"https:\/\/radiorevelacionfm.cl\/wp-content\/uploads\/2025\/08\/archivo_inauguracionescespana-1_optimized.jpeg\" alt='' title='archivo_inauguraci\u00f3nescespa\u00f1a-(1)_optimized' height=\"600\" width=\"891\"  itemprop=\"thumbnailUrl\" srcset=\"https:\/\/radiorevelacionfm.cl\/wp-content\/uploads\/2025\/08\/archivo_inauguracionescespana-1_optimized.jpeg 891w, https:\/\/radiorevelacionfm.cl\/wp-content\/uploads\/2025\/08\/archivo_inauguracionescespana-1_optimized-300x202.jpeg 300w, https:\/\/radiorevelacionfm.cl\/wp-content\/uploads\/2025\/08\/archivo_inauguracionescespana-1_optimized-768x517.jpeg 768w, https:\/\/radiorevelacionfm.cl\/wp-content\/uploads\/2025\/08\/archivo_inauguracionescespana-1_optimized-705x475.jpeg 705w, https:\/\/radiorevelacionfm.cl\/wp-content\/uploads\/2025\/08\/archivo_inauguracionescespana-1_optimized-450x303.jpeg 450w, https:\/\/radiorevelacionfm.cl\/wp-content\/uploads\/2025\/08\/archivo_inauguracionescespana-1_optimized-600x404.jpeg 600w\" sizes=\"(max-width: 891px) 100vw, 891px\" \/><\/div><\/div><\/div><\/div><div class=\"flex_column av_one_full  flex_column_div av-zero-column-padding first  avia-builder-el-2  el_after_av_one_full  el_before_av_one_full  column-top-margin\" style='border-radius:0px; '><section class=\"av_textblock_section \"  itemscope=\"itemscope\" itemtype=\"https:\/\/schema.org\/BlogPosting\" itemprop=\"blogPost\" ><div class='avia_textblock  '   itemprop=\"text\" ><p style=\"text-align: center;\"><strong><span style=\"font-size: 18pt;\">Diputada Raphael exigi\u00f3 en Comisi\u00f3n de Educaci\u00f3n respuestas ante la paralizaci\u00f3n del proyecto Escuela Espa\u00f1a<\/span><\/strong><\/p>\n<div id=\"gtx-trans\" style=\"position: absolute; left: -50px; top: 4.31534px;\">\n<div class=\"gtx-trans-icon\"><\/div>\n<\/div>\n<\/div><\/section><\/div><div class=\"flex_column av_one_full  flex_column_div av-zero-column-padding first  avia-builder-el-4  el_after_av_one_full  el_before_av_hr  column-top-margin\" style='border-radius:0px; '><section class=\"av_textblock_section \"  itemscope=\"itemscope\" itemtype=\"https:\/\/schema.org\/BlogPosting\" itemprop=\"blogPost\" ><div class='avia_textblock  '   itemprop=\"text\" ><p style=\"text-align: justify;\"><em>Cabe destacar que la iniciativa cuenta con el financiamiento del 50% por parte del Ministerio de Educaci\u00f3n y del restante 50% del Gobierno Regional, y tras la obtenci\u00f3n de su RS a\u00fan no tiene avances.<\/em><\/p>\n<p style=\"text-align: justify;\">En sesi\u00f3n de la Comisi\u00f3n de Educaci\u00f3n de la C\u00e1mara de Diputados, la representante de la Regi\u00f3n de Ays\u00e9n, Marcia Raphael, solicit\u00f3 al Ministerio de Educaci\u00f3n tras contar con el respaldo un\u00e1nime de sus pares, una respuesta por oficio al titular de la cartera ante la paralizaci\u00f3n de 10 meses del proyecto de construcci\u00f3n de la Escuela Espa\u00f1a de Coyhaique, cuya glosa presupuestaria a\u00fan no es identificada para que la iniciativa avance hacia la unidad t\u00e9cnica dependiente del Ministerio de Obras P\u00fablicas.<\/p>\n<p style=\"text-align: justify;\">Respecto del proyecto Escuela Espa\u00f1a, la diputada, Marcia Raphael Mora explic\u00f3 en la Comisi\u00f3n de Educaci\u00f3n de la C\u00e1mara baja que \u201ceste es un establecimiento de educaci\u00f3n diferencial emblem\u00e1tico en nuestra capital regional, y\u00a0hace muchos a\u00f1os que la infraestructura ya no dio para m\u00e1s, por ende, se comenz\u00f3\u00a0a trabajar para tener un nuevo establecimiento y cuya infraestructura respondiera a las necesidades de la comunidad, hace ya cerca de una d\u00e9cada. En tanto, avanzaba esto, se trasladaron a una infraestructura arrendada a un alto costo, que lamentablemente fue peor que la situaci\u00f3n en que estaban\u201d.<\/p>\n<p style=\"text-align: justify;\">\u201cComenz\u00f3 a lloverse, la luz se cortaba, entre las actividades que realizan tienen talleres de reposter\u00eda\u00a0y de aquel entonces, hay incluso unos v\u00eddeos\u00a0en donde ellos hac\u00edan su reposter\u00eda alumbr\u00e1ndose\u00a0con celulares, porque ten\u00edan que cumplir\u00a0con sus pedidos\u00a0por mencionar algunas de las tantas situaciones en los que se han visto afectados, adem\u00e1s de la falta de aulas que est\u00e9n implementadas seg\u00fan sus requerimientos educativos\u201d, agreg\u00f3 la diputada.<\/p>\n<p style=\"text-align: justify;\">En esa misma l\u00ednea, la parlamentaria detall\u00f3 que \u201ctras diversas gestiones, actualmente est\u00e1n haciendo uso de dependencias que los dignifica y pueden estudiar con mejores condiciones, porque la idea es que en forma paralela, se avanzara en su anhelado proyecto de nueva infraestructura. Hace un tiempo, celebraron la obtenci\u00f3n de su RS, se realizaron las fotos pertinentes con las autoridades de turno y la triste realidad es que a la fecha no se tiene ning\u00fan avance, y me molesta mucho que esto siga ocurriendo\u201d.<\/p>\n<p style=\"text-align: justify;\">Con el objetivo de canalizar una respuesta de parte del Ministerio de Educaci\u00f3n, Marcia Raphael enfatiz\u00f3 que \u201clo \u00fanico que necesitamos para continuar avanzando es que se reconozca el proceso de identificaci\u00f3n presupuestaria. Sobre esto, la ex Seremi de Educaci\u00f3n lo solicit\u00f3 al ejecutivo el 29 de octubre del 2024, no logrando respuesta, se envi\u00f3 otra solicitud el 3 de marzo de 2025, tampoco obtuvo respuesta. Se volvi\u00f3 a solicitar posteriormente el 8 de mayo y el 28 de julio, no logr\u00e1ndose respuesta. Estamos hablando de s\u00f3lo $25 millones de pesos que se deben traspasar a la Direcci\u00f3n de Arquitectura del MOP, que es la unidad t\u00e9cnica y se actualiza el proyecto\u201d.<\/p>\n<p style=\"text-align: justify;\">Finalmente, la diputada Raphael, concluy\u00f3 que \u201cesto es de verdad indigno para los ni\u00f1os, sus familias y equipos profesionales del establecimiento, es una gesti\u00f3n que lleva 10 meses paralizada y es s\u00f3lo identificar presupuesto. Ten\u00eda la esperanza de que en esta sesi\u00f3n estuviera presente el Ministro de Educaci\u00f3n para tener una respuesta r\u00e1pida, sabemos que construir un establecimiento nuevo no ocurre de un d\u00eda para otro, por ende, esta situaci\u00f3n no puede seguir as\u00ed, y debemos darle una respuestas a la comunidad de la Escuela Espa\u00f1a\u201d.<\/p>\n<\/div><\/section><\/div><div  style='height:50px' class='hr hr-invisible   avia-builder-el-6  el_after_av_one_full  el_before_av_social_share '><span class='hr-inner ' ><span class='hr-inner-style'><\/span><\/span><\/div><\/p>\n<div  class='av-social-sharing-box  avia-builder-el-7  el_after_av_hr  el_before_av_hr  '><div class='av-share-box'><h5 class='av-share-link-description av-no-toc '>Compartir esta noticia<\/h5><ul class='av-share-box-list noLightbox'><li class='av-share-link av-social-link-facebook' ><a target=\"_blank\" aria-label=\"Compartir en Facebook\" href='https:\/\/www.facebook.com\/sharer.php?u=https:\/\/radiorevelacionfm.cl\/?p=57398&#038;t=Diputada%20Raphael%20exigi%C3%B3%20en%20Comisi%C3%B3n%20de%20Educaci%C3%B3n%20respuestas%20ante%20la%20paralizaci%C3%B3n%20del%20proyecto%20Escuela%20Espa%C3%B1a' aria-hidden='false' data-av_icon='\ue8f3' data-av_iconfont='entypo-fontello' title='' data-avia-related-tooltip='Compartir en Facebook' rel=\"noopener\"><span class='avia_hidden_link_text'>Compartir en Facebook<\/span><\/a><\/li><li class='av-share-link av-social-link-twitter' ><a target=\"_blank\" aria-label=\"Compartir en Twitter\" href='https:\/\/twitter.com\/share?text=Diputada%20Raphael%20exigi%C3%B3%20en%20Comisi%C3%B3n%20de%20Educaci%C3%B3n%20respuestas%20ante%20la%20paralizaci%C3%B3n%20del%20proyecto%20Escuela%20Espa%C3%B1a&#038;url=https:\/\/radiorevelacionfm.cl\/?p=57398' aria-hidden='false' data-av_icon='\ue8f1' data-av_iconfont='entypo-fontello' title='' data-avia-related-tooltip='Compartir en Twitter' rel=\"noopener\"><span class='avia_hidden_link_text'>Compartir en Twitter<\/span><\/a><\/li><li class='av-share-link av-social-link-whatsapp' ><a target=\"_blank\" aria-label=\"Compartir en Whatsapp\" href='https:\/\/api.whatsapp.com\/send?text=https:\/\/radiorevelacionfm.cl\/?p=57398' aria-hidden='false' data-av_icon='\uf232' data-av_iconfont='entypo-fontello' title='' data-avia-related-tooltip='Compartir en Whatsapp' rel=\"noopener\"><span class='avia_hidden_link_text'>Compartir en Whatsapp<\/span><\/a><\/li><li class='av-share-link av-social-link-linkedin' ><a target=\"_blank\" aria-label=\"Compartir en LinkedIn\" href='https:\/\/linkedin.com\/shareArticle?mini=true&#038;title=Diputada%20Raphael%20exigi%C3%B3%20en%20Comisi%C3%B3n%20de%20Educaci%C3%B3n%20respuestas%20ante%20la%20paralizaci%C3%B3n%20del%20proyecto%20Escuela%20Espa%C3%B1a&#038;url=https:\/\/radiorevelacionfm.cl\/?p=57398' aria-hidden='false' data-av_icon='\ue8fc' data-av_iconfont='entypo-fontello' title='' data-avia-related-tooltip='Compartir en LinkedIn' rel=\"noopener\"><span class='avia_hidden_link_text'>Compartir en LinkedIn<\/span><\/a><\/li><li class='av-share-link av-social-link-mail' ><a  aria-label=\"Compartir por correo\" href='mailto:?subject=Diputada%20Raphael%20exigi%C3%B3%20en%20Comisi%C3%B3n%20de%20Educaci%C3%B3n%20respuestas%20ante%20la%20paralizaci%C3%B3n%20del%20proyecto%20Escuela%20Espa%C3%B1a&#038;body=https:\/\/radiorevelacionfm.cl\/?p=57398' aria-hidden='false' data-av_icon='\ue805' data-av_iconfont='entypo-fontello' title='' data-avia-related-tooltip='Compartir por correo'><span class='avia_hidden_link_text'>Compartir por correo<\/span><\/a><\/li><\/ul><\/div><\/div>\n<div  style='height:50px' class='hr hr-invisible   avia-builder-el-8  el_after_av_social_share  el_before_av_comments_list '><span class='hr-inner ' ><span class='hr-inner-style'><\/span><\/span><\/div>\n<div  class='av-buildercomment  av-blog-meta-html-info-disabled av-blog-meta-tag-disabled  '><\/div>\n","protected":false},"excerpt":{"rendered":"","protected":false},"author":1,"featured_media":57399,"comment_status":"closed","ping_status":"closed","sticky":false,"template":"","format":"standard","meta":{"footnotes":""},"categories":[35],"tags":[],"class_list":["post-57398","post","type-post","status-publish","format-standard","has-post-thumbnail","hentry","category-politica"],"jetpack_featured_media_url":"https:\/\/radiorevelacionfm.cl\/wp-content\/uploads\/2025\/08\/archivo_inauguracionescespana-1_optimized.jpeg","_links":{"self":[{"href":"https:\/\/radiorevelacionfm.cl\/index.php?rest_route=\/wp\/v2\/posts\/57398","targetHints":{"allow":["GET"]}}],"collection":[{"href":"https:\/\/radiorevelacionfm.cl\/index.php?rest_route=\/wp\/v2\/posts"}],"about":[{"href":"https:\/\/radiorevelacionfm.cl\/index.php?rest_route=\/wp\/v2\/types\/post"}],"author":[{"embeddable":true,"href":"https:\/\/radiorevelacionfm.cl\/index.php?rest_route=\/wp\/v2\/users\/1"}],"replies":[{"embeddable":true,"href":"https:\/\/radiorevelacionfm.cl\/index.php?rest_route=%2Fwp%2Fv2%2Fcomments&post=57398"}],"version-history":[{"count":2,"href":"https:\/\/radiorevelacionfm.cl\/index.php?rest_route=\/wp\/v2\/posts\/57398\/revisions"}],"predecessor-version":[{"id":57411,"href":"https:\/\/radiorevelacionfm.cl\/index.php?rest_route=\/wp\/v2\/posts\/57398\/revisions\/57411"}],"wp:featuredmedia":[{"embeddable":true,"href":"https:\/\/radiorevelacionfm.cl\/index.php?rest_route=\/wp\/v2\/media\/57399"}],"wp:attachment":[{"href":"https:\/\/radiorevelacionfm.cl\/index.php?rest_route=%2Fwp%2Fv2%2Fmedia&parent=57398"}],"wp:term":[{"taxonomy":"category","embeddable":true,"href":"https:\/\/radiorevelacionfm.cl\/index.php?rest_route=%2Fwp%2Fv2%2Fcategories&post=57398"},{"taxonomy":"post_tag","embeddable":true,"href":"https:\/\/radiorevelacionfm.cl\/index.php?rest_route=%2Fwp%2Fv2%2Ftags&post=57398"}],"curies":[{"name":"wp","href":"https:\/\/api.w.org\/{rel}","templated":true}]}}