{"id":57395,"date":"2025-08-05T21:25:19","date_gmt":"2025-08-06T00:25:19","guid":{"rendered":"https:\/\/radiorevelacionfm.cl\/?p=57395"},"modified":"2025-08-05T21:25:19","modified_gmt":"2025-08-06T00:25:19","slug":"defensas-fluviales-en-la-ribera-del-rio-turbio-entregaran-mayor-proteccion-y-seguridad-a-vecinos-y-vecinas-de-la-comuna-de-lago-verde","status":"publish","type":"post","link":"https:\/\/radiorevelacionfm.cl\/?p=57395","title":{"rendered":"Defensas fluviales en la ribera del R\u00edo Turbio entregar\u00e1n mayor protecci\u00f3n y seguridad a vecinos y vecinas de la comuna de Lago Verde"},"content":{"rendered":"<div class=\"flex_column av_one_full  flex_column_div av-zero-column-padding first  avia-builder-el-0  el_before_av_one_full  avia-builder-el-first  \" style='border-radius:0px; '><div  class='avia-image-container  av-styling-    avia-builder-el-1  avia-builder-el-no-sibling  avia-align-center '  itemprop=\"image\" itemscope=\"itemscope\" itemtype=\"https:\/\/schema.org\/ImageObject\"  ><div class='avia-image-container-inner'><div class='avia-image-overlay-wrap'><img decoding=\"async\" class='wp-image-57396 avia-img-lazy-loading-not-57396 avia_image' src=\"https:\/\/radiorevelacionfm.cl\/wp-content\/uploads\/2025\/08\/defensas-fluviales-doh-mop-1_optimized-1.jpg\" alt='' title='defensas-fluviales-doh-mop-(1)_optimized (1)' height=\"600\" width=\"893\"  itemprop=\"thumbnailUrl\" srcset=\"https:\/\/radiorevelacionfm.cl\/wp-content\/uploads\/2025\/08\/defensas-fluviales-doh-mop-1_optimized-1.jpg 893w, https:\/\/radiorevelacionfm.cl\/wp-content\/uploads\/2025\/08\/defensas-fluviales-doh-mop-1_optimized-1-300x202.jpg 300w, https:\/\/radiorevelacionfm.cl\/wp-content\/uploads\/2025\/08\/defensas-fluviales-doh-mop-1_optimized-1-768x516.jpg 768w, https:\/\/radiorevelacionfm.cl\/wp-content\/uploads\/2025\/08\/defensas-fluviales-doh-mop-1_optimized-1-705x474.jpg 705w, https:\/\/radiorevelacionfm.cl\/wp-content\/uploads\/2025\/08\/defensas-fluviales-doh-mop-1_optimized-1-450x302.jpg 450w, https:\/\/radiorevelacionfm.cl\/wp-content\/uploads\/2025\/08\/defensas-fluviales-doh-mop-1_optimized-1-600x403.jpg 600w\" sizes=\"(max-width: 893px) 100vw, 893px\" \/><\/div><\/div><\/div><\/div><div class=\"flex_column av_one_full  flex_column_div av-zero-column-padding first  avia-builder-el-2  el_after_av_one_full  el_before_av_one_full  column-top-margin\" style='border-radius:0px; '><section class=\"av_textblock_section \"  itemscope=\"itemscope\" itemtype=\"https:\/\/schema.org\/BlogPosting\" itemprop=\"blogPost\" ><div class='avia_textblock  '   itemprop=\"text\" ><p style=\"text-align: center;\"><strong><span style=\"font-size: 18pt;\">Defensas fluviales en la ribera del R\u00edo Turbio entregar\u00e1n mayor protecci\u00f3n y seguridad a vecinos y vecinas de la comuna de Lago Verde<\/span><\/strong><\/p>\n<div id=\"gtx-trans\" style=\"position: absolute; left: -50px; top: 4.31534px;\">\n<div class=\"gtx-trans-icon\"><\/div>\n<\/div>\n<\/div><\/section><\/div><div class=\"flex_column av_one_full  flex_column_div av-zero-column-padding first  avia-builder-el-4  el_after_av_one_full  el_before_av_hr  column-top-margin\" style='border-radius:0px; '><section class=\"av_textblock_section \"  itemscope=\"itemscope\" itemtype=\"https:\/\/schema.org\/BlogPosting\" itemprop=\"blogPost\" ><div class='avia_textblock  '   itemprop=\"text\" ><p style=\"text-align: justify;\">Un significativo avance en la calidad de vida de las y los habitantes de la comuna Lago Verde se est\u00e1 gestando en el sector del r\u00edo Turbio, gracias a la construcci\u00f3n de defensas fluviales que est\u00e1 llevando a cabo la Direcci\u00f3n Regional de Obras Hidr\u00e1ulicas del Ministerio de Obras P\u00fablicas. Estas obras tienen como objetivo primordial ofrecer una mayor protecci\u00f3n y seguridad a las personas, sus viviendas y predios frente a los peligros asociados a las crecidas del r\u00edo.<\/p>\n<p style=\"text-align: justify;\">El r\u00edo Turbio, situado cerca de la localidad de Lago Verde, ha sido objeto de intervenciones para mitigar los problemas que se presentan durante los per\u00edodos de creciente. Adem\u00e1s de la construcci\u00f3n de defensas, la Direcci\u00f3n Regional de Obras Hidr\u00e1ulicas del MOP ha realizado importantes trabajos de encauzamiento del r\u00edo durante el a\u00f1o 2024. Estas acciones han sido esenciales para salvaguardar a los pobladores de la zona. \u00a0A ello se suma, la reciente entrega de terreno para ejecutar nuevas obras en este sector que dieron inicio a este \u00faltimo contrato, el que hoy ya presenta avances.<\/p>\n<p style=\"text-align: justify;\">Para este gobierno, las nuevas obras ser\u00e1n fundamentales para garantizar la integridad, seguridad de los habitantes y mejorar su calidad de vida, buscando con ello crear un entorno m\u00e1s seguro, que proteja tanto a las personas como a sus propiedades de los efectos adversos de las crecidas del r\u00edo. Bajo esta l\u00ednea de acci\u00f3n, las obras actualmente presentan 10% de avance y han requerido una inversi\u00f3n de $725 millones por parte del gobierno del presidente Gabriel Boric, a trav\u00e9s de la Direcci\u00f3n Regional de Obras Hidr\u00e1ulicas del MOP.<\/p>\n<p style=\"text-align: justify;\">Actualmente, se prev\u00e9 consolidar parte de la ribera derecha del r\u00edo Turbio a trav\u00e9s de la construcci\u00f3n de un nuevo enrocado que se extender\u00e1 por 210 metros, complementado con un espig\u00f3n de 50 metros. Estas estructuras est\u00e1n dise\u00f1adas espec\u00edficamente para prevenir desbordes que pudieran afectar a la poblaci\u00f3n residente en el sector, as\u00ed como a sus viviendas y terrenos.<\/p>\n<p style=\"text-align: justify;\">El director regional de Obras Hidr\u00e1ulicas del MOP, Francisco Real Bahamonde, tambi\u00e9n destac\u00f3 la importancia de estas inversiones en el marco de un plan m\u00e1s amplio, que busca atender las necesidades de diversas comunidades en la regi\u00f3n. \u00abA trav\u00e9s de este tipo de obras, no solo estamos protegiendo a la poblaci\u00f3n de Lago Verde, sino tambi\u00e9n estamos llevando a cabo un esfuerzo coordinado para mejorar la infraestructura hidr\u00e1ulica en m\u00faltiples sectores de nuestra regi\u00f3n. Es un compromiso del gobierno trabajar por la seguridad y bienestar de todos y de todas las ciudadanas\u201d.<\/p>\n<p style=\"text-align: justify;\">Estas iniciativas son parte de un esfuerzo continuo que la Direcci\u00f3n Regional de Obras Hidr\u00e1ulicas est\u00e1 implementando, con el fin de fortalecer las defensas naturales y artificiales en zonas vulnerables, proporcionando as\u00ed una red de seguridad que garantice la protecci\u00f3n y bienestar de las comunidades ante fen\u00f3menos clim\u00e1ticos extremos. La culminaci\u00f3n de estas obras se espera que no solo mejore la infraestructura local, sino tambi\u00e9n impulse el desarrollo econ\u00f3mico y social de la comuna de Lago Verde, fortaleciendo la resiliencia de sus habitantes ante el cambio clim\u00e1tico.<\/p>\n<\/div><\/section><\/div><div  style='height:50px' class='hr hr-invisible   avia-builder-el-6  el_after_av_one_full  el_before_av_social_share '><span class='hr-inner ' ><span class='hr-inner-style'><\/span><\/span><\/div><\/p>\n<div  class='av-social-sharing-box  avia-builder-el-7  el_after_av_hr  el_before_av_hr  '><div class='av-share-box'><h5 class='av-share-link-description av-no-toc '>Compartir esta noticia<\/h5><ul class='av-share-box-list noLightbox'><li class='av-share-link av-social-link-facebook' ><a target=\"_blank\" aria-label=\"Compartir en Facebook\" href='https:\/\/www.facebook.com\/sharer.php?u=https:\/\/radiorevelacionfm.cl\/?p=57395&#038;t=Defensas%20fluviales%20en%20la%20ribera%20del%20R%C3%ADo%20Turbio%20entregar%C3%A1n%20mayor%20protecci%C3%B3n%20y%20seguridad%20a%20vecinos%20y%20vecinas%20de%20la%20comuna%20de%20Lago%20Verde' aria-hidden='false' data-av_icon='\ue8f3' data-av_iconfont='entypo-fontello' title='' data-avia-related-tooltip='Compartir en Facebook' rel=\"noopener\"><span class='avia_hidden_link_text'>Compartir en Facebook<\/span><\/a><\/li><li class='av-share-link av-social-link-twitter' ><a target=\"_blank\" aria-label=\"Compartir en Twitter\" href='https:\/\/twitter.com\/share?text=Defensas%20fluviales%20en%20la%20ribera%20del%20R%C3%ADo%20Turbio%20entregar%C3%A1n%20mayor%20protecci%C3%B3n%20y%20seguridad%20a%20vecinos%20y%20vecinas%20de%20la%20comuna%20de%20Lago%20Verde&#038;url=https:\/\/radiorevelacionfm.cl\/?p=57395' aria-hidden='false' data-av_icon='\ue8f1' data-av_iconfont='entypo-fontello' title='' data-avia-related-tooltip='Compartir en Twitter' rel=\"noopener\"><span class='avia_hidden_link_text'>Compartir en Twitter<\/span><\/a><\/li><li class='av-share-link av-social-link-whatsapp' ><a target=\"_blank\" aria-label=\"Compartir en Whatsapp\" href='https:\/\/api.whatsapp.com\/send?text=https:\/\/radiorevelacionfm.cl\/?p=57395' aria-hidden='false' data-av_icon='\uf232' data-av_iconfont='entypo-fontello' title='' data-avia-related-tooltip='Compartir en Whatsapp' rel=\"noopener\"><span class='avia_hidden_link_text'>Compartir en Whatsapp<\/span><\/a><\/li><li class='av-share-link av-social-link-linkedin' ><a target=\"_blank\" aria-label=\"Compartir en LinkedIn\" href='https:\/\/linkedin.com\/shareArticle?mini=true&#038;title=Defensas%20fluviales%20en%20la%20ribera%20del%20R%C3%ADo%20Turbio%20entregar%C3%A1n%20mayor%20protecci%C3%B3n%20y%20seguridad%20a%20vecinos%20y%20vecinas%20de%20la%20comuna%20de%20Lago%20Verde&#038;url=https:\/\/radiorevelacionfm.cl\/?p=57395' aria-hidden='false' data-av_icon='\ue8fc' data-av_iconfont='entypo-fontello' title='' data-avia-related-tooltip='Compartir en LinkedIn' rel=\"noopener\"><span class='avia_hidden_link_text'>Compartir en LinkedIn<\/span><\/a><\/li><li class='av-share-link av-social-link-mail' ><a  aria-label=\"Compartir por correo\" href='mailto:?subject=Defensas%20fluviales%20en%20la%20ribera%20del%20R%C3%ADo%20Turbio%20entregar%C3%A1n%20mayor%20protecci%C3%B3n%20y%20seguridad%20a%20vecinos%20y%20vecinas%20de%20la%20comuna%20de%20Lago%20Verde&#038;body=https:\/\/radiorevelacionfm.cl\/?p=57395' aria-hidden='false' data-av_icon='\ue805' data-av_iconfont='entypo-fontello' title='' data-avia-related-tooltip='Compartir por correo'><span class='avia_hidden_link_text'>Compartir por correo<\/span><\/a><\/li><\/ul><\/div><\/div>\n<div  style='height:50px' class='hr hr-invisible   avia-builder-el-8  el_after_av_social_share  el_before_av_comments_list '><span class='hr-inner ' ><span class='hr-inner-style'><\/span><\/span><\/div>\n<div  class='av-buildercomment  av-blog-meta-html-info-disabled av-blog-meta-tag-disabled  '><\/div>\n","protected":false},"excerpt":{"rendered":"","protected":false},"author":1,"featured_media":57396,"comment_status":"closed","ping_status":"closed","sticky":false,"template":"","format":"standard","meta":{"footnotes":""},"categories":[38],"tags":[],"class_list":["post-57395","post","type-post","status-publish","format-standard","has-post-thumbnail","hentry","category-regional"],"jetpack_featured_media_url":"https:\/\/radiorevelacionfm.cl\/wp-content\/uploads\/2025\/08\/defensas-fluviales-doh-mop-1_optimized-1.jpg","_links":{"self":[{"href":"https:\/\/radiorevelacionfm.cl\/index.php?rest_route=\/wp\/v2\/posts\/57395","targetHints":{"allow":["GET"]}}],"collection":[{"href":"https:\/\/radiorevelacionfm.cl\/index.php?rest_route=\/wp\/v2\/posts"}],"about":[{"href":"https:\/\/radiorevelacionfm.cl\/index.php?rest_route=\/wp\/v2\/types\/post"}],"author":[{"embeddable":true,"href":"https:\/\/radiorevelacionfm.cl\/index.php?rest_route=\/wp\/v2\/users\/1"}],"replies":[{"embeddable":true,"href":"https:\/\/radiorevelacionfm.cl\/index.php?rest_route=%2Fwp%2Fv2%2Fcomments&post=57395"}],"version-history":[{"count":2,"href":"https:\/\/radiorevelacionfm.cl\/index.php?rest_route=\/wp\/v2\/posts\/57395\/revisions"}],"predecessor-version":[{"id":57407,"href":"https:\/\/radiorevelacionfm.cl\/index.php?rest_route=\/wp\/v2\/posts\/57395\/revisions\/57407"}],"wp:featuredmedia":[{"embeddable":true,"href":"https:\/\/radiorevelacionfm.cl\/index.php?rest_route=\/wp\/v2\/media\/57396"}],"wp:attachment":[{"href":"https:\/\/radiorevelacionfm.cl\/index.php?rest_route=%2Fwp%2Fv2%2Fmedia&parent=57395"}],"wp:term":[{"taxonomy":"category","embeddable":true,"href":"https:\/\/radiorevelacionfm.cl\/index.php?rest_route=%2Fwp%2Fv2%2Fcategories&post=57395"},{"taxonomy":"post_tag","embeddable":true,"href":"https:\/\/radiorevelacionfm.cl\/index.php?rest_route=%2Fwp%2Fv2%2Ftags&post=57395"}],"curies":[{"name":"wp","href":"https:\/\/api.w.org\/{rel}","templated":true}]}}