{"id":57384,"date":"2025-08-05T17:56:49","date_gmt":"2025-08-05T20:56:49","guid":{"rendered":"https:\/\/radiorevelacionfm.cl\/?p=57384"},"modified":"2025-08-05T17:56:49","modified_gmt":"2025-08-05T20:56:49","slug":"cochrane-fortalece-el-bienestar-de-la-ninez-con-talleres-de-invierno-feria-nocturna-y-una-jornada-especial-de-celebracion","status":"publish","type":"post","link":"https:\/\/radiorevelacionfm.cl\/?p=57384","title":{"rendered":"Cochrane fortalece el bienestar de la ni\u00f1ez con talleres de invierno, feria nocturna y una jornada especial de celebraci\u00f3n"},"content":{"rendered":"<div class=\"flex_column av_one_full  flex_column_div av-zero-column-padding first  avia-builder-el-0  el_before_av_one_full  avia-builder-el-first  \" style='border-radius:0px; '><div  class='avia-image-container  av-styling-    avia-builder-el-1  avia-builder-el-no-sibling  avia-align-center '  itemprop=\"image\" itemscope=\"itemscope\" itemtype=\"https:\/\/schema.org\/ImageObject\"  ><div class='avia-image-container-inner'><div class='avia-image-overlay-wrap'><img decoding=\"async\" class='wp-image-57385 avia-img-lazy-loading-not-57385 avia_image' src=\"https:\/\/radiorevelacionfm.cl\/wp-content\/uploads\/2025\/08\/dia-de-la-niNez-cochrane-1-1_optimized.jpeg\" alt='' title='dia-de-la-ni\u00d1ez-cochrane--(1)-(1)_optimized' height=\"655\" width=\"803\"  itemprop=\"thumbnailUrl\" srcset=\"https:\/\/radiorevelacionfm.cl\/wp-content\/uploads\/2025\/08\/dia-de-la-niNez-cochrane-1-1_optimized.jpeg 803w, https:\/\/radiorevelacionfm.cl\/wp-content\/uploads\/2025\/08\/dia-de-la-niNez-cochrane-1-1_optimized-300x245.jpeg 300w, https:\/\/radiorevelacionfm.cl\/wp-content\/uploads\/2025\/08\/dia-de-la-niNez-cochrane-1-1_optimized-768x626.jpeg 768w, https:\/\/radiorevelacionfm.cl\/wp-content\/uploads\/2025\/08\/dia-de-la-niNez-cochrane-1-1_optimized-705x575.jpeg 705w, https:\/\/radiorevelacionfm.cl\/wp-content\/uploads\/2025\/08\/dia-de-la-niNez-cochrane-1-1_optimized-450x367.jpeg 450w, https:\/\/radiorevelacionfm.cl\/wp-content\/uploads\/2025\/08\/dia-de-la-niNez-cochrane-1-1_optimized-600x489.jpeg 600w\" sizes=\"(max-width: 803px) 100vw, 803px\" \/><\/div><\/div><\/div><\/div><div class=\"flex_column av_one_full  flex_column_div av-zero-column-padding first  avia-builder-el-2  el_after_av_one_full  el_before_av_one_full  column-top-margin\" style='border-radius:0px; '><section class=\"av_textblock_section \"  itemscope=\"itemscope\" itemtype=\"https:\/\/schema.org\/BlogPosting\" itemprop=\"blogPost\" ><div class='avia_textblock  '   itemprop=\"text\" ><p style=\"text-align: center;\"><strong><span style=\"font-size: 18pt;\">Cochrane fortalece el bienestar de la ni\u00f1ez con talleres de invierno, feria nocturna y una jornada especial de celebraci\u00f3n<\/span><\/strong><\/p>\n<div id=\"gtx-trans\" style=\"position: absolute; left: -50px; top: 4.31534px;\">\n<div class=\"gtx-trans-icon\"><\/div>\n<\/div>\n<\/div><\/section><\/div><div class=\"flex_column av_one_full  flex_column_div av-zero-column-padding first  avia-builder-el-4  el_after_av_one_full  el_before_av_hr  column-top-margin\" style='border-radius:0px; '><section class=\"av_textblock_section \"  itemscope=\"itemscope\" itemtype=\"https:\/\/schema.org\/BlogPosting\" itemprop=\"blogPost\" ><div class='avia_textblock  '   itemprop=\"text\" ><p style=\"text-align: justify;\">Durante las \u00faltimas semanas, la Ilustre Municipalidad de Cochrane, a trav\u00e9s de sus oficinas de Cultura, Deporte, el Programa Quiero Mi Barrio y la Oficina Local de la Ni\u00f1ez (OLN), ha desarrollado una serie de iniciativas orientadas al bienestar y participaci\u00f3n activa de ni\u00f1os, ni\u00f1as y adolescentes. Estas acciones han buscado promover el acceso a experiencias significativas, formativas y recreativas, entendiendo que la infancia es una etapa clave en el desarrollo integral de cada persona.<\/p>\n<p style=\"text-align: justify;\">Entre las actividades destacadas se desarrollaron los Talleres de Invierno, impulsados por Cultura, Deporte, OLN y Quiero Mi Barrio, instancia en la que <strong>m\u00e1s de 200 participantes<\/strong> fueron parte de una variada programaci\u00f3n que incluy\u00f3 disciplinas como ajedrez, baby f\u00fatbol, escalada, guitarra, senderismo invernal, r\u00e1pel, teatro, tenis de mesa, v\u00f3leibol y ballet. Estos espacios no solo han brindado oportunidades de aprendizaje y recreaci\u00f3n, sino tambi\u00e9n de v\u00ednculo entre pares, fortalecimiento de habilidades socioemocionales y conexi\u00f3n con el entorno natural y comunitario.<\/p>\n<p style=\"text-align: justify;\">Las jornadas fueron lideradas por monitores con vasta experiencia, desarroll\u00e1ndose tanto en recintos deportivos como en espacios emblem\u00e1ticos de la comuna, tales como el Cerro La Cruz, la pasarela colgante del Arroyo Tamango y la confluencia de los r\u00edos Baker y Chacabuco. Esta descentralizaci\u00f3n ha permitido ampliar el acceso y beneficiar a ni\u00f1os y j\u00f3venes de Cochrane.<\/p>\n<p style=\"text-align: justify;\">Como antesala a la celebraci\u00f3n principal, este viernes 8 de agosto, se realizar\u00e1 una feria nocturna en el Mercado Municipal, desde las 15:00 hasta las 20:00 horas, en el marco del D\u00eda de la Ni\u00f1ez. Esta actividad es organizada junto a feriantes del Mercado Municipal junto al Comit\u00e9 Productivo Feria Libre de Cochrane y contar\u00e1 con la participaci\u00f3n de alrededor de 30 feriantes confirmados, quienes ofrecer\u00e1n productos, sorpresas y un ambiente familiar, festivo para obsequiar a los m\u00e1s peque\u00f1os de la comuna.<\/p>\n<p style=\"text-align: justify;\">En tanto, la celebraci\u00f3n del D\u00eda de la Ni\u00f1ez se llevar\u00e1 a cabo en el Gimnasio Municipal el s\u00e1bado 9 de agosto a partir de las 15:00 horas, organizada por OLN, Cultura y el Programa Quiero Mi Barrio. La jornada contempla un show de talentos, entrega de palomitas y algod\u00f3n de az\u00facar, y la presentaci\u00f3n del Mago Tatariz, generando un espacio de encuentro familiar y comunitario. Los primeros 120 ni\u00f1os y ni\u00f1as que lleguen al evento recibir\u00e1n una \u201ccajita feliz\u201d como una forma simb\u00f3lica de reconocer su presencia y fomentar su participaci\u00f3n.<\/p>\n<p style=\"text-align: justify;\">Esta jornada contar\u00e1 con la valiosa colaboraci\u00f3n del Liceo Bicentenario Austral Lord Cochrane, la Compa\u00f1\u00eda Andina Divisionaria N\u00b0 20 \u00abCochrane\u00bb, el Cuerpo de Bomberos de Cochrane y el Centro de Atenci\u00f3n Especializada en Violencia de G\u00e9nero (CAEVG), quienes se suman a este esfuerzo colectivo por fortalecer el bienestar de la infancia.<\/p>\n<p style=\"text-align: justify;\">En este sentido, el Municipio de Cochrane, a trav\u00e9s de la Oficina Local de la Ni\u00f1ez, reafirma su compromiso con la promoci\u00f3n y protecci\u00f3n de los derechos de ni\u00f1os, ni\u00f1as y adolescentes, trabajando de forma coordinada con distintos actores del territorio para generar respuestas concretas a sus necesidades e intereses.<\/p>\n<p style=\"text-align: justify;\">Tanto los Talleres de Invierno como las actividades programadas para el D\u00eda de la Ni\u00f1ez forman parte de una estrategia que busca avanzar hacia una comunidad m\u00e1s inclusiva, que escucha y pone en valor la voz de la infancia y adolescencia.<\/p>\n<\/div><\/section><\/div><div  style='height:50px' class='hr hr-invisible   avia-builder-el-6  el_after_av_one_full  el_before_av_social_share '><span class='hr-inner ' ><span class='hr-inner-style'><\/span><\/span><\/div><\/p>\n<div  class='av-social-sharing-box  avia-builder-el-7  el_after_av_hr  el_before_av_hr  '><div class='av-share-box'><h5 class='av-share-link-description av-no-toc '>Compartir esta noticia<\/h5><ul class='av-share-box-list noLightbox'><li class='av-share-link av-social-link-facebook' ><a target=\"_blank\" aria-label=\"Compartir en Facebook\" href='https:\/\/www.facebook.com\/sharer.php?u=https:\/\/radiorevelacionfm.cl\/?p=57384&#038;t=Cochrane%20fortalece%20el%20bienestar%20de%20la%20ni%C3%B1ez%20con%20talleres%20de%20invierno%2C%20feria%20nocturna%20y%20una%20jornada%20especial%20de%20celebraci%C3%B3n' aria-hidden='false' data-av_icon='\ue8f3' data-av_iconfont='entypo-fontello' title='' data-avia-related-tooltip='Compartir en Facebook' rel=\"noopener\"><span class='avia_hidden_link_text'>Compartir en Facebook<\/span><\/a><\/li><li class='av-share-link av-social-link-twitter' ><a target=\"_blank\" aria-label=\"Compartir en Twitter\" href='https:\/\/twitter.com\/share?text=Cochrane%20fortalece%20el%20bienestar%20de%20la%20ni%C3%B1ez%20con%20talleres%20de%20invierno%2C%20feria%20nocturna%20y%20una%20jornada%20especial%20de%20celebraci%C3%B3n&#038;url=https:\/\/radiorevelacionfm.cl\/?p=57384' aria-hidden='false' data-av_icon='\ue8f1' data-av_iconfont='entypo-fontello' title='' data-avia-related-tooltip='Compartir en Twitter' rel=\"noopener\"><span class='avia_hidden_link_text'>Compartir en Twitter<\/span><\/a><\/li><li class='av-share-link av-social-link-whatsapp' ><a target=\"_blank\" aria-label=\"Compartir en Whatsapp\" href='https:\/\/api.whatsapp.com\/send?text=https:\/\/radiorevelacionfm.cl\/?p=57384' aria-hidden='false' data-av_icon='\uf232' data-av_iconfont='entypo-fontello' title='' data-avia-related-tooltip='Compartir en Whatsapp' rel=\"noopener\"><span class='avia_hidden_link_text'>Compartir en Whatsapp<\/span><\/a><\/li><li class='av-share-link av-social-link-linkedin' ><a target=\"_blank\" aria-label=\"Compartir en LinkedIn\" href='https:\/\/linkedin.com\/shareArticle?mini=true&#038;title=Cochrane%20fortalece%20el%20bienestar%20de%20la%20ni%C3%B1ez%20con%20talleres%20de%20invierno%2C%20feria%20nocturna%20y%20una%20jornada%20especial%20de%20celebraci%C3%B3n&#038;url=https:\/\/radiorevelacionfm.cl\/?p=57384' aria-hidden='false' data-av_icon='\ue8fc' data-av_iconfont='entypo-fontello' title='' data-avia-related-tooltip='Compartir en LinkedIn' rel=\"noopener\"><span class='avia_hidden_link_text'>Compartir en LinkedIn<\/span><\/a><\/li><li class='av-share-link av-social-link-mail' ><a  aria-label=\"Compartir por correo\" href='mailto:?subject=Cochrane%20fortalece%20el%20bienestar%20de%20la%20ni%C3%B1ez%20con%20talleres%20de%20invierno%2C%20feria%20nocturna%20y%20una%20jornada%20especial%20de%20celebraci%C3%B3n&#038;body=https:\/\/radiorevelacionfm.cl\/?p=57384' aria-hidden='false' data-av_icon='\ue805' data-av_iconfont='entypo-fontello' title='' data-avia-related-tooltip='Compartir por correo'><span class='avia_hidden_link_text'>Compartir por correo<\/span><\/a><\/li><\/ul><\/div><\/div>\n<div  style='height:50px' class='hr hr-invisible   avia-builder-el-8  el_after_av_social_share  el_before_av_comments_list '><span class='hr-inner ' ><span class='hr-inner-style'><\/span><\/span><\/div>\n<div  class='av-buildercomment  av-blog-meta-html-info-disabled av-blog-meta-tag-disabled  '><\/div>\n","protected":false},"excerpt":{"rendered":"","protected":false},"author":1,"featured_media":57385,"comment_status":"closed","ping_status":"closed","sticky":false,"template":"","format":"standard","meta":{"footnotes":""},"categories":[38],"tags":[],"class_list":["post-57384","post","type-post","status-publish","format-standard","has-post-thumbnail","hentry","category-regional"],"jetpack_featured_media_url":"https:\/\/radiorevelacionfm.cl\/wp-content\/uploads\/2025\/08\/dia-de-la-niNez-cochrane-1-1_optimized.jpeg","_links":{"self":[{"href":"https:\/\/radiorevelacionfm.cl\/index.php?rest_route=\/wp\/v2\/posts\/57384","targetHints":{"allow":["GET"]}}],"collection":[{"href":"https:\/\/radiorevelacionfm.cl\/index.php?rest_route=\/wp\/v2\/posts"}],"about":[{"href":"https:\/\/radiorevelacionfm.cl\/index.php?rest_route=\/wp\/v2\/types\/post"}],"author":[{"embeddable":true,"href":"https:\/\/radiorevelacionfm.cl\/index.php?rest_route=\/wp\/v2\/users\/1"}],"replies":[{"embeddable":true,"href":"https:\/\/radiorevelacionfm.cl\/index.php?rest_route=%2Fwp%2Fv2%2Fcomments&post=57384"}],"version-history":[{"count":2,"href":"https:\/\/radiorevelacionfm.cl\/index.php?rest_route=\/wp\/v2\/posts\/57384\/revisions"}],"predecessor-version":[{"id":57389,"href":"https:\/\/radiorevelacionfm.cl\/index.php?rest_route=\/wp\/v2\/posts\/57384\/revisions\/57389"}],"wp:featuredmedia":[{"embeddable":true,"href":"https:\/\/radiorevelacionfm.cl\/index.php?rest_route=\/wp\/v2\/media\/57385"}],"wp:attachment":[{"href":"https:\/\/radiorevelacionfm.cl\/index.php?rest_route=%2Fwp%2Fv2%2Fmedia&parent=57384"}],"wp:term":[{"taxonomy":"category","embeddable":true,"href":"https:\/\/radiorevelacionfm.cl\/index.php?rest_route=%2Fwp%2Fv2%2Fcategories&post=57384"},{"taxonomy":"post_tag","embeddable":true,"href":"https:\/\/radiorevelacionfm.cl\/index.php?rest_route=%2Fwp%2Fv2%2Ftags&post=57384"}],"curies":[{"name":"wp","href":"https:\/\/api.w.org\/{rel}","templated":true}]}}