{"id":57381,"date":"2025-08-05T21:04:48","date_gmt":"2025-08-06T00:04:48","guid":{"rendered":"https:\/\/radiorevelacionfm.cl\/?p=57381"},"modified":"2025-08-05T21:04:48","modified_gmt":"2025-08-06T00:04:48","slug":"jovenes-de-coyhaique-lideran-diagnostico-participativo-para-fortalecer-su-rol-en-la-comunidad","status":"publish","type":"post","link":"https:\/\/radiorevelacionfm.cl\/?p=57381","title":{"rendered":"J\u00f3venes de Coyhaique lideran diagn\u00f3stico participativo para fortalecer su rol en la comunidad"},"content":{"rendered":"<div class=\"flex_column av_one_full  flex_column_div av-zero-column-padding first  avia-builder-el-0  el_before_av_one_full  avia-builder-el-first  \" style='border-radius:0px; '><div  class='avia-image-container  av-styling-    avia-builder-el-1  avia-builder-el-no-sibling  avia-align-center '  itemprop=\"image\" itemscope=\"itemscope\" itemtype=\"https:\/\/schema.org\/ImageObject\"  ><div class='avia-image-container-inner'><div class='avia-image-overlay-wrap'><img decoding=\"async\" class='wp-image-57382 avia-img-lazy-loading-not-57382 avia_image' src=\"https:\/\/radiorevelacionfm.cl\/wp-content\/uploads\/2025\/08\/FOTO-1-93-1-1.jpg\" alt='' title='FOTO 1 (93) (1) (1)' height=\"600\" width=\"870\"  itemprop=\"thumbnailUrl\" srcset=\"https:\/\/radiorevelacionfm.cl\/wp-content\/uploads\/2025\/08\/FOTO-1-93-1-1.jpg 870w, https:\/\/radiorevelacionfm.cl\/wp-content\/uploads\/2025\/08\/FOTO-1-93-1-1-300x207.jpg 300w, https:\/\/radiorevelacionfm.cl\/wp-content\/uploads\/2025\/08\/FOTO-1-93-1-1-768x530.jpg 768w, https:\/\/radiorevelacionfm.cl\/wp-content\/uploads\/2025\/08\/FOTO-1-93-1-1-705x486.jpg 705w, https:\/\/radiorevelacionfm.cl\/wp-content\/uploads\/2025\/08\/FOTO-1-93-1-1-450x310.jpg 450w, https:\/\/radiorevelacionfm.cl\/wp-content\/uploads\/2025\/08\/FOTO-1-93-1-1-600x414.jpg 600w\" sizes=\"(max-width: 870px) 100vw, 870px\" \/><\/div><\/div><\/div><\/div><div class=\"flex_column av_one_full  flex_column_div av-zero-column-padding first  avia-builder-el-2  el_after_av_one_full  el_before_av_one_full  column-top-margin\" style='border-radius:0px; '><section class=\"av_textblock_section \"  itemscope=\"itemscope\" itemtype=\"https:\/\/schema.org\/BlogPosting\" itemprop=\"blogPost\" ><div class='avia_textblock  '   itemprop=\"text\" ><p style=\"text-align: center;\"><strong><span style=\"font-size: 18pt;\">J\u00f3venes de Coyhaique lideran diagn\u00f3stico participativo para fortalecer su rol en la comunidad<\/span><\/strong><\/p>\n<div id=\"gtx-trans\" style=\"position: absolute; left: -50px; top: 4.31534px;\">\n<div class=\"gtx-trans-icon\"><\/div>\n<\/div>\n<\/div><\/section><\/div><div class=\"flex_column av_one_full  flex_column_div av-zero-column-padding first  avia-builder-el-4  el_after_av_one_full  el_before_av_hr  column-top-margin\" style='border-radius:0px; '><section class=\"av_textblock_section \"  itemscope=\"itemscope\" itemtype=\"https:\/\/schema.org\/BlogPosting\" itemprop=\"blogPost\" ><div class='avia_textblock  '   itemprop=\"text\" ><p style=\"text-align: justify;\">Con el objetivo de conocer de primera fuente las inquietudes, necesidades y propuestas de las juventudes locales, el Instituto Nacional de la Juventud (INJUV) de la regi\u00f3n de Ays\u00e9n, en conjunto con la Municipalidad de Coyhaique a trav\u00e9s de su Oficina Municipal de Juventud, est\u00e1 impulsando un diagn\u00f3stico participativo y comunal que convoca a representantes de diversos sectores juveniles de la comuna.<\/p>\n<p style=\"text-align: justify;\">Esta iniciativa se enmarca en el programa Compromiso Joven, el cual busca promover un mayor involucramiento de las y los j\u00f3venes en la identificaci\u00f3n, an\u00e1lisis y b\u00fasqueda de soluciones frente a las problem\u00e1ticas que afectan a sus territorios y comunidades, adem\u00e1s de fortalecer la voz de las juventudes y su rol activo en el desarrollo de su entorno.<\/p>\n<p style=\"text-align: justify;\">En su etapa actual, el trabajo se ha organizado en torno a tres ejes principales:<\/p>\n<ul style=\"text-align: justify;\">\n<li>Educaci\u00f3n, formaci\u00f3n y emprendimiento<\/li>\n<li>Espacios recreativos y bienestar f\u00edsico-emocional<\/li>\n<li>Participaci\u00f3n ciudadana y compromiso comunitario.<\/li>\n<\/ul>\n<p style=\"text-align: justify;\">\u201cComo INJUV Ays\u00e9n valoramos profundamente que sean las propias juventudes quienes lideren este proceso diagn\u00f3stico. Creemos que no hay mejor manera de dise\u00f1ar pol\u00edticas p\u00fablicas efectivas que escuchando directamente a quienes viven los desaf\u00edos del territorio. Este ejercicio participativo no solo nos entrega insumos valiosos para construir el Plan de Acci\u00f3n Municipal de Juventud, sino que tambi\u00e9n fortalece el rol de las juventudes como agentes activos de transformaci\u00f3n social en su comuna\u201d, indic\u00f3 el director regional de INJUV Ays\u00e9n, Camilo Trivi\u00f1o Urtubia.<\/p>\n<p style=\"text-align: justify;\">En tanto, el alcalde de Coyhaique, Carlos Gatica Villegas, valor\u00f3 esta iniciativa, destacando que\u00a0\u00abdesde el municipio creemos firmemente en el rol transformador de las juventudes. Por eso estamos impulsando espacios de participaci\u00f3n reales, donde puedan expresar sus ideas, necesidades y sue\u00f1os. Este diagn\u00f3stico es solo el comienzo de un trabajo conjunto para avanzar en una comuna m\u00e1s inclusiva y con oportunidades para todas y todos.\u00bb<\/p>\n<p style=\"text-align: justify;\">Sof\u00eda Garc\u00e9s Herrera, joven consejera estudiantil del Consejo de la Sociedad Civil (COSOC) del Gobierno Regional de Ays\u00e9n, destac\u00f3 la actividad desarrollada y se\u00f1al\u00f3 que \u201cpersonalmente pienso y creo que era una instancia muy necesaria, fue una actividad productiva desde el c\u00f3mo se desarroll\u00f3 la jornada en s\u00ed, el sistema de preguntas fueron precisas y acordes a las dimensiones. Este encuentro sin duda\u00a0 tambi\u00e9n dej\u00f3 mayores referencias para el trabajo y formaci\u00f3n de nuevas propuestas\u201d.<\/p>\n<p style=\"text-align: justify;\">En tanto, Cristofer Garc\u00e9s Huenuhueque, joven representante regional del COSOC nacional de INJUV Chile, sostuvo que \u201cpude ver c\u00f3mo en los equipos de trabajos que se formaron \u00a0creaban un mapa con fortalezas y debilidades de espacios p\u00fablicos para el beneficio de las juventudes dentro de Coyhaique, lo que m\u00e1s destacaba es lo centralizados que est\u00e1n en sus ubicaciones, adem\u00e1s de la falta de otros tantos espacios donde la juventud pueda desenvolverse y ocupar su tiempo libre donde podamos\u00a0 entretenernos o aprender, y por supuesto destaco lo bueno que es el equipo de Injuv Ays\u00e9n, estuvimos participando activamente, creando, organizando y compartiendo\u201d,<\/p>\n<p style=\"text-align: justify;\">El programa contempla\u00a0 en su desarrollo \u00a0hitos claves como el Diagn\u00f3stico Local Juvenil, la elaboraci\u00f3n del Plan de Acci\u00f3n Municipal de Juventud (PAMJUV), Encuentro de Juventudes y acciones focalizadas \u00a0que buscan generar transformaciones reales en la mirada y participaci\u00f3n juvenil en la comuna donde se desarrolla.<\/p>\n<\/div><\/section><\/div><div  style='height:50px' class='hr hr-invisible   avia-builder-el-6  el_after_av_one_full  el_before_av_social_share '><span class='hr-inner ' ><span class='hr-inner-style'><\/span><\/span><\/div><\/p>\n<div  class='av-social-sharing-box  avia-builder-el-7  el_after_av_hr  el_before_av_hr  '><div class='av-share-box'><h5 class='av-share-link-description av-no-toc '>Compartir esta noticia<\/h5><ul class='av-share-box-list noLightbox'><li class='av-share-link av-social-link-facebook' ><a target=\"_blank\" aria-label=\"Compartir en Facebook\" href='https:\/\/www.facebook.com\/sharer.php?u=https:\/\/radiorevelacionfm.cl\/?p=57381&#038;t=J%C3%B3venes%20de%20Coyhaique%20lideran%20diagn%C3%B3stico%20participativo%20para%20fortalecer%20su%20rol%20en%20la%20comunidad' aria-hidden='false' data-av_icon='\ue8f3' data-av_iconfont='entypo-fontello' title='' data-avia-related-tooltip='Compartir en Facebook' rel=\"noopener\"><span class='avia_hidden_link_text'>Compartir en Facebook<\/span><\/a><\/li><li class='av-share-link av-social-link-twitter' ><a target=\"_blank\" aria-label=\"Compartir en Twitter\" href='https:\/\/twitter.com\/share?text=J%C3%B3venes%20de%20Coyhaique%20lideran%20diagn%C3%B3stico%20participativo%20para%20fortalecer%20su%20rol%20en%20la%20comunidad&#038;url=https:\/\/radiorevelacionfm.cl\/?p=57381' aria-hidden='false' data-av_icon='\ue8f1' data-av_iconfont='entypo-fontello' title='' data-avia-related-tooltip='Compartir en Twitter' rel=\"noopener\"><span class='avia_hidden_link_text'>Compartir en Twitter<\/span><\/a><\/li><li class='av-share-link av-social-link-whatsapp' ><a target=\"_blank\" aria-label=\"Compartir en Whatsapp\" href='https:\/\/api.whatsapp.com\/send?text=https:\/\/radiorevelacionfm.cl\/?p=57381' aria-hidden='false' data-av_icon='\uf232' data-av_iconfont='entypo-fontello' title='' data-avia-related-tooltip='Compartir en Whatsapp' rel=\"noopener\"><span class='avia_hidden_link_text'>Compartir en Whatsapp<\/span><\/a><\/li><li class='av-share-link av-social-link-linkedin' ><a target=\"_blank\" aria-label=\"Compartir en LinkedIn\" href='https:\/\/linkedin.com\/shareArticle?mini=true&#038;title=J%C3%B3venes%20de%20Coyhaique%20lideran%20diagn%C3%B3stico%20participativo%20para%20fortalecer%20su%20rol%20en%20la%20comunidad&#038;url=https:\/\/radiorevelacionfm.cl\/?p=57381' aria-hidden='false' data-av_icon='\ue8fc' data-av_iconfont='entypo-fontello' title='' data-avia-related-tooltip='Compartir en LinkedIn' rel=\"noopener\"><span class='avia_hidden_link_text'>Compartir en LinkedIn<\/span><\/a><\/li><li class='av-share-link av-social-link-mail' ><a  aria-label=\"Compartir por correo\" href='mailto:?subject=J%C3%B3venes%20de%20Coyhaique%20lideran%20diagn%C3%B3stico%20participativo%20para%20fortalecer%20su%20rol%20en%20la%20comunidad&#038;body=https:\/\/radiorevelacionfm.cl\/?p=57381' aria-hidden='false' data-av_icon='\ue805' data-av_iconfont='entypo-fontello' title='' data-avia-related-tooltip='Compartir por correo'><span class='avia_hidden_link_text'>Compartir por correo<\/span><\/a><\/li><\/ul><\/div><\/div>\n<div  style='height:50px' class='hr hr-invisible   avia-builder-el-8  el_after_av_social_share  el_before_av_comments_list '><span class='hr-inner ' ><span class='hr-inner-style'><\/span><\/span><\/div>\n<div  class='av-buildercomment  av-blog-meta-html-info-disabled av-blog-meta-tag-disabled  '><\/div>\n","protected":false},"excerpt":{"rendered":"","protected":false},"author":1,"featured_media":57382,"comment_status":"closed","ping_status":"closed","sticky":false,"template":"","format":"standard","meta":{"footnotes":""},"categories":[38],"tags":[],"class_list":["post-57381","post","type-post","status-publish","format-standard","has-post-thumbnail","hentry","category-regional"],"jetpack_featured_media_url":"https:\/\/radiorevelacionfm.cl\/wp-content\/uploads\/2025\/08\/FOTO-1-93-1-1.jpg","_links":{"self":[{"href":"https:\/\/radiorevelacionfm.cl\/index.php?rest_route=\/wp\/v2\/posts\/57381","targetHints":{"allow":["GET"]}}],"collection":[{"href":"https:\/\/radiorevelacionfm.cl\/index.php?rest_route=\/wp\/v2\/posts"}],"about":[{"href":"https:\/\/radiorevelacionfm.cl\/index.php?rest_route=\/wp\/v2\/types\/post"}],"author":[{"embeddable":true,"href":"https:\/\/radiorevelacionfm.cl\/index.php?rest_route=\/wp\/v2\/users\/1"}],"replies":[{"embeddable":true,"href":"https:\/\/radiorevelacionfm.cl\/index.php?rest_route=%2Fwp%2Fv2%2Fcomments&post=57381"}],"version-history":[{"count":2,"href":"https:\/\/radiorevelacionfm.cl\/index.php?rest_route=\/wp\/v2\/posts\/57381\/revisions"}],"predecessor-version":[{"id":57406,"href":"https:\/\/radiorevelacionfm.cl\/index.php?rest_route=\/wp\/v2\/posts\/57381\/revisions\/57406"}],"wp:featuredmedia":[{"embeddable":true,"href":"https:\/\/radiorevelacionfm.cl\/index.php?rest_route=\/wp\/v2\/media\/57382"}],"wp:attachment":[{"href":"https:\/\/radiorevelacionfm.cl\/index.php?rest_route=%2Fwp%2Fv2%2Fmedia&parent=57381"}],"wp:term":[{"taxonomy":"category","embeddable":true,"href":"https:\/\/radiorevelacionfm.cl\/index.php?rest_route=%2Fwp%2Fv2%2Fcategories&post=57381"},{"taxonomy":"post_tag","embeddable":true,"href":"https:\/\/radiorevelacionfm.cl\/index.php?rest_route=%2Fwp%2Fv2%2Ftags&post=57381"}],"curies":[{"name":"wp","href":"https:\/\/api.w.org\/{rel}","templated":true}]}}