{"id":5738,"date":"2021-06-29T20:20:09","date_gmt":"2021-06-29T23:20:09","guid":{"rendered":"https:\/\/radiorevelacionfm.cl\/?p=5738"},"modified":"2021-06-29T20:20:09","modified_gmt":"2021-06-29T23:20:09","slug":"avanza-proyecto-que-permite-endosar-pasajes-aereos-y-retractarse-de-la-compra","status":"publish","type":"post","link":"https:\/\/radiorevelacionfm.cl\/?p=5738","title":{"rendered":"Avanza proyecto que permite endosar pasajes a\u00e9reos y retractarse de la compra"},"content":{"rendered":"<div class=\"flex_column av_one_full  flex_column_div av-zero-column-padding first  avia-builder-el-0  el_before_av_one_full  avia-builder-el-first  \" style='border-radius:0px; '><div  class='avia-image-container  av-styling-    avia-builder-el-1  avia-builder-el-no-sibling  avia-align-center '  itemprop=\"image\" itemscope=\"itemscope\" itemtype=\"https:\/\/schema.org\/ImageObject\"  ><div class='avia-image-container-inner'><div class='avia-image-overlay-wrap'><img decoding=\"async\" class='wp-image-5739 avia-img-lazy-loading-not-5739 avia_image' src=\"https:\/\/radiorevelacionfm.cl\/wp-content\/uploads\/2021\/06\/Aerolineas1-1-1.jpg\" alt='' title='Aerolineas1 (1) (1)' height=\"600\" width=\"831\"  itemprop=\"thumbnailUrl\" srcset=\"https:\/\/radiorevelacionfm.cl\/wp-content\/uploads\/2021\/06\/Aerolineas1-1-1.jpg 831w, https:\/\/radiorevelacionfm.cl\/wp-content\/uploads\/2021\/06\/Aerolineas1-1-1-300x217.jpg 300w, https:\/\/radiorevelacionfm.cl\/wp-content\/uploads\/2021\/06\/Aerolineas1-1-1-768x555.jpg 768w, https:\/\/radiorevelacionfm.cl\/wp-content\/uploads\/2021\/06\/Aerolineas1-1-1-705x509.jpg 705w, https:\/\/radiorevelacionfm.cl\/wp-content\/uploads\/2021\/06\/Aerolineas1-1-1-600x433.jpg 600w\" sizes=\"(max-width: 831px) 100vw, 831px\" \/><\/div><\/div><\/div><\/div><div class=\"flex_column av_one_full  flex_column_div av-zero-column-padding first  avia-builder-el-2  el_after_av_one_full  el_before_av_one_full  column-top-margin\" style='border-radius:0px; '><section class=\"av_textblock_section \"  itemscope=\"itemscope\" itemtype=\"https:\/\/schema.org\/BlogPosting\" itemprop=\"blogPost\" ><div class='avia_textblock  '   itemprop=\"text\" ><p style=\"text-align: center;\"><strong><span style=\"font-size: 18pt;\">Avanza proyecto que permite endosar pasajes a\u00e9reos y retractarse de la compra<\/span><\/strong><\/p>\n<div id=\"gtx-trans\" style=\"position: absolute; left: -50px; top: 4.31534px;\">\n<div class=\"gtx-trans-icon\"><\/div>\n<\/div>\n<\/div><\/section><\/div><div class=\"flex_column av_one_full  flex_column_div av-zero-column-padding first  avia-builder-el-4  el_after_av_one_full  el_before_av_hr  column-top-margin\" style='border-radius:0px; '><section class=\"av_textblock_section \"  itemscope=\"itemscope\" itemtype=\"https:\/\/schema.org\/BlogPosting\" itemprop=\"blogPost\" ><div class='avia_textblock  '   itemprop=\"text\" ><p style=\"text-align: justify;\">La posibilidad de poder endosar los pasajes a\u00e9reos cada vez est\u00e1 m\u00e1s cerca de concretarse, esto porque la comisi\u00f3n de Transporte del Senado aprob\u00f3 el proyecto presentado por el diputado Miguel \u00c1ngel Calisto y otros parlamentarios que permitir\u00e1 ejercer esta medida en el caso que el ticket no sea utilizado.<\/p>\n<p style=\"text-align: justify;\">La iniciativa fue aprobada en general y en particular y ahora deber\u00e1 ser votada por la sala de la C\u00e1mara Alta en su segundo tr\u00e1mite constitucional.<\/p>\n<p style=\"text-align: justify;\">Seg\u00fan el diputado Calisto, autor de la moci\u00f3n, \u201cnos alegra el avance legislativo de este proyecto, porque es un tema muy sentido por las personas que deben viajar constantemente, especialmente la gente de la regi\u00f3n de Ays\u00e9n, donde el avi\u00f3n es el principal medio de transporte para ir a la zona central\u201d.<\/p>\n<p style=\"text-align: justify;\">Calisto agreg\u00f3 que \u201cel proyecto considera la posibilidad de realizar el endoso del pasaje hasta 24 horas antes del vuelo. Esto s\u00f3lo se podr\u00e1 hacer entre personas naturales y por una \u00fanica vez. Para evitar cualquier tipo de negocio con los pasajes, las personas podr\u00e1n hacerlo m\u00e1ximo dos veces al a\u00f1o\u201d.<\/p>\n<p style=\"text-align: justify;\">El legislador se\u00f1al\u00f3 que \u201cla iniciativa tambi\u00e9n incluye la opci\u00f3n de retractarse de la compra del ticket a\u00e9reo, lo que tambi\u00e9n es claramente un avance. La idea de la iniciativa es que el pasajero, la persona que compra un pasaje, pueda disponer de \u00e9l. En el caso que no pueda viajar, lo puede endosar o se puede retractar de la compra\u201d.<\/p>\n<p style=\"text-align: justify;\">Finalmente, el legislador se\u00f1al\u00f3 que \u201ctenemos que seguir avanzando en este tipo de medidas que poco a poco van terminando con el abuso de las grandes empresas. Nosotros vemos que las aerol\u00edneas suspenden los vuelos, incluso cuando no hay razones clim\u00e1ticas, sino por fines netamente econ\u00f3micos o muchas veces uno no puede abordar porque el vuelo est\u00e1 sobrevendido. He presentado otros proyectos que van en esta l\u00ednea, por lo que espero que sigan avanzando en sus tr\u00e1mites legislativos\u201d.<\/p>\n<\/div><\/section><\/div><div  style='height:50px' class='hr hr-invisible   avia-builder-el-6  el_after_av_one_full  el_before_av_social_share '><span class='hr-inner ' ><span class='hr-inner-style'><\/span><\/span><\/div><\/p>\n<div  class='av-social-sharing-box  avia-builder-el-7  el_after_av_hr  el_before_av_hr  '><div class='av-share-box'><h5 class='av-share-link-description av-no-toc '>Compartir esta noticia<\/h5><ul class='av-share-box-list noLightbox'><li class='av-share-link av-social-link-facebook' ><a target=\"_blank\" aria-label=\"Compartir en Facebook\" href='https:\/\/www.facebook.com\/sharer.php?u=https:\/\/radiorevelacionfm.cl\/?p=5738&#038;t=Avanza%20proyecto%20que%20permite%20endosar%20pasajes%20a%C3%A9reos%20y%20retractarse%20de%20la%20compra' aria-hidden='false' data-av_icon='\ue8f3' data-av_iconfont='entypo-fontello' title='' data-avia-related-tooltip='Compartir en Facebook' rel=\"noopener\"><span class='avia_hidden_link_text'>Compartir en Facebook<\/span><\/a><\/li><li class='av-share-link av-social-link-twitter' ><a target=\"_blank\" aria-label=\"Compartir en Twitter\" href='https:\/\/twitter.com\/share?text=Avanza%20proyecto%20que%20permite%20endosar%20pasajes%20a%C3%A9reos%20y%20retractarse%20de%20la%20compra&#038;url=https:\/\/radiorevelacionfm.cl\/?p=5738' aria-hidden='false' data-av_icon='\ue8f1' data-av_iconfont='entypo-fontello' title='' data-avia-related-tooltip='Compartir en Twitter' rel=\"noopener\"><span class='avia_hidden_link_text'>Compartir en Twitter<\/span><\/a><\/li><li class='av-share-link av-social-link-whatsapp' ><a target=\"_blank\" aria-label=\"Compartir en Whatsapp\" href='https:\/\/api.whatsapp.com\/send?text=https:\/\/radiorevelacionfm.cl\/?p=5738' aria-hidden='false' data-av_icon='\uf232' data-av_iconfont='entypo-fontello' title='' data-avia-related-tooltip='Compartir en Whatsapp' rel=\"noopener\"><span class='avia_hidden_link_text'>Compartir en Whatsapp<\/span><\/a><\/li><li class='av-share-link av-social-link-linkedin' ><a target=\"_blank\" aria-label=\"Compartir en LinkedIn\" href='https:\/\/linkedin.com\/shareArticle?mini=true&#038;title=Avanza%20proyecto%20que%20permite%20endosar%20pasajes%20a%C3%A9reos%20y%20retractarse%20de%20la%20compra&#038;url=https:\/\/radiorevelacionfm.cl\/?p=5738' aria-hidden='false' data-av_icon='\ue8fc' data-av_iconfont='entypo-fontello' title='' data-avia-related-tooltip='Compartir en LinkedIn' rel=\"noopener\"><span class='avia_hidden_link_text'>Compartir en LinkedIn<\/span><\/a><\/li><li class='av-share-link av-social-link-mail' ><a  aria-label=\"Compartir por correo\" href='mailto:?subject=Avanza%20proyecto%20que%20permite%20endosar%20pasajes%20a%C3%A9reos%20y%20retractarse%20de%20la%20compra&#038;body=https:\/\/radiorevelacionfm.cl\/?p=5738' aria-hidden='false' data-av_icon='\ue805' data-av_iconfont='entypo-fontello' title='' data-avia-related-tooltip='Compartir por correo'><span class='avia_hidden_link_text'>Compartir por correo<\/span><\/a><\/li><\/ul><\/div><\/div>\n<div  style='height:50px' class='hr hr-invisible   avia-builder-el-8  el_after_av_social_share  el_before_av_comments_list '><span class='hr-inner ' ><span class='hr-inner-style'><\/span><\/span><\/div>\n<div  class='av-buildercomment  av-blog-meta-html-info-disabled av-blog-meta-tag-disabled  '><\/div>\n","protected":false},"excerpt":{"rendered":"","protected":false},"author":1,"featured_media":5739,"comment_status":"open","ping_status":"open","sticky":false,"template":"","format":"standard","meta":{"footnotes":""},"categories":[35],"tags":[],"class_list":["post-5738","post","type-post","status-publish","format-standard","has-post-thumbnail","hentry","category-politica"],"jetpack_featured_media_url":"https:\/\/radiorevelacionfm.cl\/wp-content\/uploads\/2021\/06\/Aerolineas1-1-1.jpg","_links":{"self":[{"href":"https:\/\/radiorevelacionfm.cl\/index.php?rest_route=\/wp\/v2\/posts\/5738","targetHints":{"allow":["GET"]}}],"collection":[{"href":"https:\/\/radiorevelacionfm.cl\/index.php?rest_route=\/wp\/v2\/posts"}],"about":[{"href":"https:\/\/radiorevelacionfm.cl\/index.php?rest_route=\/wp\/v2\/types\/post"}],"author":[{"embeddable":true,"href":"https:\/\/radiorevelacionfm.cl\/index.php?rest_route=\/wp\/v2\/users\/1"}],"replies":[{"embeddable":true,"href":"https:\/\/radiorevelacionfm.cl\/index.php?rest_route=%2Fwp%2Fv2%2Fcomments&post=5738"}],"version-history":[{"count":1,"href":"https:\/\/radiorevelacionfm.cl\/index.php?rest_route=\/wp\/v2\/posts\/5738\/revisions"}],"predecessor-version":[{"id":5740,"href":"https:\/\/radiorevelacionfm.cl\/index.php?rest_route=\/wp\/v2\/posts\/5738\/revisions\/5740"}],"wp:featuredmedia":[{"embeddable":true,"href":"https:\/\/radiorevelacionfm.cl\/index.php?rest_route=\/wp\/v2\/media\/5739"}],"wp:attachment":[{"href":"https:\/\/radiorevelacionfm.cl\/index.php?rest_route=%2Fwp%2Fv2%2Fmedia&parent=5738"}],"wp:term":[{"taxonomy":"category","embeddable":true,"href":"https:\/\/radiorevelacionfm.cl\/index.php?rest_route=%2Fwp%2Fv2%2Fcategories&post=5738"},{"taxonomy":"post_tag","embeddable":true,"href":"https:\/\/radiorevelacionfm.cl\/index.php?rest_route=%2Fwp%2Fv2%2Ftags&post=5738"}],"curies":[{"name":"wp","href":"https:\/\/api.w.org\/{rel}","templated":true}]}}