{"id":57379,"date":"2025-08-06T11:29:44","date_gmt":"2025-08-06T14:29:44","guid":{"rendered":"https:\/\/radiorevelacionfm.cl\/?p=57379"},"modified":"2025-08-06T11:29:44","modified_gmt":"2025-08-06T14:29:44","slug":"seremi-de-justicia-y-ddhh-confia-en-avance-de-cartera-preliminar-de-iniciativas-pedze-que-incluye-proyecto-de-nueva-carcel-para-coyhaique","status":"publish","type":"post","link":"https:\/\/radiorevelacionfm.cl\/?p=57379","title":{"rendered":"Seremi de Justicia y DDHH conf\u00eda en avance de cartera preliminar de iniciativas PEDZE que incluye proyecto de nueva c\u00e1rcel para Coyhaique"},"content":{"rendered":"<div class=\"flex_column av_one_full  flex_column_div av-zero-column-padding first  avia-builder-el-0  el_before_av_one_full  avia-builder-el-first  \" style='border-radius:0px; '><div  class='avia-image-container  av-styling-    avia-builder-el-1  avia-builder-el-no-sibling  avia-align-center '  itemprop=\"image\" itemscope=\"itemscope\" itemtype=\"https:\/\/schema.org\/ImageObject\"  ><div class='avia-image-container-inner'><div class='avia-image-overlay-wrap'><img decoding=\"async\" class='wp-image-45697 avia-img-lazy-loading-not-45697 avia_image' src=\"https:\/\/radiorevelacionfm.cl\/wp-content\/uploads\/2024\/08\/seremi-samuel-navarro-3-1_optimized.jpg\" alt='' title='seremi-samuel-navarro-(3)-(1)_optimized' height=\"758\" width=\"800\"  itemprop=\"thumbnailUrl\" srcset=\"https:\/\/radiorevelacionfm.cl\/wp-content\/uploads\/2024\/08\/seremi-samuel-navarro-3-1_optimized.jpg 800w, https:\/\/radiorevelacionfm.cl\/wp-content\/uploads\/2024\/08\/seremi-samuel-navarro-3-1_optimized-300x284.jpg 300w, https:\/\/radiorevelacionfm.cl\/wp-content\/uploads\/2024\/08\/seremi-samuel-navarro-3-1_optimized-768x728.jpg 768w, https:\/\/radiorevelacionfm.cl\/wp-content\/uploads\/2024\/08\/seremi-samuel-navarro-3-1_optimized-705x668.jpg 705w, https:\/\/radiorevelacionfm.cl\/wp-content\/uploads\/2024\/08\/seremi-samuel-navarro-3-1_optimized-450x426.jpg 450w, https:\/\/radiorevelacionfm.cl\/wp-content\/uploads\/2024\/08\/seremi-samuel-navarro-3-1_optimized-600x569.jpg 600w\" sizes=\"(max-width: 800px) 100vw, 800px\" \/><\/div><\/div><\/div><\/div><div class=\"flex_column av_one_full  flex_column_div av-zero-column-padding first  avia-builder-el-2  el_after_av_one_full  el_before_av_one_full  column-top-margin\" style='border-radius:0px; '><section class=\"av_textblock_section \"  itemscope=\"itemscope\" itemtype=\"https:\/\/schema.org\/BlogPosting\" itemprop=\"blogPost\" ><div class='avia_textblock  '   itemprop=\"text\" ><p style=\"text-align: center;\"><span style=\"font-size: 18pt;\"><strong>Seremi de Justicia y DDHH conf\u00eda en avance de cartera preliminar de iniciativas PEDZE que incluye proyecto de nueva c\u00e1rcel para Coyhaique<\/strong><\/span><\/p>\n<div id=\"gtx-trans\" style=\"position: absolute; left: -50px; top: 4.31534px;\">\n<div class=\"gtx-trans-icon\"><\/div>\n<\/div>\n<\/div><\/section><\/div><div class=\"flex_column av_one_full  flex_column_div av-zero-column-padding first  avia-builder-el-4  el_after_av_one_full  el_before_av_hr  column-top-margin\" style='border-radius:0px; '><section class=\"av_textblock_section \"  itemscope=\"itemscope\" itemtype=\"https:\/\/schema.org\/BlogPosting\" itemprop=\"blogPost\" ><div class='avia_textblock  '   itemprop=\"text\" ><p style=\"text-align: justify;\">Con la firme convicci\u00f3n que el proyecto de un nuevo complejo penitenciario para la ciudad de Coyhaique es una gran necesidad y que su avance, preferencia y permanencia en la cartera preliminar de la pol\u00edtica especial de Zonas Extremas y su aprobaci\u00f3n por parte del Consejo Regional del Gobierno Regional de Ays\u00e9n permitir\u00e1 dar respuesta a la situaci\u00f3n compleja en cuanto al aumento de personas privadas de libertad, abordando en el mediano y largo plazo esta mayor demanda, se encuentra el seremi de Justicia y Derechos Humanos Samuel Navarro Castro.<\/p>\n<p style=\"text-align: justify;\">En este sentido, la autoridad regional se\u00f1al\u00f3 que \u201cel proyecto de nueva c\u00e1rcel para Coyhaique va avanzando, no solamente desde el punto de vista de su conformaci\u00f3n como cartera de proyecto, sino tambi\u00e9n en su preferencia en esta cartera preliminar de la pol\u00edtica especial de Zonas Extremas que esperamos se mantenga y que sea aprobada por el Gobierno Regional de Ays\u00e9n para seguir avanzando en las etapas siguientes que tiene que ver con la factibilidad y con la aprobaci\u00f3n que corresponda por la Subsecretar\u00eda de Desarrollo Regional y luego por la Direcci\u00f3n de Presupuestos, en este punto \u00fatil es mencionar que este nuevo complejo penitenciario se enmarca dentro del Plan de infraestructura penitenciaria que ha desarrollado el Ministerio de Justicia y Derechos Humanos para el periodo, como Gobierno estamos altamente ocupados en avanzar no solamente en proyectos que ya est\u00e1n financiados, sino que \u00a0tambi\u00e9n en estos proyectos como el de nuestra regi\u00f3n que est\u00e1 en evaluaci\u00f3n para hacer este compromiso de Estado y que en lo que resta de nuestro Gobierno dejar lo m\u00e1s avanzado este proyecto, en lo posible financiado y que la pr\u00f3xima administraci\u00f3n pueda continuarlo\u201d.<\/p>\n<p style=\"text-align: justify;\">Ahora, si bien contar con un nuevo recinto penitenciario para la regi\u00f3n de Ays\u00e9n es un gran anhelo y hoy estar dentro de los proyectos priorizados por el Plan de Desarrollo de Zonas Extremas (PEDZE) puede convertirlo en realidad, puesto que, junto con encontrarse dentro del Plan Maestro de infraestructura penitenciaria, se suma el compromiso del Gobierno regional de financiar el 30% de la ejecuci\u00f3n, mientras que el 70% ser\u00eda asumido por el Ministerio de Justicia y Derechos Humanos.<\/p>\n<p style=\"text-align: justify;\">Cabe mencionar que el nuevo recinto penitenciario involucra una inversi\u00f3n superior a los 57 mil millones de pesos y se proyecta en un terreno distinto al actual, a su vez contempla una capacidad m\u00ednima de 300 personas y sigue un cronograma preciso: la etapa de factibilidad se desarrollar\u00e1 entre 2025 y 2026, seguida por la de dise\u00f1o entre 2027 y 2028, en tanto una vez aprobado el dise\u00f1o (con recomendaci\u00f3n satisfactoria o RS), se iniciar\u00eda la construcci\u00f3n, estimada en cuatro a\u00f1os.<\/p>\n<p style=\"text-align: justify;\">Finalmente, mencionar que la nueva c\u00e1rcel de Coyhaique es una obra necesaria, puesto que permitir\u00e1 dar respuesta a espacios de seguridad para las personas privadas de libertad, pero tambi\u00e9n espacios de reinserci\u00f3n, para lograr disminuir y contribuir a la preocupaci\u00f3n ciudadana respecto a la seguridad p\u00fablica.<\/p>\n<\/div><\/section><\/div><div  style='height:50px' class='hr hr-invisible   avia-builder-el-6  el_after_av_one_full  el_before_av_social_share '><span class='hr-inner ' ><span class='hr-inner-style'><\/span><\/span><\/div><\/p>\n<div  class='av-social-sharing-box  avia-builder-el-7  el_after_av_hr  el_before_av_hr  '><div class='av-share-box'><h5 class='av-share-link-description av-no-toc '>Compartir esta noticia<\/h5><ul class='av-share-box-list noLightbox'><li class='av-share-link av-social-link-facebook' ><a target=\"_blank\" aria-label=\"Compartir en Facebook\" href='https:\/\/www.facebook.com\/sharer.php?u=https:\/\/radiorevelacionfm.cl\/?p=57379&#038;t=Seremi%20de%20Justicia%20y%20DDHH%20conf%C3%ADa%20en%20avance%20de%20cartera%20preliminar%20de%20iniciativas%20PEDZE%20que%20incluye%20proyecto%20de%20nueva%20c%C3%A1rcel%20para%20Coyhaique' aria-hidden='false' data-av_icon='\ue8f3' data-av_iconfont='entypo-fontello' title='' data-avia-related-tooltip='Compartir en Facebook' rel=\"noopener\"><span class='avia_hidden_link_text'>Compartir en Facebook<\/span><\/a><\/li><li class='av-share-link av-social-link-twitter' ><a target=\"_blank\" aria-label=\"Compartir en Twitter\" href='https:\/\/twitter.com\/share?text=Seremi%20de%20Justicia%20y%20DDHH%20conf%C3%ADa%20en%20avance%20de%20cartera%20preliminar%20de%20iniciativas%20PEDZE%20que%20incluye%20proyecto%20de%20nueva%20c%C3%A1rcel%20para%20Coyhaique&#038;url=https:\/\/radiorevelacionfm.cl\/?p=57379' aria-hidden='false' data-av_icon='\ue8f1' data-av_iconfont='entypo-fontello' title='' data-avia-related-tooltip='Compartir en Twitter' rel=\"noopener\"><span class='avia_hidden_link_text'>Compartir en Twitter<\/span><\/a><\/li><li class='av-share-link av-social-link-whatsapp' ><a target=\"_blank\" aria-label=\"Compartir en Whatsapp\" href='https:\/\/api.whatsapp.com\/send?text=https:\/\/radiorevelacionfm.cl\/?p=57379' aria-hidden='false' data-av_icon='\uf232' data-av_iconfont='entypo-fontello' title='' data-avia-related-tooltip='Compartir en Whatsapp' rel=\"noopener\"><span class='avia_hidden_link_text'>Compartir en Whatsapp<\/span><\/a><\/li><li class='av-share-link av-social-link-linkedin' ><a target=\"_blank\" aria-label=\"Compartir en LinkedIn\" href='https:\/\/linkedin.com\/shareArticle?mini=true&#038;title=Seremi%20de%20Justicia%20y%20DDHH%20conf%C3%ADa%20en%20avance%20de%20cartera%20preliminar%20de%20iniciativas%20PEDZE%20que%20incluye%20proyecto%20de%20nueva%20c%C3%A1rcel%20para%20Coyhaique&#038;url=https:\/\/radiorevelacionfm.cl\/?p=57379' aria-hidden='false' data-av_icon='\ue8fc' data-av_iconfont='entypo-fontello' title='' data-avia-related-tooltip='Compartir en LinkedIn' rel=\"noopener\"><span class='avia_hidden_link_text'>Compartir en LinkedIn<\/span><\/a><\/li><li class='av-share-link av-social-link-mail' ><a  aria-label=\"Compartir por correo\" href='mailto:?subject=Seremi%20de%20Justicia%20y%20DDHH%20conf%C3%ADa%20en%20avance%20de%20cartera%20preliminar%20de%20iniciativas%20PEDZE%20que%20incluye%20proyecto%20de%20nueva%20c%C3%A1rcel%20para%20Coyhaique&#038;body=https:\/\/radiorevelacionfm.cl\/?p=57379' aria-hidden='false' data-av_icon='\ue805' data-av_iconfont='entypo-fontello' title='' data-avia-related-tooltip='Compartir por correo'><span class='avia_hidden_link_text'>Compartir por correo<\/span><\/a><\/li><\/ul><\/div><\/div>\n<div  style='height:50px' class='hr hr-invisible   avia-builder-el-8  el_after_av_social_share  el_before_av_comments_list '><span class='hr-inner ' ><span class='hr-inner-style'><\/span><\/span><\/div>\n<div  class='av-buildercomment  av-blog-meta-html-info-disabled av-blog-meta-tag-disabled  '><\/div>\n","protected":false},"excerpt":{"rendered":"","protected":false},"author":1,"featured_media":45697,"comment_status":"closed","ping_status":"closed","sticky":false,"template":"","format":"standard","meta":{"footnotes":""},"categories":[55],"tags":[],"class_list":["post-57379","post","type-post","status-publish","format-standard","has-post-thumbnail","hentry","category-justicia"],"jetpack_featured_media_url":"https:\/\/radiorevelacionfm.cl\/wp-content\/uploads\/2024\/08\/seremi-samuel-navarro-3-1_optimized.jpg","_links":{"self":[{"href":"https:\/\/radiorevelacionfm.cl\/index.php?rest_route=\/wp\/v2\/posts\/57379","targetHints":{"allow":["GET"]}}],"collection":[{"href":"https:\/\/radiorevelacionfm.cl\/index.php?rest_route=\/wp\/v2\/posts"}],"about":[{"href":"https:\/\/radiorevelacionfm.cl\/index.php?rest_route=\/wp\/v2\/types\/post"}],"author":[{"embeddable":true,"href":"https:\/\/radiorevelacionfm.cl\/index.php?rest_route=\/wp\/v2\/users\/1"}],"replies":[{"embeddable":true,"href":"https:\/\/radiorevelacionfm.cl\/index.php?rest_route=%2Fwp%2Fv2%2Fcomments&post=57379"}],"version-history":[{"count":2,"href":"https:\/\/radiorevelacionfm.cl\/index.php?rest_route=\/wp\/v2\/posts\/57379\/revisions"}],"predecessor-version":[{"id":57412,"href":"https:\/\/radiorevelacionfm.cl\/index.php?rest_route=\/wp\/v2\/posts\/57379\/revisions\/57412"}],"wp:featuredmedia":[{"embeddable":true,"href":"https:\/\/radiorevelacionfm.cl\/index.php?rest_route=\/wp\/v2\/media\/45697"}],"wp:attachment":[{"href":"https:\/\/radiorevelacionfm.cl\/index.php?rest_route=%2Fwp%2Fv2%2Fmedia&parent=57379"}],"wp:term":[{"taxonomy":"category","embeddable":true,"href":"https:\/\/radiorevelacionfm.cl\/index.php?rest_route=%2Fwp%2Fv2%2Fcategories&post=57379"},{"taxonomy":"post_tag","embeddable":true,"href":"https:\/\/radiorevelacionfm.cl\/index.php?rest_route=%2Fwp%2Fv2%2Ftags&post=57379"}],"curies":[{"name":"wp","href":"https:\/\/api.w.org\/{rel}","templated":true}]}}