{"id":57377,"date":"2025-08-06T10:26:44","date_gmt":"2025-08-06T13:26:44","guid":{"rendered":"https:\/\/radiorevelacionfm.cl\/?p=57377"},"modified":"2025-08-06T10:26:44","modified_gmt":"2025-08-06T13:26:44","slug":"sala-cuna-y-jardin-infantil-mackay-recibe-certificacion-como-amigo-de-la-lactancia-materna","status":"publish","type":"post","link":"https:\/\/radiorevelacionfm.cl\/?p=57377","title":{"rendered":"Sala Cuna y Jard\u00edn Infantil \u201cMackay\u201d recibe certificaci\u00f3n como Amigo de la Lactancia Materna"},"content":{"rendered":"<div class=\"flex_column av_one_full  flex_column_div av-zero-column-padding first  avia-builder-el-0  el_before_av_one_full  avia-builder-el-first  \" style='border-radius:0px; '><div  class='avia-image-container  av-styling-    avia-builder-el-1  avia-builder-el-no-sibling  avia-align-center '  itemprop=\"image\" itemscope=\"itemscope\" itemtype=\"https:\/\/schema.org\/ImageObject\"  ><div class='avia-image-container-inner'><div class='avia-image-overlay-wrap'><img decoding=\"async\" class='wp-image-57390 avia-img-lazy-loading-not-57390 avia_image' src=\"https:\/\/radiorevelacionfm.cl\/wp-content\/uploads\/2025\/08\/MG_2188-1-1-1.jpg\" alt='' title='_MG_2188 (1) (1) (1)' height=\"600\" width=\"900\"  itemprop=\"thumbnailUrl\" srcset=\"https:\/\/radiorevelacionfm.cl\/wp-content\/uploads\/2025\/08\/MG_2188-1-1-1.jpg 900w, https:\/\/radiorevelacionfm.cl\/wp-content\/uploads\/2025\/08\/MG_2188-1-1-1-300x200.jpg 300w, https:\/\/radiorevelacionfm.cl\/wp-content\/uploads\/2025\/08\/MG_2188-1-1-1-768x512.jpg 768w, https:\/\/radiorevelacionfm.cl\/wp-content\/uploads\/2025\/08\/MG_2188-1-1-1-705x470.jpg 705w, https:\/\/radiorevelacionfm.cl\/wp-content\/uploads\/2025\/08\/MG_2188-1-1-1-450x300.jpg 450w, https:\/\/radiorevelacionfm.cl\/wp-content\/uploads\/2025\/08\/MG_2188-1-1-1-600x400.jpg 600w\" sizes=\"(max-width: 900px) 100vw, 900px\" \/><\/div><\/div><\/div><\/div>\n<div class=\"flex_column av_one_full  flex_column_div av-zero-column-padding first  avia-builder-el-2  el_after_av_one_full  el_before_av_one_full  column-top-margin\" style='border-radius:0px; '><section class=\"av_textblock_section \"  itemscope=\"itemscope\" itemtype=\"https:\/\/schema.org\/BlogPosting\" itemprop=\"blogPost\" ><div class='avia_textblock  '   itemprop=\"text\" ><p style=\"text-align: center;\"><strong><span style=\"font-size: 18pt;\">Sala Cuna y Jard\u00edn Infantil \u201cMackay\u201d recibe certificaci\u00f3n como Amigo de la Lactancia Materna<\/span><\/strong><\/p>\n<div id=\"gtx-trans\" style=\"position: absolute; left: -50px; top: 4.31534px;\">\n<div class=\"gtx-trans-icon\"><\/div>\n<\/div>\n<\/div><\/section><\/div><div class=\"flex_column av_one_full  flex_column_div av-zero-column-padding first  avia-builder-el-4  el_after_av_one_full  el_before_av_hr  column-top-margin\" style='border-radius:0px; '><section class=\"av_textblock_section \"  itemscope=\"itemscope\" itemtype=\"https:\/\/schema.org\/BlogPosting\" itemprop=\"blogPost\" ><div class='avia_textblock  '   itemprop=\"text\" ><p style=\"text-align: justify;\"><em>El reconocimiento refuerza el compromiso del establecimiento y de Fundaci\u00f3n Integra con la protecci\u00f3n, promoci\u00f3n y apoyo a la lactancia materna, beneficiando directamente a ni\u00f1as, ni\u00f1os y familias de la comunidad educativa.<\/em><\/p>\n<p style=\"text-align: justify;\">La Sala Cuna y Jard\u00edn Infantil \u201cMackay\u201d, de Fundaci\u00f3n Integra, fue oficialmente certificada como Amigo de la Lactancia Materna (JIALMA), tras cumplir con los est\u00e1ndares y pr\u00e1cticas establecidas por la Comisi\u00f3n Regional de Lactancia Materna (CRLM) y el Ministerio de Salud, en un trabajo conjunto que busca resguardar y fortalecer esta pr\u00e1ctica fundamental para el desarrollo de ni\u00f1as y ni\u00f1os.<\/p>\n<p style=\"text-align: justify;\">La certificaci\u00f3n se enmarca en la estrategia nacional de promoci\u00f3n de la lactancia materna, una de las intervenciones m\u00e1s efectivas en salud p\u00fablica, con beneficios comprobados a corto, mediano y largo plazo para la salud infantil y el bienestar de las familias.<\/p>\n<p style=\"text-align: justify;\">La directora regional de Fundaci\u00f3n Integra, Leticia Araya Norambuena, destac\u00f3 la relevancia de este reconocimiento reforzando que \u201clo que se busca con esta certificaci\u00f3n es poder mostrar el trabajo sistem\u00e1tico que viene desarrollando los establecimientos en esta materia. Cuando un jard\u00edn infantil logra el reconocimiento como Amigo de la Lactancia Materna significa que todas las personas que ah\u00ed trabajan o se vinculan con el espacio han estado desarrollando diversas estrategias para que esto suceda y que ese momento sea un lugar grato y un espacio \u00edntimo entre ambos\u201d.<\/p>\n<p style=\"text-align: justify;\">Silvia Delf\u00edn Cort\u00e9s, jefa del departamento de salud P\u00fablica de la seremi de Salud destac\u00f3 que \u201cpara nosotros es muy importante poder seguir acreditando a los jardines infantiles, ojal\u00e1 sea el 100% de los establecimientos, como amigo de la lactancia materna y que es parte de un trabajo colaborativo que venimos desarrollando y que esperamos que se sigan consolidando en el tiempo y que este beneficio llegue a la mayor cantidad de madres e hijos\u201d.<\/p>\n<p style=\"text-align: justify;\">Por su parte, la directora del establecimiento, Katherine Ugarte Espa\u00f1a, manifest\u00f3 estar \u201cmuy felices y orgullosos (como equipo) con esta acreditaci\u00f3n. Fue un camino muy largo, de cuatro a\u00f1os y en conjunto con la familia en la que logramos promover y acompa\u00f1ar a las familias en este proceso y eso explica la gran cantidad de familias que hoy nos acompa\u00f1an en esta certificaci\u00f3n\u201d.<\/p>\n<p style=\"text-align: justify;\">Una de las madres que acompa\u00f1\u00f3 esta certificaci\u00f3n fue Camila P\u00e9rez Valencia, quien tambi\u00e9n es apoderada del establecimiento quien se mostr\u00f3 contenta con este reconocimiento reforzando \u201cqu\u00e9 bueno que el jard\u00edn infantil genere y se den estas instancias y espacios para que pueda amamantar a mi hija. Es un lugar seguro, libre de prejuicios y un espacio donde puedo generar un mayor apego con ella\u201d.<\/p>\n<p style=\"text-align: justify;\">Este reconocimiento, que tiene una vigencia de tres a\u00f1os, se suma a las acciones que impulsa la Comisi\u00f3n Regional de Lactancia Materna, integrada por distintas instituciones p\u00fablicas y privadas de Ays\u00e9n, con el objetivo de generar entornos protectores y sostenibles para la lactancia, en l\u00ednea con la campa\u00f1a de la Semana Mundial de la Lactancia Materna 2025, cuyo lema es: \u201cPrioricemos la Lactancia Materna: Construyendo Sistemas de Apoyo Sostenibles\u201d.<\/p>\n<p style=\"text-align: justify;\">Con esta certificaci\u00f3n, la Sala Cuna y Jard\u00edn Infantil \u201cMackay\u201d se consolida como un referente en el fomento de pr\u00e1cticas saludables y respetuosas con la infancia, contribuyendo al desarrollo pleno de ni\u00f1as y ni\u00f1os en la regi\u00f3n.<\/p>\n<\/div><\/section><\/div><div  style='height:50px' class='hr hr-invisible   avia-builder-el-6  el_after_av_one_full  el_before_av_social_share '><span class='hr-inner ' ><span class='hr-inner-style'><\/span><\/span><\/div><\/p>\n<div  class='av-social-sharing-box  avia-builder-el-7  el_after_av_hr  el_before_av_hr  '><div class='av-share-box'><h5 class='av-share-link-description av-no-toc '>Compartir esta noticia<\/h5><ul class='av-share-box-list noLightbox'><li class='av-share-link av-social-link-facebook' ><a target=\"_blank\" aria-label=\"Compartir en Facebook\" href='https:\/\/www.facebook.com\/sharer.php?u=https:\/\/radiorevelacionfm.cl\/?p=57377&#038;t=Sala%20Cuna%20y%20Jard%C3%ADn%20Infantil%20%E2%80%9CMackay%E2%80%9D%20recibe%20certificaci%C3%B3n%20como%20Amigo%20de%20la%20Lactancia%20Materna' aria-hidden='false' data-av_icon='\ue8f3' data-av_iconfont='entypo-fontello' title='' data-avia-related-tooltip='Compartir en Facebook' rel=\"noopener\"><span class='avia_hidden_link_text'>Compartir en Facebook<\/span><\/a><\/li><li class='av-share-link av-social-link-twitter' ><a target=\"_blank\" aria-label=\"Compartir en Twitter\" href='https:\/\/twitter.com\/share?text=Sala%20Cuna%20y%20Jard%C3%ADn%20Infantil%20%E2%80%9CMackay%E2%80%9D%20recibe%20certificaci%C3%B3n%20como%20Amigo%20de%20la%20Lactancia%20Materna&#038;url=https:\/\/radiorevelacionfm.cl\/?p=57377' aria-hidden='false' data-av_icon='\ue8f1' data-av_iconfont='entypo-fontello' title='' data-avia-related-tooltip='Compartir en Twitter' rel=\"noopener\"><span class='avia_hidden_link_text'>Compartir en Twitter<\/span><\/a><\/li><li class='av-share-link av-social-link-whatsapp' ><a target=\"_blank\" aria-label=\"Compartir en Whatsapp\" href='https:\/\/api.whatsapp.com\/send?text=https:\/\/radiorevelacionfm.cl\/?p=57377' aria-hidden='false' data-av_icon='\uf232' data-av_iconfont='entypo-fontello' title='' data-avia-related-tooltip='Compartir en Whatsapp' rel=\"noopener\"><span class='avia_hidden_link_text'>Compartir en Whatsapp<\/span><\/a><\/li><li class='av-share-link av-social-link-linkedin' ><a target=\"_blank\" aria-label=\"Compartir en LinkedIn\" href='https:\/\/linkedin.com\/shareArticle?mini=true&#038;title=Sala%20Cuna%20y%20Jard%C3%ADn%20Infantil%20%E2%80%9CMackay%E2%80%9D%20recibe%20certificaci%C3%B3n%20como%20Amigo%20de%20la%20Lactancia%20Materna&#038;url=https:\/\/radiorevelacionfm.cl\/?p=57377' aria-hidden='false' data-av_icon='\ue8fc' data-av_iconfont='entypo-fontello' title='' data-avia-related-tooltip='Compartir en LinkedIn' rel=\"noopener\"><span class='avia_hidden_link_text'>Compartir en LinkedIn<\/span><\/a><\/li><li class='av-share-link av-social-link-mail' ><a  aria-label=\"Compartir por correo\" href='mailto:?subject=Sala%20Cuna%20y%20Jard%C3%ADn%20Infantil%20%E2%80%9CMackay%E2%80%9D%20recibe%20certificaci%C3%B3n%20como%20Amigo%20de%20la%20Lactancia%20Materna&#038;body=https:\/\/radiorevelacionfm.cl\/?p=57377' aria-hidden='false' data-av_icon='\ue805' data-av_iconfont='entypo-fontello' title='' data-avia-related-tooltip='Compartir por correo'><span class='avia_hidden_link_text'>Compartir por correo<\/span><\/a><\/li><\/ul><\/div><\/div>\n<div  style='height:50px' class='hr hr-invisible   avia-builder-el-8  el_after_av_social_share  el_before_av_comments_list '><span class='hr-inner ' ><span class='hr-inner-style'><\/span><\/span><\/div>\n<div  class='av-buildercomment  av-blog-meta-html-info-disabled av-blog-meta-tag-disabled  '><\/div>\n","protected":false},"excerpt":{"rendered":"","protected":false},"author":1,"featured_media":57390,"comment_status":"closed","ping_status":"closed","sticky":false,"template":"","format":"standard","meta":{"footnotes":""},"categories":[49],"tags":[],"class_list":["post-57377","post","type-post","status-publish","format-standard","has-post-thumbnail","hentry","category-educacion"],"jetpack_featured_media_url":"https:\/\/radiorevelacionfm.cl\/wp-content\/uploads\/2025\/08\/MG_2188-1-1-1.jpg","_links":{"self":[{"href":"https:\/\/radiorevelacionfm.cl\/index.php?rest_route=\/wp\/v2\/posts\/57377","targetHints":{"allow":["GET"]}}],"collection":[{"href":"https:\/\/radiorevelacionfm.cl\/index.php?rest_route=\/wp\/v2\/posts"}],"about":[{"href":"https:\/\/radiorevelacionfm.cl\/index.php?rest_route=\/wp\/v2\/types\/post"}],"author":[{"embeddable":true,"href":"https:\/\/radiorevelacionfm.cl\/index.php?rest_route=\/wp\/v2\/users\/1"}],"replies":[{"embeddable":true,"href":"https:\/\/radiorevelacionfm.cl\/index.php?rest_route=%2Fwp%2Fv2%2Fcomments&post=57377"}],"version-history":[{"count":5,"href":"https:\/\/radiorevelacionfm.cl\/index.php?rest_route=\/wp\/v2\/posts\/57377\/revisions"}],"predecessor-version":[{"id":57410,"href":"https:\/\/radiorevelacionfm.cl\/index.php?rest_route=\/wp\/v2\/posts\/57377\/revisions\/57410"}],"wp:featuredmedia":[{"embeddable":true,"href":"https:\/\/radiorevelacionfm.cl\/index.php?rest_route=\/wp\/v2\/media\/57390"}],"wp:attachment":[{"href":"https:\/\/radiorevelacionfm.cl\/index.php?rest_route=%2Fwp%2Fv2%2Fmedia&parent=57377"}],"wp:term":[{"taxonomy":"category","embeddable":true,"href":"https:\/\/radiorevelacionfm.cl\/index.php?rest_route=%2Fwp%2Fv2%2Fcategories&post=57377"},{"taxonomy":"post_tag","embeddable":true,"href":"https:\/\/radiorevelacionfm.cl\/index.php?rest_route=%2Fwp%2Fv2%2Ftags&post=57377"}],"curies":[{"name":"wp","href":"https:\/\/api.w.org\/{rel}","templated":true}]}}