{"id":57370,"date":"2025-08-05T16:56:15","date_gmt":"2025-08-05T19:56:15","guid":{"rendered":"https:\/\/radiorevelacionfm.cl\/?p=57370"},"modified":"2025-08-05T16:56:15","modified_gmt":"2025-08-05T19:56:15","slug":"turberas-un-tesoro-escondido-en-la-patagonia-abrio-sus-puertas-al-publico-en-el-museo-regional-de-aysen","status":"publish","type":"post","link":"https:\/\/radiorevelacionfm.cl\/?p=57370","title":{"rendered":"Turberas: un tesoro escondido en la Patagonia abri\u00f3 sus puertas al p\u00fablico en el Museo Regional de Ays\u00e9n"},"content":{"rendered":"<div class=\"flex_column av_one_full  flex_column_div av-zero-column-padding first  avia-builder-el-0  el_before_av_one_full  avia-builder-el-first  \" style='border-radius:0px; '><div  class='avia-image-container  av-styling-    avia-builder-el-1  avia-builder-el-no-sibling  avia-align-center '  itemprop=\"image\" itemscope=\"itemscope\" itemtype=\"https:\/\/schema.org\/ImageObject\"  ><div class='avia-image-container-inner'><div class='avia-image-overlay-wrap'><img decoding=\"async\" class='wp-image-57371 avia-img-lazy-loading-not-57371 avia_image' src=\"https:\/\/radiorevelacionfm.cl\/wp-content\/uploads\/2025\/08\/1Z9A3085-1-1.jpg\" alt='' title='1Z9A3085 (1) (1)' height=\"600\" width=\"900\"  itemprop=\"thumbnailUrl\" srcset=\"https:\/\/radiorevelacionfm.cl\/wp-content\/uploads\/2025\/08\/1Z9A3085-1-1.jpg 900w, https:\/\/radiorevelacionfm.cl\/wp-content\/uploads\/2025\/08\/1Z9A3085-1-1-300x200.jpg 300w, https:\/\/radiorevelacionfm.cl\/wp-content\/uploads\/2025\/08\/1Z9A3085-1-1-768x512.jpg 768w, https:\/\/radiorevelacionfm.cl\/wp-content\/uploads\/2025\/08\/1Z9A3085-1-1-705x470.jpg 705w, https:\/\/radiorevelacionfm.cl\/wp-content\/uploads\/2025\/08\/1Z9A3085-1-1-450x300.jpg 450w, https:\/\/radiorevelacionfm.cl\/wp-content\/uploads\/2025\/08\/1Z9A3085-1-1-600x400.jpg 600w\" sizes=\"(max-width: 900px) 100vw, 900px\" \/><\/div><\/div><\/div><\/div><div class=\"flex_column av_one_full  flex_column_div av-zero-column-padding first  avia-builder-el-2  el_after_av_one_full  el_before_av_one_full  column-top-margin\" style='border-radius:0px; '><section class=\"av_textblock_section \"  itemscope=\"itemscope\" itemtype=\"https:\/\/schema.org\/BlogPosting\" itemprop=\"blogPost\" ><div class='avia_textblock  '   itemprop=\"text\" ><p style=\"text-align: center;\"><span style=\"font-size: 18pt;\"><strong>Turberas: un tesoro escondido en la Patagonia abri\u00f3 sus puertas al p\u00fablico en el Museo Regional de Ays\u00e9n<\/strong><\/span><\/p>\n<div id=\"gtx-trans\" style=\"position: absolute; left: -50px; top: 4.31534px;\">\n<div class=\"gtx-trans-icon\"><\/div>\n<\/div>\n<\/div><\/section><\/div><div class=\"flex_column av_one_full  flex_column_div av-zero-column-padding first  avia-builder-el-4  el_after_av_one_full  el_before_av_hr  column-top-margin\" style='border-radius:0px; '><section class=\"av_textblock_section \"  itemscope=\"itemscope\" itemtype=\"https:\/\/schema.org\/BlogPosting\" itemprop=\"blogPost\" ><div class='avia_textblock  '   itemprop=\"text\" ><div>\n<p style=\"text-align: justify;\"><em>Una experiencia inmersiva que une ciencia, arte y naturaleza fue inaugurada este viernes con una amplia participaci\u00f3n de representantes del mundo acad\u00e9mico, liceos t\u00e9cnicos, servicios p\u00fablicos y la comunidad regional.<\/em><\/p>\n<p style=\"text-align: justify;\">Con la participaci\u00f3n de autoridades, acad\u00e9micos, estudiantes y vecinos de la comunidad regional, este viernes se inaugur\u00f3 la exposici\u00f3n\u00a0<strong>\u00ab<\/strong><strong>Turberas: un tesoro escondido en la Patagonia\u00bb<\/strong><b>\u00a0<\/b>en la Sala Cocina de Peones del Museo Regional de Ays\u00e9n. La muestra, impulsada por INIA Tamel Aike con el apoyo del Centro de Investigaci\u00f3n en Ecosistemas de la Patagonia (CIEP) y el propio museo, cuenta con el financiamiento del Programa Ciencia P\u00fablica del Ministerio de Ciencia, Tecnolog\u00eda, Conocimiento e Innovaci\u00f3n.<\/p>\n<p style=\"text-align: justify;\">La exposici\u00f3n, gratuita y abierta a todo p\u00fablico durante el mes de agosto, ofrece una experiencia inmersiva que une ciencia, arte y naturaleza, con el objetivo de acercar a la ciudadan\u00eda al conocimiento de estos valiosos humedales, fundamentales para el equilibrio de los ecosistemas, la regulaci\u00f3n del agua y el secuestro de carbono.<\/p>\n<p style=\"text-align: justify;\">La ceremonia inaugural cont\u00f3 con la presencia del seremi de Agricultura de Ays\u00e9n, Eugenio Ruiz, quien valor\u00f3 la iniciativa destacando que \u00abhoy d\u00eda en la regi\u00f3n de Ays\u00e9n, el 64 % del sector donde tenemos las turberas est\u00e1 en la provincia de Capit\u00e1n Prat. Por lo tanto, es importante que la comunidad, los colegios, se interesan por conocer este recurso que es muy fr\u00e1gil. Ahora, en t\u00e9rminos de sustentabilidad, tambi\u00e9n es importante reconocer que las turberas cumplen un rol ambiental en la protecci\u00f3n del medio ambiente y la conservaci\u00f3n del recurso h\u00eddrico a trav\u00e9s del agua lluvia\u00bb.<\/p>\n<p style=\"text-align: justify;\">Por su parte, la directora regional de INIA Tamel Aike, Camila Reyes, enfatiz\u00f3 el valor de esta propuesta, indicando que \u00abes importante saber que presta otros servicios ecosist\u00e9micos como la captura de carbono, biodiversidad y regulaci\u00f3n de las aguas. As\u00ed que aqu\u00ed hay un trabajo de investigaci\u00f3n que se hizo en conjunto con el CIEP y con el Museo Regional y que ha sido financiado por ciencia, lo que nos va a permitir hacer una bajada de todo el conocimiento y el trabajo que ha realizado INIA desde el a\u00f1o 2018, donde partimos trabajando con recursos del Gobierno Regional de Ays\u00e9n\u00bb.<\/p>\n<p style=\"text-align: justify;\">\u00abLa ciencia es una herramienta que permite mejorar nuestro entorno, fomentando el pensamiento cr\u00edtico, que es clave para los desaf\u00edos que hoy vivimos\u00bb, se\u00f1al\u00f3 Pablo Brugnoli, jefe de la Divisi\u00f3n Ciencia y Sociedad del MinCiencia. \u00abPara que esto suceda se necesita difusi\u00f3n y herramientas que entreguen informaci\u00f3n valiosa sobre nuestro entorno, facilitando la comprensi\u00f3n del mundo. En definitiva, llegar a las personas con acciones que hagan sentido, como esta exposici\u00f3n\u00bb.<\/p>\n<p style=\"text-align: justify;\">El evento cont\u00f3 adem\u00e1s con la presencia del seremi de las Culturas, las Artes y el Patrimonio, Felipe Quiroz; del director del Museo Regional de Ays\u00e9n, Gustavo Saldivia; del representante del CIEP, Brian Reid; as\u00ed como autoridades locales y representantes de distintos servicios p\u00fablicos. La inauguraci\u00f3n congreg\u00f3 tambi\u00e9n a acad\u00e9micos, miembros de instituciones como Fundaci\u00f3n Kreen, Universidad de Ays\u00e9n, el Liceo Josefina Aguirre, y una delegaci\u00f3n de la Escuela V\u00edctor Domingo Silva, junto a vecinas y vecinos de Coyhaique.<\/p>\n<p style=\"text-align: justify;\">Entre los asistentes, Paula Ojeda, estudiante de Geograf\u00eda, comparti\u00f3 su impresi\u00f3n sobre la muestra, se\u00f1alando que\u00bbesta exposici\u00f3n permite adentrarse un poco en este ecosistema a partir del arte y la ciencia. Una conjunci\u00f3n muy virtuosa. Y tambi\u00e9n creo que es impresionante reconocer la cantidad de a\u00f1os y los procesos ecol\u00f3gicos que han ocurrido para que la acumulaci\u00f3n de turba finalmente se transforme en el crecimiento de musgos, flora y fauna muy diversa\u00bb.<\/p>\n<p style=\"text-align: justify;\">Asimismo, Patricio Mu\u00f1oz, profesor de Ciencias de la Escuela V\u00edctor Domingo Silva, destac\u00f3 que \u00abest\u00e1 s\u00faper did\u00e1ctica, s\u00faper comprensible y siento que para toda la edad ocupa este lado art\u00edstico que llama la atenci\u00f3n, ocupa la tecnolog\u00eda que a los ni\u00f1os les gusta mucho con las aplicaciones que ellos mismos ocupan, como TikTok. Entonces est\u00e1 s\u00faper llamativa, s\u00faper completa adem\u00e1s y queda clar\u00edsimo todo el valor y la importancia que tiene este ecosistema\u00bb.<\/p>\n<p style=\"text-align: justify;\">La investigadora de INIA Tamel Aike y encargada del proyecto, Mar\u00eda Paz Mart\u00ednez, subray\u00f3 que \u00abel objetivo de la exposici\u00f3n es acercar las turberas a la comunidad. Es muy dif\u00edcil ir a una turbera, entonces traerlas aqu\u00ed al museo y que la gente pueda entender de qu\u00e9 se tratan sus funciones y servicios ecosist\u00e9micos es lo importante para nosotros\u00bb.<\/p>\n<p style=\"text-align: justify;\">La exposici\u00f3n estar\u00e1 disponible de forma gratuita hasta el 31 de agosto en el Museo Regional de Ays\u00e9n. La propuesta integra contenido cient\u00edfico elaborado por INIA con una aproximaci\u00f3n art\u00edstica que permite comprender, de manera l\u00fadica e informada, la importancia de conservar estos ecosistemas. A trav\u00e9s de paneles ilustrativos y contenido audiovisual se explica qu\u00e9 son las turberas, c\u00f3mo se forman y por qu\u00e9 son clave para la historia ambiental del planeta.<\/p>\n<\/div>\n<div style=\"text-align: justify;\"><\/div>\n<\/div><\/section><\/div><div  style='height:50px' class='hr hr-invisible   avia-builder-el-6  el_after_av_one_full  el_before_av_social_share '><span class='hr-inner ' ><span class='hr-inner-style'><\/span><\/span><\/div><\/p>\n<div  class='av-social-sharing-box  avia-builder-el-7  el_after_av_hr  el_before_av_hr  '><div class='av-share-box'><h5 class='av-share-link-description av-no-toc '>Compartir esta noticia<\/h5><ul class='av-share-box-list noLightbox'><li class='av-share-link av-social-link-facebook' ><a target=\"_blank\" aria-label=\"Compartir en Facebook\" href='https:\/\/www.facebook.com\/sharer.php?u=https:\/\/radiorevelacionfm.cl\/?p=57370&#038;t=Turberas%3A%20un%20tesoro%20escondido%20en%20la%20Patagonia%20abri%C3%B3%20sus%20puertas%20al%20p%C3%BAblico%20en%20el%20Museo%20Regional%20de%20Ays%C3%A9n' aria-hidden='false' data-av_icon='\ue8f3' data-av_iconfont='entypo-fontello' title='' data-avia-related-tooltip='Compartir en Facebook' rel=\"noopener\"><span class='avia_hidden_link_text'>Compartir en Facebook<\/span><\/a><\/li><li class='av-share-link av-social-link-twitter' ><a target=\"_blank\" aria-label=\"Compartir en Twitter\" href='https:\/\/twitter.com\/share?text=Turberas%3A%20un%20tesoro%20escondido%20en%20la%20Patagonia%20abri%C3%B3%20sus%20puertas%20al%20p%C3%BAblico%20en%20el%20Museo%20Regional%20de%20Ays%C3%A9n&#038;url=https:\/\/radiorevelacionfm.cl\/?p=57370' aria-hidden='false' data-av_icon='\ue8f1' data-av_iconfont='entypo-fontello' title='' data-avia-related-tooltip='Compartir en Twitter' rel=\"noopener\"><span class='avia_hidden_link_text'>Compartir en Twitter<\/span><\/a><\/li><li class='av-share-link av-social-link-whatsapp' ><a target=\"_blank\" aria-label=\"Compartir en Whatsapp\" href='https:\/\/api.whatsapp.com\/send?text=https:\/\/radiorevelacionfm.cl\/?p=57370' aria-hidden='false' data-av_icon='\uf232' data-av_iconfont='entypo-fontello' title='' data-avia-related-tooltip='Compartir en Whatsapp' rel=\"noopener\"><span class='avia_hidden_link_text'>Compartir en Whatsapp<\/span><\/a><\/li><li class='av-share-link av-social-link-linkedin' ><a target=\"_blank\" aria-label=\"Compartir en LinkedIn\" href='https:\/\/linkedin.com\/shareArticle?mini=true&#038;title=Turberas%3A%20un%20tesoro%20escondido%20en%20la%20Patagonia%20abri%C3%B3%20sus%20puertas%20al%20p%C3%BAblico%20en%20el%20Museo%20Regional%20de%20Ays%C3%A9n&#038;url=https:\/\/radiorevelacionfm.cl\/?p=57370' aria-hidden='false' data-av_icon='\ue8fc' data-av_iconfont='entypo-fontello' title='' data-avia-related-tooltip='Compartir en LinkedIn' rel=\"noopener\"><span class='avia_hidden_link_text'>Compartir en LinkedIn<\/span><\/a><\/li><li class='av-share-link av-social-link-mail' ><a  aria-label=\"Compartir por correo\" href='mailto:?subject=Turberas%3A%20un%20tesoro%20escondido%20en%20la%20Patagonia%20abri%C3%B3%20sus%20puertas%20al%20p%C3%BAblico%20en%20el%20Museo%20Regional%20de%20Ays%C3%A9n&#038;body=https:\/\/radiorevelacionfm.cl\/?p=57370' aria-hidden='false' data-av_icon='\ue805' data-av_iconfont='entypo-fontello' title='' data-avia-related-tooltip='Compartir por correo'><span class='avia_hidden_link_text'>Compartir por correo<\/span><\/a><\/li><\/ul><\/div><\/div>\n<div  style='height:50px' class='hr hr-invisible   avia-builder-el-8  el_after_av_social_share  el_before_av_comments_list '><span class='hr-inner ' ><span class='hr-inner-style'><\/span><\/span><\/div>\n<div  class='av-buildercomment  av-blog-meta-html-info-disabled av-blog-meta-tag-disabled  '><\/div>\n","protected":false},"excerpt":{"rendered":"","protected":false},"author":1,"featured_media":57371,"comment_status":"closed","ping_status":"closed","sticky":false,"template":"","format":"standard","meta":{"footnotes":""},"categories":[38],"tags":[],"class_list":["post-57370","post","type-post","status-publish","format-standard","has-post-thumbnail","hentry","category-regional"],"jetpack_featured_media_url":"https:\/\/radiorevelacionfm.cl\/wp-content\/uploads\/2025\/08\/1Z9A3085-1-1.jpg","_links":{"self":[{"href":"https:\/\/radiorevelacionfm.cl\/index.php?rest_route=\/wp\/v2\/posts\/57370","targetHints":{"allow":["GET"]}}],"collection":[{"href":"https:\/\/radiorevelacionfm.cl\/index.php?rest_route=\/wp\/v2\/posts"}],"about":[{"href":"https:\/\/radiorevelacionfm.cl\/index.php?rest_route=\/wp\/v2\/types\/post"}],"author":[{"embeddable":true,"href":"https:\/\/radiorevelacionfm.cl\/index.php?rest_route=\/wp\/v2\/users\/1"}],"replies":[{"embeddable":true,"href":"https:\/\/radiorevelacionfm.cl\/index.php?rest_route=%2Fwp%2Fv2%2Fcomments&post=57370"}],"version-history":[{"count":2,"href":"https:\/\/radiorevelacionfm.cl\/index.php?rest_route=\/wp\/v2\/posts\/57370\/revisions"}],"predecessor-version":[{"id":57376,"href":"https:\/\/radiorevelacionfm.cl\/index.php?rest_route=\/wp\/v2\/posts\/57370\/revisions\/57376"}],"wp:featuredmedia":[{"embeddable":true,"href":"https:\/\/radiorevelacionfm.cl\/index.php?rest_route=\/wp\/v2\/media\/57371"}],"wp:attachment":[{"href":"https:\/\/radiorevelacionfm.cl\/index.php?rest_route=%2Fwp%2Fv2%2Fmedia&parent=57370"}],"wp:term":[{"taxonomy":"category","embeddable":true,"href":"https:\/\/radiorevelacionfm.cl\/index.php?rest_route=%2Fwp%2Fv2%2Fcategories&post=57370"},{"taxonomy":"post_tag","embeddable":true,"href":"https:\/\/radiorevelacionfm.cl\/index.php?rest_route=%2Fwp%2Fv2%2Ftags&post=57370"}],"curies":[{"name":"wp","href":"https:\/\/api.w.org\/{rel}","templated":true}]}}