{"id":57367,"date":"2025-08-05T16:06:23","date_gmt":"2025-08-05T19:06:23","guid":{"rendered":"https:\/\/radiorevelacionfm.cl\/?p=57367"},"modified":"2025-08-05T16:06:23","modified_gmt":"2025-08-05T19:06:23","slug":"fosis-invita-a-personas-emprendedoras-a-informarse-y-postular-al-programa-de-acceso-al-microcredito","status":"publish","type":"post","link":"https:\/\/radiorevelacionfm.cl\/?p=57367","title":{"rendered":"Fosis invita a personas emprendedoras a informarse y postular al programa de Acceso al Microcr\u00e9dito"},"content":{"rendered":"<div class=\"flex_column av_one_full  flex_column_div av-zero-column-padding first  avia-builder-el-0  el_before_av_one_full  avia-builder-el-first  \" style='border-radius:0px; '><div  class='avia-image-container  av-styling-    avia-builder-el-1  avia-builder-el-no-sibling  avia-align-center '  itemprop=\"image\" itemscope=\"itemscope\" itemtype=\"https:\/\/schema.org\/ImageObject\"  ><div class='avia-image-container-inner'><div class='avia-image-overlay-wrap'><img decoding=\"async\" class='wp-image-57368 avia-img-lazy-loading-not-57368 avia_image' src=\"https:\/\/radiorevelacionfm.cl\/wp-content\/uploads\/2025\/08\/pam1-2-1_optimized-1.jpeg\" alt='' title='pam1-(2)-(1)_optimized (1)' height=\"600\" width=\"1026\"  itemprop=\"thumbnailUrl\" srcset=\"https:\/\/radiorevelacionfm.cl\/wp-content\/uploads\/2025\/08\/pam1-2-1_optimized-1.jpeg 1026w, https:\/\/radiorevelacionfm.cl\/wp-content\/uploads\/2025\/08\/pam1-2-1_optimized-1-300x175.jpeg 300w, https:\/\/radiorevelacionfm.cl\/wp-content\/uploads\/2025\/08\/pam1-2-1_optimized-1-768x449.jpeg 768w, https:\/\/radiorevelacionfm.cl\/wp-content\/uploads\/2025\/08\/pam1-2-1_optimized-1-705x412.jpeg 705w, https:\/\/radiorevelacionfm.cl\/wp-content\/uploads\/2025\/08\/pam1-2-1_optimized-1-450x263.jpeg 450w, https:\/\/radiorevelacionfm.cl\/wp-content\/uploads\/2025\/08\/pam1-2-1_optimized-1-600x351.jpeg 600w\" sizes=\"(max-width: 1026px) 100vw, 1026px\" \/><\/div><\/div><\/div><\/div><div class=\"flex_column av_one_full  flex_column_div av-zero-column-padding first  avia-builder-el-2  el_after_av_one_full  el_before_av_one_full  column-top-margin\" style='border-radius:0px; '><section class=\"av_textblock_section \"  itemscope=\"itemscope\" itemtype=\"https:\/\/schema.org\/BlogPosting\" itemprop=\"blogPost\" ><div class='avia_textblock  '   itemprop=\"text\" ><p style=\"text-align: center;\"><strong><span style=\"font-size: 18pt;\">Fosis invita a personas emprendedoras a informarse y postular al programa de Acceso al Microcr\u00e9dito<\/span><\/strong><\/p>\n<div id=\"gtx-trans\" style=\"position: absolute; left: -50px; top: 4.31534px;\">\n<div class=\"gtx-trans-icon\"><\/div>\n<\/div>\n<\/div><\/section><\/div><div class=\"flex_column av_one_full  flex_column_div av-zero-column-padding first  avia-builder-el-4  el_after_av_one_full  el_before_av_hr  column-top-margin\" style='border-radius:0px; '><section class=\"av_textblock_section \"  itemscope=\"itemscope\" itemtype=\"https:\/\/schema.org\/BlogPosting\" itemprop=\"blogPost\" ><div class='avia_textblock  '   itemprop=\"text\" ><ul>\n<li style=\"text-align: justify;\"><em>Esta iniciativa disponible para las comunas de Coyhaique y Ays\u00e9n subsidiar\u00e1 operaciones para impulsar emprendimientos, organizaciones sociales y asociaciones de emprendedores, a trav\u00e9s de instituciones financieras. <\/em><em>Se puede postular en el Portal de Emprendimiento y <a href=\"http:\/\/www.fosis.gob.cl\">fosis.gob.cl<\/a> hasta el 15 de agosto.<\/em><\/li>\n<\/ul>\n<p style=\"text-align: justify;\">El Fondo de Solidaridad e Inversi\u00f3n Social, FOSIS, abri\u00f3 las postulaciones de una nueva iniciativa orientada a entregar financiamiento y capacitaci\u00f3n, mediante acceso a microcr\u00e9ditos financieros, a trav\u00e9s del Programa de Acceso al Microcr\u00e9dito.<\/p>\n<p style=\"text-align: justify;\">El programa convoca a las personas que tienen un emprendimiento funcionando o pertenecen a agrupaciones sociales o asociaciones de emprendedores, que se encuentren dentro del 60% m\u00e1s vulnerable seg\u00fan el Registro Social de Hogares, y que necesiten acceder a financiamiento para hacer crecer su actividad productiva, mediante un microcr\u00e9dito emitido por una entidad financiera.<\/p>\n<p style=\"text-align: justify;\">La directora regional del FOSIS, Fernanda Leiva Mu\u00f1oz, estuvo participando del evento \u201cJuventudes protagonistas\u201d, donde entreg\u00f3 informaci\u00f3n detallada de esta iniciativa, junto con convocar a personas emprendedoras de las comunas de Coyhaique y Ays\u00e9n a aprovechar esta oportunidad de fortalecer sus iniciativas productivas:<\/p>\n<p style=\"text-align: justify;\">\u201cQueremos invitar a todas las personas emprendedoras de las comunas de Coyhaique y Ays\u00e9n a informarse y postular al programa de Acceso al Microcr\u00e9dito, ya sea de manera individual o grupal. Pueden postular hasta el 15 de abril directamente a trav\u00e9s del Portal de Emprendimiento o pueden ingresar tambi\u00e9n desde la web del FOSIS\u201d.<\/p>\n<p style=\"text-align: justify;\">La autoridad adem\u00e1s asegur\u00f3 que \u201csabemos que para las personas vulnerables que eligen el camino del emprendimiento, muchas veces es dif\u00edcil poder acceder a instancias de apoyo a trav\u00e9s de la banca formal por las altas tasas de inter\u00e9s. Esto impide que muchos negocios puedan seguir creciendo y avanzado hacia su consolidaci\u00f3n.\u201d<\/p>\n<p style=\"text-align: justify;\">Las personas seleccionadas ser\u00e1n puestas en contacto con una instituci\u00f3n de microfinanzas que evaluar\u00e1n los antecedentes, establecer\u00e1n las condiciones de pago y entregar\u00e1n el dinero solicitado. Se puede optar a recibir cr\u00e9ditos de hasta $500.000, dependiendo del resultado de la evaluaci\u00f3n financiera.<\/p>\n<p style=\"text-align: justify;\">Para postular al programa, las personas emprendedoras interesadas deben completar un formulario disponible en el Portal de Emprendimiento y en la p\u00e1gina web del FOSIS, en <a href=\"http:\/\/www.fosis.gob.cl\">www.fosis.gob.cl<\/a> hasta el 15 de agosto de 2025.<\/p>\n<\/div><\/section><\/div><div  style='height:50px' class='hr hr-invisible   avia-builder-el-6  el_after_av_one_full  el_before_av_social_share '><span class='hr-inner ' ><span class='hr-inner-style'><\/span><\/span><\/div><\/p>\n<div  class='av-social-sharing-box  avia-builder-el-7  el_after_av_hr  el_before_av_hr  '><div class='av-share-box'><h5 class='av-share-link-description av-no-toc '>Compartir esta noticia<\/h5><ul class='av-share-box-list noLightbox'><li class='av-share-link av-social-link-facebook' ><a target=\"_blank\" aria-label=\"Compartir en Facebook\" href='https:\/\/www.facebook.com\/sharer.php?u=https:\/\/radiorevelacionfm.cl\/?p=57367&#038;t=Fosis%20invita%20a%20personas%20emprendedoras%20a%20informarse%20y%20postular%20al%20programa%20de%20Acceso%20al%20Microcr%C3%A9dito' aria-hidden='false' data-av_icon='\ue8f3' data-av_iconfont='entypo-fontello' title='' data-avia-related-tooltip='Compartir en Facebook' rel=\"noopener\"><span class='avia_hidden_link_text'>Compartir en Facebook<\/span><\/a><\/li><li class='av-share-link av-social-link-twitter' ><a target=\"_blank\" aria-label=\"Compartir en Twitter\" href='https:\/\/twitter.com\/share?text=Fosis%20invita%20a%20personas%20emprendedoras%20a%20informarse%20y%20postular%20al%20programa%20de%20Acceso%20al%20Microcr%C3%A9dito&#038;url=https:\/\/radiorevelacionfm.cl\/?p=57367' aria-hidden='false' data-av_icon='\ue8f1' data-av_iconfont='entypo-fontello' title='' data-avia-related-tooltip='Compartir en Twitter' rel=\"noopener\"><span class='avia_hidden_link_text'>Compartir en Twitter<\/span><\/a><\/li><li class='av-share-link av-social-link-whatsapp' ><a target=\"_blank\" aria-label=\"Compartir en Whatsapp\" href='https:\/\/api.whatsapp.com\/send?text=https:\/\/radiorevelacionfm.cl\/?p=57367' aria-hidden='false' data-av_icon='\uf232' data-av_iconfont='entypo-fontello' title='' data-avia-related-tooltip='Compartir en Whatsapp' rel=\"noopener\"><span class='avia_hidden_link_text'>Compartir en Whatsapp<\/span><\/a><\/li><li class='av-share-link av-social-link-linkedin' ><a target=\"_blank\" aria-label=\"Compartir en LinkedIn\" href='https:\/\/linkedin.com\/shareArticle?mini=true&#038;title=Fosis%20invita%20a%20personas%20emprendedoras%20a%20informarse%20y%20postular%20al%20programa%20de%20Acceso%20al%20Microcr%C3%A9dito&#038;url=https:\/\/radiorevelacionfm.cl\/?p=57367' aria-hidden='false' data-av_icon='\ue8fc' data-av_iconfont='entypo-fontello' title='' data-avia-related-tooltip='Compartir en LinkedIn' rel=\"noopener\"><span class='avia_hidden_link_text'>Compartir en LinkedIn<\/span><\/a><\/li><li class='av-share-link av-social-link-mail' ><a  aria-label=\"Compartir por correo\" href='mailto:?subject=Fosis%20invita%20a%20personas%20emprendedoras%20a%20informarse%20y%20postular%20al%20programa%20de%20Acceso%20al%20Microcr%C3%A9dito&#038;body=https:\/\/radiorevelacionfm.cl\/?p=57367' aria-hidden='false' data-av_icon='\ue805' data-av_iconfont='entypo-fontello' title='' data-avia-related-tooltip='Compartir por correo'><span class='avia_hidden_link_text'>Compartir por correo<\/span><\/a><\/li><\/ul><\/div><\/div>\n<div  style='height:50px' class='hr hr-invisible   avia-builder-el-8  el_after_av_social_share  el_before_av_comments_list '><span class='hr-inner ' ><span class='hr-inner-style'><\/span><\/span><\/div>\n<div  class='av-buildercomment  av-blog-meta-html-info-disabled av-blog-meta-tag-disabled  '><\/div>\n","protected":false},"excerpt":{"rendered":"","protected":false},"author":1,"featured_media":57368,"comment_status":"closed","ping_status":"closed","sticky":false,"template":"","format":"standard","meta":{"footnotes":""},"categories":[38],"tags":[],"class_list":["post-57367","post","type-post","status-publish","format-standard","has-post-thumbnail","hentry","category-regional"],"jetpack_featured_media_url":"https:\/\/radiorevelacionfm.cl\/wp-content\/uploads\/2025\/08\/pam1-2-1_optimized-1.jpeg","_links":{"self":[{"href":"https:\/\/radiorevelacionfm.cl\/index.php?rest_route=\/wp\/v2\/posts\/57367","targetHints":{"allow":["GET"]}}],"collection":[{"href":"https:\/\/radiorevelacionfm.cl\/index.php?rest_route=\/wp\/v2\/posts"}],"about":[{"href":"https:\/\/radiorevelacionfm.cl\/index.php?rest_route=\/wp\/v2\/types\/post"}],"author":[{"embeddable":true,"href":"https:\/\/radiorevelacionfm.cl\/index.php?rest_route=\/wp\/v2\/users\/1"}],"replies":[{"embeddable":true,"href":"https:\/\/radiorevelacionfm.cl\/index.php?rest_route=%2Fwp%2Fv2%2Fcomments&post=57367"}],"version-history":[{"count":2,"href":"https:\/\/radiorevelacionfm.cl\/index.php?rest_route=\/wp\/v2\/posts\/57367\/revisions"}],"predecessor-version":[{"id":57373,"href":"https:\/\/radiorevelacionfm.cl\/index.php?rest_route=\/wp\/v2\/posts\/57367\/revisions\/57373"}],"wp:featuredmedia":[{"embeddable":true,"href":"https:\/\/radiorevelacionfm.cl\/index.php?rest_route=\/wp\/v2\/media\/57368"}],"wp:attachment":[{"href":"https:\/\/radiorevelacionfm.cl\/index.php?rest_route=%2Fwp%2Fv2%2Fmedia&parent=57367"}],"wp:term":[{"taxonomy":"category","embeddable":true,"href":"https:\/\/radiorevelacionfm.cl\/index.php?rest_route=%2Fwp%2Fv2%2Fcategories&post=57367"},{"taxonomy":"post_tag","embeddable":true,"href":"https:\/\/radiorevelacionfm.cl\/index.php?rest_route=%2Fwp%2Fv2%2Ftags&post=57367"}],"curies":[{"name":"wp","href":"https:\/\/api.w.org\/{rel}","templated":true}]}}