{"id":57362,"date":"2025-08-05T14:57:59","date_gmt":"2025-08-05T17:57:59","guid":{"rendered":"https:\/\/radiorevelacionfm.cl\/?p=57362"},"modified":"2025-08-05T15:01:36","modified_gmt":"2025-08-05T18:01:36","slug":"corte-de-apelaciones-de-coyhaique-ordena-a-municipio-podar-o-talar-arboles-en-riesgo-de-caida","status":"publish","type":"post","link":"https:\/\/radiorevelacionfm.cl\/?p=57362","title":{"rendered":"Justicia ordena a Municipalidad de Cisnes podar o talar \u00e1rboles en riesgo de ca\u00edda"},"content":{"rendered":"<div class=\"flex_column av_one_full  flex_column_div av-zero-column-padding first  avia-builder-el-0  el_before_av_one_full  avia-builder-el-first  \" style='border-radius:0px; '><div  class='avia-image-container  av-styling-    avia-builder-el-1  avia-builder-el-no-sibling  avia-align-center '  itemprop=\"image\" itemscope=\"itemscope\" itemtype=\"https:\/\/schema.org\/ImageObject\"  ><div class='avia-image-container-inner'><div class='avia-image-overlay-wrap'><img decoding=\"async\" class='wp-image-15417 avia-img-lazy-loading-not-15417 avia_image' src=\"https:\/\/radiorevelacionfm.cl\/wp-content\/uploads\/2022\/04\/municipalidad-cisnes-1_optimized.jpg\" alt='' title='municipalidad-cisnes-(1)_optimized' height=\"600\" width=\"800\"  itemprop=\"thumbnailUrl\" srcset=\"https:\/\/radiorevelacionfm.cl\/wp-content\/uploads\/2022\/04\/municipalidad-cisnes-1_optimized.jpg 800w, https:\/\/radiorevelacionfm.cl\/wp-content\/uploads\/2022\/04\/municipalidad-cisnes-1_optimized-300x225.jpg 300w, https:\/\/radiorevelacionfm.cl\/wp-content\/uploads\/2022\/04\/municipalidad-cisnes-1_optimized-768x576.jpg 768w, https:\/\/radiorevelacionfm.cl\/wp-content\/uploads\/2022\/04\/municipalidad-cisnes-1_optimized-705x529.jpg 705w, https:\/\/radiorevelacionfm.cl\/wp-content\/uploads\/2022\/04\/municipalidad-cisnes-1_optimized-600x450.jpg 600w\" sizes=\"(max-width: 800px) 100vw, 800px\" \/><\/div><\/div><\/div><\/div><div class=\"flex_column av_one_full  flex_column_div av-zero-column-padding first  avia-builder-el-2  el_after_av_one_full  el_before_av_one_full  column-top-margin\" style='border-radius:0px; '><section class=\"av_textblock_section \"  itemscope=\"itemscope\" itemtype=\"https:\/\/schema.org\/BlogPosting\" itemprop=\"blogPost\" ><div class='avia_textblock  '   itemprop=\"text\" ><p style=\"text-align: center;\"><strong><span style=\"font-size: 18pt;\">Justicia ordena a Municipalidad de Cisnes podar o talar \u00e1rboles en riesgo de ca\u00edda<\/span><\/strong><\/p>\n<div id=\"gtx-trans\" style=\"position: absolute; left: -50px; top: 4.31534px;\">\n<div class=\"gtx-trans-icon\"><\/div>\n<\/div>\n<\/div><\/section><\/div><div class=\"flex_column av_one_full  flex_column_div av-zero-column-padding first  avia-builder-el-4  el_after_av_one_full  el_before_av_hr  column-top-margin\" style='border-radius:0px; '><section class=\"av_textblock_section \"  itemscope=\"itemscope\" itemtype=\"https:\/\/schema.org\/BlogPosting\" itemprop=\"blogPost\" ><div class='avia_textblock  '   itemprop=\"text\" ><p class=\"v1MsoNormal\" style=\"text-align: justify;\">La Corte de Apelaciones de Coyhaique acogi\u00f3 el recurso de protecci\u00f3n deducido en contra de la Municipalidad de Cisnes, y le orden\u00f3 a la casa edilicia proceder, en el plazo de 30 d\u00edas, a podar o talar \u00e1rboles en mal estado que ponen en riesgo a residentes y transe\u00fantes ubicados en la calle Jos\u00e9 Mar\u00eda Caro, en la comuna de Puerto Cisnes.<\/p>\n<p class=\"v1MsoNormal\" style=\"text-align: justify;\">En fallo un\u00e1nime (causa rol 135-2025), la Primera Sala del Tribunal de alzada \u2013integrada por los ministros Pedro Castro Espinoza, Luis Aedo Mora y Natalia Rencoret Oliva\u2013 acogi\u00f3 la acci\u00f3n constitucional, tras establecer la falta de razonabilidad en la tardanza municipal al requerimiento formulado.<\/p>\n<p class=\"v1MsoNormal\" style=\"text-align: justify;\">\u00abQue, en cuanto a la respuesta otorgada por la Ilustre Municipalidad de Cisnes a la solicitud presentada, se observa que, si bien el 10 de junio de 2025, la directora (s) de Obras Municipales, se comunic\u00f3 telef\u00f3nicamente con la recurrente, manifest\u00e1ndole que se proceder\u00eda a la tala de los \u00e1rboles en cuesti\u00f3n, dicha respuesta se estima incompleta y de evidente incertidumbre, pues no se le proporcion\u00f3 una fecha cierta ni menos un plazo determinado para la ejecuci\u00f3n de la medida impetrada\u00bb, sostiene el fallo.<\/p>\n<p class=\"v1MsoNormal\" style=\"text-align: justify;\">La resoluci\u00f3n agrega que: \u00abAs\u00ed las cosas, la falta de claridad y la ausencia de plazos espec\u00edficos para la ejecuci\u00f3n de las medidas de seguridad solicitadas, no solo genera incertidumbre, sino que tambi\u00e9n mantiene el riesgo existente, perpetuando la situaci\u00f3n de peligro que afecta a los locatarios, transe\u00fantes y habitantes de la comuna de Cisnes, que se desplazan por los alrededores inmediatos del sector en que se ubican los \u00e1rboles cuya poda o tala se ha solicitado\u00bb.<\/p>\n<p class=\"v1MsoNormal\" style=\"text-align: justify;\">\u00abQue, a pesar de la promesa de acci\u00f3n, hasta la fecha del presente fallo, los \u00e1rboles contin\u00faan en el mismo estado, sin que se haya realizado la intervenci\u00f3n necesaria para mitigar el riesgo inminente que representa para la seguridad de la poblaci\u00f3n\u00bb, a\u00f1ade.<\/p>\n<p class=\"v1MsoNormal\" style=\"text-align: justify;\">Para el tribunal de alzada: \u00abLa falta de una respuesta formal y clara constituye una omisi\u00f3n en el cumplimiento de la obligaci\u00f3n de la administraci\u00f3n municipal de proteger la seguridad y bienestar de los ciudadanos, la cual reviste los caracteres sino de ilegalidad, a lo menos de arbitrariedad exigidos para otorgar la tutela que por esta v\u00eda se requiere, dada la carencia de razonabilidad de la tardanza en la respuesta al requerimiento formulado, advirtiendo la concurrencia de una amenaza de afectaci\u00f3n del derecho a la integridad f\u00edsica de la recurrente y vecinos del sector adyacente, que incumbe ser corregido mediante la adopci\u00f3n de las providencias destinadas a restablecer el imperio del derecho y a otorgar la debida protecci\u00f3n impetrada\u00bb.<\/p>\n<p class=\"v1MsoNormal\" style=\"text-align: justify;\">Por tanto, se resuelve que: \u00ab<b>SE ACOGE<\/b>, con costas, la acci\u00f3n de protecci\u00f3n promovida por Fernando Coronado Mellado, abogado, en favor de Silvia Agustina Labra Mu\u00f1oz, en contra de la Ilustre Municipalidad de Cisnes, representada por el alcalde Francisco Roncagliolo Lep\u00edo, en cuanto se ordena a esta \u00faltima la poda o tala de los \u00e1rboles ubicados en el sector calle Jos\u00e9 Mar\u00eda Caro sin n\u00famero, en un plazo prudencial de 30 d\u00edas, contados a partir desde que quede ejecutoriado el presente fallo\u00bb.<\/p>\n<\/div><\/section><\/div><\/p>\n<div  style='height:50px' class='hr hr-invisible   avia-builder-el-6  el_after_av_one_full  el_before_av_social_share '><span class='hr-inner ' ><span class='hr-inner-style'><\/span><\/span><\/div>\n<div  class='av-social-sharing-box  avia-builder-el-7  el_after_av_hr  el_before_av_hr  '><div class='av-share-box'><h5 class='av-share-link-description av-no-toc '>Compartir esta noticia<\/h5><ul class='av-share-box-list noLightbox'><li class='av-share-link av-social-link-facebook' ><a target=\"_blank\" aria-label=\"Compartir en Facebook\" href='https:\/\/www.facebook.com\/sharer.php?u=https:\/\/radiorevelacionfm.cl\/?p=57362&#038;t=Justicia%20ordena%20a%20Municipalidad%20de%20Cisnes%20podar%20o%20talar%20%C3%A1rboles%20en%20riesgo%20de%20ca%C3%ADda' aria-hidden='false' data-av_icon='\ue8f3' data-av_iconfont='entypo-fontello' title='' data-avia-related-tooltip='Compartir en Facebook' rel=\"noopener\"><span class='avia_hidden_link_text'>Compartir en Facebook<\/span><\/a><\/li><li class='av-share-link av-social-link-twitter' ><a target=\"_blank\" aria-label=\"Compartir en Twitter\" href='https:\/\/twitter.com\/share?text=Justicia%20ordena%20a%20Municipalidad%20de%20Cisnes%20podar%20o%20talar%20%C3%A1rboles%20en%20riesgo%20de%20ca%C3%ADda&#038;url=https:\/\/radiorevelacionfm.cl\/?p=57362' aria-hidden='false' data-av_icon='\ue8f1' data-av_iconfont='entypo-fontello' title='' data-avia-related-tooltip='Compartir en Twitter' rel=\"noopener\"><span class='avia_hidden_link_text'>Compartir en Twitter<\/span><\/a><\/li><li class='av-share-link av-social-link-whatsapp' ><a target=\"_blank\" aria-label=\"Compartir en Whatsapp\" href='https:\/\/api.whatsapp.com\/send?text=https:\/\/radiorevelacionfm.cl\/?p=57362' aria-hidden='false' data-av_icon='\uf232' data-av_iconfont='entypo-fontello' title='' data-avia-related-tooltip='Compartir en Whatsapp' rel=\"noopener\"><span class='avia_hidden_link_text'>Compartir en Whatsapp<\/span><\/a><\/li><li class='av-share-link av-social-link-linkedin' ><a target=\"_blank\" aria-label=\"Compartir en LinkedIn\" href='https:\/\/linkedin.com\/shareArticle?mini=true&#038;title=Justicia%20ordena%20a%20Municipalidad%20de%20Cisnes%20podar%20o%20talar%20%C3%A1rboles%20en%20riesgo%20de%20ca%C3%ADda&#038;url=https:\/\/radiorevelacionfm.cl\/?p=57362' aria-hidden='false' data-av_icon='\ue8fc' data-av_iconfont='entypo-fontello' title='' data-avia-related-tooltip='Compartir en LinkedIn' rel=\"noopener\"><span class='avia_hidden_link_text'>Compartir en LinkedIn<\/span><\/a><\/li><li class='av-share-link av-social-link-mail' ><a  aria-label=\"Compartir por correo\" href='mailto:?subject=Justicia%20ordena%20a%20Municipalidad%20de%20Cisnes%20podar%20o%20talar%20%C3%A1rboles%20en%20riesgo%20de%20ca%C3%ADda&#038;body=https:\/\/radiorevelacionfm.cl\/?p=57362' aria-hidden='false' data-av_icon='\ue805' data-av_iconfont='entypo-fontello' title='' data-avia-related-tooltip='Compartir por correo'><span class='avia_hidden_link_text'>Compartir por correo<\/span><\/a><\/li><\/ul><\/div><\/div>\n<div  style='height:50px' class='hr hr-invisible   avia-builder-el-8  el_after_av_social_share  el_before_av_comments_list '><span class='hr-inner ' ><span class='hr-inner-style'><\/span><\/span><\/div>\n<div  class='av-buildercomment  av-blog-meta-html-info-disabled av-blog-meta-tag-disabled  '><\/div>\n","protected":false},"excerpt":{"rendered":"","protected":false},"author":1,"featured_media":15417,"comment_status":"closed","ping_status":"closed","sticky":false,"template":"","format":"standard","meta":{"footnotes":""},"categories":[55],"tags":[],"class_list":["post-57362","post","type-post","status-publish","format-standard","has-post-thumbnail","hentry","category-justicia"],"jetpack_featured_media_url":"https:\/\/radiorevelacionfm.cl\/wp-content\/uploads\/2022\/04\/municipalidad-cisnes-1_optimized.jpg","_links":{"self":[{"href":"https:\/\/radiorevelacionfm.cl\/index.php?rest_route=\/wp\/v2\/posts\/57362","targetHints":{"allow":["GET"]}}],"collection":[{"href":"https:\/\/radiorevelacionfm.cl\/index.php?rest_route=\/wp\/v2\/posts"}],"about":[{"href":"https:\/\/radiorevelacionfm.cl\/index.php?rest_route=\/wp\/v2\/types\/post"}],"author":[{"embeddable":true,"href":"https:\/\/radiorevelacionfm.cl\/index.php?rest_route=\/wp\/v2\/users\/1"}],"replies":[{"embeddable":true,"href":"https:\/\/radiorevelacionfm.cl\/index.php?rest_route=%2Fwp%2Fv2%2Fcomments&post=57362"}],"version-history":[{"count":3,"href":"https:\/\/radiorevelacionfm.cl\/index.php?rest_route=\/wp\/v2\/posts\/57362\/revisions"}],"predecessor-version":[{"id":57364,"href":"https:\/\/radiorevelacionfm.cl\/index.php?rest_route=\/wp\/v2\/posts\/57362\/revisions\/57364"}],"wp:featuredmedia":[{"embeddable":true,"href":"https:\/\/radiorevelacionfm.cl\/index.php?rest_route=\/wp\/v2\/media\/15417"}],"wp:attachment":[{"href":"https:\/\/radiorevelacionfm.cl\/index.php?rest_route=%2Fwp%2Fv2%2Fmedia&parent=57362"}],"wp:term":[{"taxonomy":"category","embeddable":true,"href":"https:\/\/radiorevelacionfm.cl\/index.php?rest_route=%2Fwp%2Fv2%2Fcategories&post=57362"},{"taxonomy":"post_tag","embeddable":true,"href":"https:\/\/radiorevelacionfm.cl\/index.php?rest_route=%2Fwp%2Fv2%2Ftags&post=57362"}],"curies":[{"name":"wp","href":"https:\/\/api.w.org\/{rel}","templated":true}]}}