{"id":57359,"date":"2025-08-05T15:18:07","date_gmt":"2025-08-05T18:18:07","guid":{"rendered":"https:\/\/radiorevelacionfm.cl\/?p=57359"},"modified":"2025-08-05T15:18:07","modified_gmt":"2025-08-05T18:18:07","slug":"admision-escolar-2026-este-martes-5-de-agosto-comienza-el-proceso-de-postulacion-a-establecimientos","status":"publish","type":"post","link":"https:\/\/radiorevelacionfm.cl\/?p=57359","title":{"rendered":"Admisi\u00f3n Escolar 2026: este martes 5 de agosto comienza el proceso de postulaci\u00f3n a establecimientos"},"content":{"rendered":"<div class=\"flex_column av_one_full  flex_column_div av-zero-column-padding first  avia-builder-el-0  el_before_av_one_full  avia-builder-el-first  \" style='border-radius:0px; '><div  class='avia-image-container  av-styling-    avia-builder-el-1  avia-builder-el-no-sibling  avia-align-center '  itemprop=\"image\" itemscope=\"itemscope\" itemtype=\"https:\/\/schema.org\/ImageObject\"  ><div class='avia-image-container-inner'><div class='avia-image-overlay-wrap'><img decoding=\"async\" class='wp-image-57360 avia-img-lazy-loading-not-57360 avia_image' src=\"https:\/\/radiorevelacionfm.cl\/wp-content\/uploads\/2025\/08\/banner-noticia-sae-1_optimized-1_optimized.jpg\" alt='' title='banner-noticia-sae-(1)_optimized-(1)_optimized' height=\"600\" width=\"1000\"  itemprop=\"thumbnailUrl\" srcset=\"https:\/\/radiorevelacionfm.cl\/wp-content\/uploads\/2025\/08\/banner-noticia-sae-1_optimized-1_optimized.jpg 1000w, https:\/\/radiorevelacionfm.cl\/wp-content\/uploads\/2025\/08\/banner-noticia-sae-1_optimized-1_optimized-300x180.jpg 300w, https:\/\/radiorevelacionfm.cl\/wp-content\/uploads\/2025\/08\/banner-noticia-sae-1_optimized-1_optimized-768x461.jpg 768w, https:\/\/radiorevelacionfm.cl\/wp-content\/uploads\/2025\/08\/banner-noticia-sae-1_optimized-1_optimized-705x423.jpg 705w, https:\/\/radiorevelacionfm.cl\/wp-content\/uploads\/2025\/08\/banner-noticia-sae-1_optimized-1_optimized-450x270.jpg 450w, https:\/\/radiorevelacionfm.cl\/wp-content\/uploads\/2025\/08\/banner-noticia-sae-1_optimized-1_optimized-600x360.jpg 600w\" sizes=\"(max-width: 1000px) 100vw, 1000px\" \/><\/div><\/div><\/div><\/div><div class=\"flex_column av_one_full  flex_column_div av-zero-column-padding first  avia-builder-el-2  el_after_av_one_full  el_before_av_one_full  column-top-margin\" style='border-radius:0px; '><section class=\"av_textblock_section \"  itemscope=\"itemscope\" itemtype=\"https:\/\/schema.org\/BlogPosting\" itemprop=\"blogPost\" ><div class='avia_textblock  '   itemprop=\"text\" ><p style=\"text-align: center;\"><span style=\"font-size: 18pt;\"><b>Admisi\u00f3n Escolar 2026: este martes 5 de agosto comienza el proceso de postulaci\u00f3n a establecimientos<\/b><\/span><\/p>\n<div id=\"gtx-trans\" style=\"position: absolute; left: -50px; top: 4.31534px;\">\n<div class=\"gtx-trans-icon\"><\/div>\n<\/div>\n<\/div><\/section><\/div><div class=\"flex_column av_one_full  flex_column_div av-zero-column-padding first  avia-builder-el-4  el_after_av_one_full  el_before_av_hr  column-top-margin\" style='border-radius:0px; '><section class=\"av_textblock_section \"  itemscope=\"itemscope\" itemtype=\"https:\/\/schema.org\/BlogPosting\" itemprop=\"blogPost\" ><div class='avia_textblock  '   itemprop=\"text\" ><p class=\"v1MsoNormal\" style=\"text-align: justify;\" align=\"center\"><em>Las postulaciones se realizan en el sitio www.sistemadeadmisionescolar.cl, y estar\u00e1n abiertas hasta el jueves 28 de agosto, a las 14:00 horas. El proceso es totalmente digital, gratuito y transparente.<\/em><\/p>\n<p class=\"v1MsoNormal\" style=\"text-align: justify;\" align=\"center\">Este martes 5 de agosto, a las 9:00 horas, comenzar\u00e1n las postulaciones del Sistema de Admisi\u00f3n Escolar (SAE), la plataforma del Ministerio de Educaci\u00f3n que permite a las familias ingresar a establecimientos municipales, de Servicios Locales de Educaci\u00f3n P\u00fablica (SLEP), de administraci\u00f3n delegada o particulares subvencionados.<\/p>\n<p class=\"v1MsoNormal\" style=\"text-align: justify;\">Las postulaciones se realizan en el sitio www.sistemadeadmisionescolar.cl, y estar\u00e1n abiertas hasta el jueves 28 de agosto, a las 14:00 horas. El proceso es totalmente digital, gratuito y transparente, y se puede realizar en cualquier momento antes de la fecha de t\u00e9rmino, es decir, no es por orden de llegada.<\/p>\n<p class=\"v1MsoNormal\" style=\"text-align: justify;\">La Seremi de Educaci\u00f3n de Ays\u00e9n Katherine Miqueles invit\u00f3 a madres, padres y apoderados \u201ca informarse con tiempo, conocer los proyectos educativos disponibles y elegir aquellos que mejor se ajusten a sus intereses y preferencias. Les recordamos que el proceso de admisi\u00f3n escolar est\u00e1 basado en la equidad, la inclusi\u00f3n y la transparencia, que pone en el centro las decisiones de las familias\u201d.<\/p>\n<p class=\"v1MsoNormal\" style=\"text-align: justify;\">La autoridad regional sectorial resalt\u00f3 los beneficios del sistema.<\/p>\n<p class=\"v1MsoNormal\" style=\"text-align: justify;\">\u201cEl Sistema de Admisi\u00f3n Escolar fue creado con la Ley de Inclusi\u00f3n (2016) y su objetivo es eliminar las barreras de entrada a la educaci\u00f3n. En este sistema, son las familias las que eligen el establecimiento educativo de su inter\u00e9s, y no al rev\u00e9s, porque elimina las entrevistas a los padres, las pruebas de admisi\u00f3n y la presentaci\u00f3n de antecedentes, que muchas veces resultan discriminatorias. Ofrece oportunidades a todas las familias: al eliminar requisitos arbitrarios de acceso, como las pruebas de conocimiento, que dependen del capital cultural de las familias, ahora todos los estudiantes tienen las mismas oportunidades de entrar a un establecimiento\u201d.<\/p>\n<p class=\"v1MsoNormal\" style=\"text-align: justify;\">Detall\u00f3 que el SAE moderniza el acceso a la educaci\u00f3n: el sistema centraliza y digitaliza las postulaciones a establecimientos, y elimina las filas, modernizando as\u00ed el acceso a la educaci\u00f3n y ahorrando tiempo para las familias. Permite que las familias se informen: gracias a las herramientas del SAE, como la vitrina de visualizaci\u00f3n de establecimientos, las familias pueden revisar toda la informaci\u00f3n de los 7 mil proyectos educativos disponibles, filtr\u00e1ndolos por comuna, nivel y tipo de jornada, entre otras variables, y entregando datos sobre talleres extraprogram\u00e1ticos, bibliotecas, gimnasios, laboratorios, canchas y salas de m\u00fasica.<\/p>\n<p class=\"v1MsoNormal\" style=\"text-align: justify;\">\u201cEl Sistema de Admisi\u00f3n Escolar cuenta con el respaldo de las familias: el SAE supuso un cambio cultural en la educaci\u00f3n, pero con el tiempo las familias se han adaptado y lo han valorado, porque implica \u201cun principio m\u00e1s equitativo de acceso a las escuelas\u201d, seg\u00fan el estudio \u201cLa experiencia de las familias en el nuevo Sistema de Admisi\u00f3n Escolar\u201d, del Centro de Justicia Educacional (2019). Adem\u00e1s, el 46% de las y los apoderados participantes en la encuesta realizada en el proceso 2024 le asigna un 6 o 7 al proceso de postulaci\u00f3n realizado a trav\u00e9s del Sistema de Admisi\u00f3n Escolar (encuesta CEM, 2024)\u201d.<\/p>\n<p class=\"v1MsoNormal\" style=\"text-align: justify;\">\u00bfQui\u00e9nes deben participar?<\/p>\n<p class=\"v1MsoNormal\" style=\"text-align: justify;\">Si bien el SAE puede ser ocupado por todas las familias, hay un grupo que est\u00e1 obligado a usarlo si quiere matricular a sus estudiantes en la educaci\u00f3n p\u00fablica y particular subvencionada para el pr\u00f3ximo a\u00f1o:<\/p>\n<p class=\"v1MsoNormal\" style=\"text-align: justify;\">1. Ni\u00f1os y ni\u00f1as que est\u00e1n reci\u00e9n entrando al sistema educacional, por ejemplo, aquellos que el pr\u00f3ximo a\u00f1o estar\u00e1n en prek\u00ednder, k\u00ednder o 1\u00b0 b\u00e1sico.<br \/>\n2. Estudiantes que est\u00e1n en un establecimiento que no ofrece el siguiente nivel, por ejemplo, si est\u00e1n en una escuela que solo llega hasta 8\u00b0 b\u00e1sico y tienen que pasar a 1\u00b0 medio, por lo que requieren postular a un liceo.<\/p>\n<p class=\"v1MsoNormal\" style=\"text-align: justify;\">3. Familias que se est\u00e1n cambiando de ciudad, por lo que necesariamente tienen que cambiar a sus hijos de establecimiento.<\/p>\n<p class=\"v1MsoNormal\" style=\"text-align: justify;\">4. Familias que est\u00e1n llegando a Chile, por lo que est\u00e1n buscando un establecimiento para sus hijos. Para ello, necesitan obtener el Identificador Provisorio Escolar (IPE) e Identificador Provisorio del Apoderado (IPA), que deben solicitar en Ayuda Mineduc.<\/p>\n<p class=\"v1MsoNormal\" style=\"text-align: justify;\">5. Estudiantes que quieran reinsertarse en el sistema educativo, excepto si tienen 15 a\u00f1os o m\u00e1s y quieren volver a la ense\u00f1anza b\u00e1sica, o si tienen 17 a\u00f1os o m\u00e1s y quieren volver a la ense\u00f1anza media, en cuyo caso deben buscar cupos en un establecimiento de Educaci\u00f3n para Personas J\u00f3venes y Adultas (m\u00e1s informaci\u00f3n en\u00a0<a href=\"https:\/\/epja.mineduc.cl\/\" target=\"_blank\" rel=\"noopener noreferrer\">https:\/\/epja.mineduc.cl\/<\/a>).<\/p>\n<p class=\"v1MsoNormal\" style=\"text-align: justify;\">Es importante recordar que, si una familia ya tiene un establecimiento para su hijo o hija, postula a otro y queda asignado en el nuevo que postul\u00f3, el cupo que ten\u00eda en el primer colegio se libera autom\u00e1ticamente para otra persona que lo necesite, independiente de si acepta o rechaza su asignaci\u00f3n.<\/p>\n<p class=\"v1MsoNormal\" style=\"text-align: justify;\">\u00bfC\u00f3mo postular en el SAE?<\/p>\n<p class=\"v1MsoNormal\" style=\"text-align: justify;\">1. Ingresar a la plataforma: en www.sistemadeadmisionescolar.cl pueden registrarse para ingresar a su cuenta, familiarizarse con la p\u00e1gina web y encontrar toda la informaci\u00f3n necesaria para postular.<\/p>\n<p class=\"v1MsoNormal\" style=\"text-align: justify;\">2. Buscar establecimientos: en la plataforma encontrar\u00e1n una vitrina de establecimientos (https:\/\/admision.mineduc.cl\/vitrina-vue) que sirve para revisar los datos de los proyectos educativos que participan en el proceso, filtr\u00e1ndolos por regi\u00f3n, comuna, nivel y tipo de jornada, Programa de Integraci\u00f3n Escolar (PIE), entre otros criterios.<\/p>\n<p class=\"v1MsoNormal\" style=\"text-align: justify;\">3. Revisar los proyectos educativos: en esa vitrina pueden revisar los datos los indicadores de desempe\u00f1o acad\u00e9mico de la Agencia de Calidad de la Educaci\u00f3n, las caracter\u00edsticas de infraestructura, las actividades extraprogram\u00e1ticas, los apoyos acad\u00e9micos y la ubicaci\u00f3n geogr\u00e1fica, entre otros.<\/p>\n<p class=\"v1MsoNormal\" style=\"text-align: justify;\">4. Postular al menos a seis establecimientos: se recomienda marcar al menos seis establecimientos distintos, en orden de preferencia, porque mientras m\u00e1s establecimientos ingresen, m\u00e1s opciones tendr\u00e1n de obtener un cupo. Luego de postular, deben descargar su comprobante.<\/p>\n<p class=\"v1MsoNormal\" style=\"text-align: justify;\">5. Postular solo si lo necesitan: si bien todos pueden usar el SAE, se recomienda no hacer postulaciones para \u201cprobar suerte\u201d, ya que, si un estudiante tiene un establecimiento, postula en el SAE y queda asignado a uno nuevo, liberar\u00e1 el cupo de su establecimiento actual, independiente de si acepta o rechaza su asignaci\u00f3n.<\/p>\n<p class=\"v1MsoNormal\" style=\"text-align: justify;\">6. La postulaci\u00f3n no es por orden de llegada: las familias podr\u00e1n postular entre el 5 y el 28 de agosto. Incluso pueden modificar el orden de preferencias, agregar establecimientos o eliminar su postulaci\u00f3n hasta que se cierre el proceso, por lo que se aconseja hacer este tr\u00e1mite con calma.<\/p>\n<\/div><\/section><\/div><div  style='height:50px' class='hr hr-invisible   avia-builder-el-6  el_after_av_one_full  el_before_av_social_share '><span class='hr-inner ' ><span class='hr-inner-style'><\/span><\/span><\/div><\/p>\n<div  class='av-social-sharing-box  avia-builder-el-7  el_after_av_hr  el_before_av_hr  '><div class='av-share-box'><h5 class='av-share-link-description av-no-toc '>Compartir esta noticia<\/h5><ul class='av-share-box-list noLightbox'><li class='av-share-link av-social-link-facebook' ><a target=\"_blank\" aria-label=\"Compartir en Facebook\" href='https:\/\/www.facebook.com\/sharer.php?u=https:\/\/radiorevelacionfm.cl\/?p=57359&#038;t=Admisi%C3%B3n%20Escolar%202026%3A%20este%20martes%205%20de%20agosto%20comienza%20el%20proceso%20de%20postulaci%C3%B3n%20a%20establecimientos' aria-hidden='false' data-av_icon='\ue8f3' data-av_iconfont='entypo-fontello' title='' data-avia-related-tooltip='Compartir en Facebook' rel=\"noopener\"><span class='avia_hidden_link_text'>Compartir en Facebook<\/span><\/a><\/li><li class='av-share-link av-social-link-twitter' ><a target=\"_blank\" aria-label=\"Compartir en Twitter\" href='https:\/\/twitter.com\/share?text=Admisi%C3%B3n%20Escolar%202026%3A%20este%20martes%205%20de%20agosto%20comienza%20el%20proceso%20de%20postulaci%C3%B3n%20a%20establecimientos&#038;url=https:\/\/radiorevelacionfm.cl\/?p=57359' aria-hidden='false' data-av_icon='\ue8f1' data-av_iconfont='entypo-fontello' title='' data-avia-related-tooltip='Compartir en Twitter' rel=\"noopener\"><span class='avia_hidden_link_text'>Compartir en Twitter<\/span><\/a><\/li><li class='av-share-link av-social-link-whatsapp' ><a target=\"_blank\" aria-label=\"Compartir en Whatsapp\" href='https:\/\/api.whatsapp.com\/send?text=https:\/\/radiorevelacionfm.cl\/?p=57359' aria-hidden='false' data-av_icon='\uf232' data-av_iconfont='entypo-fontello' title='' data-avia-related-tooltip='Compartir en Whatsapp' rel=\"noopener\"><span class='avia_hidden_link_text'>Compartir en Whatsapp<\/span><\/a><\/li><li class='av-share-link av-social-link-linkedin' ><a target=\"_blank\" aria-label=\"Compartir en LinkedIn\" href='https:\/\/linkedin.com\/shareArticle?mini=true&#038;title=Admisi%C3%B3n%20Escolar%202026%3A%20este%20martes%205%20de%20agosto%20comienza%20el%20proceso%20de%20postulaci%C3%B3n%20a%20establecimientos&#038;url=https:\/\/radiorevelacionfm.cl\/?p=57359' aria-hidden='false' data-av_icon='\ue8fc' data-av_iconfont='entypo-fontello' title='' data-avia-related-tooltip='Compartir en LinkedIn' rel=\"noopener\"><span class='avia_hidden_link_text'>Compartir en LinkedIn<\/span><\/a><\/li><li class='av-share-link av-social-link-mail' ><a  aria-label=\"Compartir por correo\" href='mailto:?subject=Admisi%C3%B3n%20Escolar%202026%3A%20este%20martes%205%20de%20agosto%20comienza%20el%20proceso%20de%20postulaci%C3%B3n%20a%20establecimientos&#038;body=https:\/\/radiorevelacionfm.cl\/?p=57359' aria-hidden='false' data-av_icon='\ue805' data-av_iconfont='entypo-fontello' title='' data-avia-related-tooltip='Compartir por correo'><span class='avia_hidden_link_text'>Compartir por correo<\/span><\/a><\/li><\/ul><\/div><\/div>\n<div  style='height:50px' class='hr hr-invisible   avia-builder-el-8  el_after_av_social_share  el_before_av_comments_list '><span class='hr-inner ' ><span class='hr-inner-style'><\/span><\/span><\/div>\n<div  class='av-buildercomment  av-blog-meta-html-info-disabled av-blog-meta-tag-disabled  '><\/div>\n","protected":false},"excerpt":{"rendered":"","protected":false},"author":1,"featured_media":57360,"comment_status":"closed","ping_status":"closed","sticky":false,"template":"","format":"standard","meta":{"footnotes":""},"categories":[49],"tags":[],"class_list":["post-57359","post","type-post","status-publish","format-standard","has-post-thumbnail","hentry","category-educacion"],"jetpack_featured_media_url":"https:\/\/radiorevelacionfm.cl\/wp-content\/uploads\/2025\/08\/banner-noticia-sae-1_optimized-1_optimized.jpg","_links":{"self":[{"href":"https:\/\/radiorevelacionfm.cl\/index.php?rest_route=\/wp\/v2\/posts\/57359","targetHints":{"allow":["GET"]}}],"collection":[{"href":"https:\/\/radiorevelacionfm.cl\/index.php?rest_route=\/wp\/v2\/posts"}],"about":[{"href":"https:\/\/radiorevelacionfm.cl\/index.php?rest_route=\/wp\/v2\/types\/post"}],"author":[{"embeddable":true,"href":"https:\/\/radiorevelacionfm.cl\/index.php?rest_route=\/wp\/v2\/users\/1"}],"replies":[{"embeddable":true,"href":"https:\/\/radiorevelacionfm.cl\/index.php?rest_route=%2Fwp%2Fv2%2Fcomments&post=57359"}],"version-history":[{"count":2,"href":"https:\/\/radiorevelacionfm.cl\/index.php?rest_route=\/wp\/v2\/posts\/57359\/revisions"}],"predecessor-version":[{"id":57366,"href":"https:\/\/radiorevelacionfm.cl\/index.php?rest_route=\/wp\/v2\/posts\/57359\/revisions\/57366"}],"wp:featuredmedia":[{"embeddable":true,"href":"https:\/\/radiorevelacionfm.cl\/index.php?rest_route=\/wp\/v2\/media\/57360"}],"wp:attachment":[{"href":"https:\/\/radiorevelacionfm.cl\/index.php?rest_route=%2Fwp%2Fv2%2Fmedia&parent=57359"}],"wp:term":[{"taxonomy":"category","embeddable":true,"href":"https:\/\/radiorevelacionfm.cl\/index.php?rest_route=%2Fwp%2Fv2%2Fcategories&post=57359"},{"taxonomy":"post_tag","embeddable":true,"href":"https:\/\/radiorevelacionfm.cl\/index.php?rest_route=%2Fwp%2Fv2%2Ftags&post=57359"}],"curies":[{"name":"wp","href":"https:\/\/api.w.org\/{rel}","templated":true}]}}