{"id":57351,"date":"2025-08-05T14:18:45","date_gmt":"2025-08-05T17:18:45","guid":{"rendered":"https:\/\/radiorevelacionfm.cl\/?p=57351"},"modified":"2025-08-05T14:18:45","modified_gmt":"2025-08-05T17:18:45","slug":"carabineros-de-puerto-aysen-detuvo-a-sujeto-por-robo-con-intimidacion-y-recupero-parte-de-las-especies-sustraidas","status":"publish","type":"post","link":"https:\/\/radiorevelacionfm.cl\/?p=57351","title":{"rendered":"Carabineros de Puerto Ays\u00e9n detuvo a sujeto por robo con intimidaci\u00f3n y recuper\u00f3 parte de las especies sustra\u00eddas"},"content":{"rendered":"<div class=\"flex_column av_one_full  flex_column_div av-zero-column-padding first  avia-builder-el-0  el_before_av_one_full  avia-builder-el-first  \" style='border-radius:0px; '><div  class='avia-image-container  av-styling-    avia-builder-el-1  avia-builder-el-no-sibling  avia-align-center '  itemprop=\"image\" itemscope=\"itemscope\" itemtype=\"https:\/\/schema.org\/ImageObject\"  ><div class='avia-image-container-inner'><div class='avia-image-overlay-wrap'><img decoding=\"async\" class='wp-image-57352 avia-img-lazy-loading-not-57352 avia_image' src=\"https:\/\/radiorevelacionfm.cl\/wp-content\/uploads\/2025\/08\/Sin-titulo-19-3-1-1.jpg\" alt='' title='Sin t\u00edtulo-19 (3) (1) (1)' height=\"600\" width=\"1061\"  itemprop=\"thumbnailUrl\" srcset=\"https:\/\/radiorevelacionfm.cl\/wp-content\/uploads\/2025\/08\/Sin-titulo-19-3-1-1.jpg 1061w, https:\/\/radiorevelacionfm.cl\/wp-content\/uploads\/2025\/08\/Sin-titulo-19-3-1-1-300x170.jpg 300w, https:\/\/radiorevelacionfm.cl\/wp-content\/uploads\/2025\/08\/Sin-titulo-19-3-1-1-1030x582.jpg 1030w, https:\/\/radiorevelacionfm.cl\/wp-content\/uploads\/2025\/08\/Sin-titulo-19-3-1-1-768x434.jpg 768w, https:\/\/radiorevelacionfm.cl\/wp-content\/uploads\/2025\/08\/Sin-titulo-19-3-1-1-705x399.jpg 705w, https:\/\/radiorevelacionfm.cl\/wp-content\/uploads\/2025\/08\/Sin-titulo-19-3-1-1-450x254.jpg 450w, https:\/\/radiorevelacionfm.cl\/wp-content\/uploads\/2025\/08\/Sin-titulo-19-3-1-1-600x339.jpg 600w\" sizes=\"(max-width: 1061px) 100vw, 1061px\" \/><\/div><\/div><\/div><\/div><div class=\"flex_column av_one_full  flex_column_div av-zero-column-padding first  avia-builder-el-2  el_after_av_one_full  el_before_av_one_full  column-top-margin\" style='border-radius:0px; '><section class=\"av_textblock_section \"  itemscope=\"itemscope\" itemtype=\"https:\/\/schema.org\/BlogPosting\" itemprop=\"blogPost\" ><div class='avia_textblock  '   itemprop=\"text\" ><p style=\"text-align: center;\"><strong><span style=\"font-size: 18pt;\">Carabineros de Puerto Ays\u00e9n detuvo a sujeto por robo con intimidaci\u00f3n y recuper\u00f3 parte de las especies sustra\u00eddas\u00a0<\/span><\/strong><\/p>\n<div id=\"gtx-trans\" style=\"position: absolute; left: -50px; top: 4.31534px;\">\n<div class=\"gtx-trans-icon\"><\/div>\n<\/div>\n<\/div><\/section><\/div><div class=\"flex_column av_one_full  flex_column_div av-zero-column-padding first  avia-builder-el-4  el_after_av_one_full  el_before_av_hr  column-top-margin\" style='border-radius:0px; '><section class=\"av_textblock_section \"  itemscope=\"itemscope\" itemtype=\"https:\/\/schema.org\/BlogPosting\" itemprop=\"blogPost\" ><div class='avia_textblock  '   itemprop=\"text\" ><ul>\n<li dir=\"ltr\"><em>El sujeto de 29 a\u00f1os registra antecedentes por diversos delitos<\/em>.<\/li>\n<\/ul>\n<p dir=\"ltr\" style=\"text-align: justify;\">Diligencias desarrolladas por Carabineros de la 2da Comisar\u00eda de Puerto Ays\u00e9n a trav\u00e9s de la Secci\u00f3n de Investigaci\u00f3n Policial (SIP) permitieron lograr la detenci\u00f3n de un sujeto de 29 a\u00f1os de edad por el delito de robo con intimidaci\u00f3n, siendo recuperadas parte de las especies sustra\u00eddas.<\/p>\n<p dir=\"ltr\" style=\"text-align: justify;\">El Comisario de Carabineros de Puerto Ays\u00e9n, Patricio Parada indic\u00f3 que el hecho afect\u00f3 durante el transcurso del d\u00eda s\u00e1bado reci\u00e9n pasado a un local comercial de calle Sargento Aldea, en pleno centro de esta ciudad.<\/p>\n<p dir=\"ltr\" style=\"text-align: justify;\">\u00abPremunido de un arma blanca, intimid\u00f3 a la locataria y sustrajo distintas joyas consistentes en cadenas de plata. A ra\u00edz de una orden de investigar por parte del Ministerio P\u00fablico a la la SIP, se efectuaron distintas diligencias, las cuales permitieron identificar y ubicar al presunto autor de los hechos\u00bb, expres\u00f3 el Mayor Patricio Parada.<\/p>\n<p dir=\"ltr\" style=\"text-align: justify;\">Tras lo anterior -a trav\u00e9s de la Fiscal\u00eda- fue solicitada una orden de entrada y registro al domicilio, \u00ablogrando la detenci\u00f3n del imputado, sumado a la recuperaci\u00f3n de las vestimentas utilizadas el d\u00eda del il\u00edcito y parte de las especies que fueron sustra\u00eddas, las cuales van a ser devueltas a su propietaria\u00bb, a\u00f1adi\u00f3 el Mayor Parada.<\/p>\n<p dir=\"ltr\" style=\"text-align: justify;\">Los antecedentes del procedimiento fueron remitidos a la Fiscal\u00eda, en tanto que el imputado -quien registra antecedentes por diversos delitos- ser\u00e1 derivado a la audiencia de control durante esta jornada.<\/p>\n<\/div><\/section><\/div><div  style='height:50px' class='hr hr-invisible   avia-builder-el-6  el_after_av_one_full  el_before_av_social_share '><span class='hr-inner ' ><span class='hr-inner-style'><\/span><\/span><\/div><\/p>\n<div  class='av-social-sharing-box  avia-builder-el-7  el_after_av_hr  el_before_av_hr  '><div class='av-share-box'><h5 class='av-share-link-description av-no-toc '>Compartir esta noticia<\/h5><ul class='av-share-box-list noLightbox'><li class='av-share-link av-social-link-facebook' ><a target=\"_blank\" aria-label=\"Compartir en Facebook\" href='https:\/\/www.facebook.com\/sharer.php?u=https:\/\/radiorevelacionfm.cl\/?p=57351&#038;t=Carabineros%20de%20Puerto%20Ays%C3%A9n%20detuvo%20a%20sujeto%20por%20robo%20con%20intimidaci%C3%B3n%20y%20recuper%C3%B3%20parte%20de%20las%20especies%20sustra%C3%ADdas' aria-hidden='false' data-av_icon='\ue8f3' data-av_iconfont='entypo-fontello' title='' data-avia-related-tooltip='Compartir en Facebook' rel=\"noopener\"><span class='avia_hidden_link_text'>Compartir en Facebook<\/span><\/a><\/li><li class='av-share-link av-social-link-twitter' ><a target=\"_blank\" aria-label=\"Compartir en Twitter\" href='https:\/\/twitter.com\/share?text=Carabineros%20de%20Puerto%20Ays%C3%A9n%20detuvo%20a%20sujeto%20por%20robo%20con%20intimidaci%C3%B3n%20y%20recuper%C3%B3%20parte%20de%20las%20especies%20sustra%C3%ADdas&#038;url=https:\/\/radiorevelacionfm.cl\/?p=57351' aria-hidden='false' data-av_icon='\ue8f1' data-av_iconfont='entypo-fontello' title='' data-avia-related-tooltip='Compartir en Twitter' rel=\"noopener\"><span class='avia_hidden_link_text'>Compartir en Twitter<\/span><\/a><\/li><li class='av-share-link av-social-link-whatsapp' ><a target=\"_blank\" aria-label=\"Compartir en Whatsapp\" href='https:\/\/api.whatsapp.com\/send?text=https:\/\/radiorevelacionfm.cl\/?p=57351' aria-hidden='false' data-av_icon='\uf232' data-av_iconfont='entypo-fontello' title='' data-avia-related-tooltip='Compartir en Whatsapp' rel=\"noopener\"><span class='avia_hidden_link_text'>Compartir en Whatsapp<\/span><\/a><\/li><li class='av-share-link av-social-link-linkedin' ><a target=\"_blank\" aria-label=\"Compartir en LinkedIn\" href='https:\/\/linkedin.com\/shareArticle?mini=true&#038;title=Carabineros%20de%20Puerto%20Ays%C3%A9n%20detuvo%20a%20sujeto%20por%20robo%20con%20intimidaci%C3%B3n%20y%20recuper%C3%B3%20parte%20de%20las%20especies%20sustra%C3%ADdas&#038;url=https:\/\/radiorevelacionfm.cl\/?p=57351' aria-hidden='false' data-av_icon='\ue8fc' data-av_iconfont='entypo-fontello' title='' data-avia-related-tooltip='Compartir en LinkedIn' rel=\"noopener\"><span class='avia_hidden_link_text'>Compartir en LinkedIn<\/span><\/a><\/li><li class='av-share-link av-social-link-mail' ><a  aria-label=\"Compartir por correo\" href='mailto:?subject=Carabineros%20de%20Puerto%20Ays%C3%A9n%20detuvo%20a%20sujeto%20por%20robo%20con%20intimidaci%C3%B3n%20y%20recuper%C3%B3%20parte%20de%20las%20especies%20sustra%C3%ADdas&#038;body=https:\/\/radiorevelacionfm.cl\/?p=57351' aria-hidden='false' data-av_icon='\ue805' data-av_iconfont='entypo-fontello' title='' data-avia-related-tooltip='Compartir por correo'><span class='avia_hidden_link_text'>Compartir por correo<\/span><\/a><\/li><\/ul><\/div><\/div>\n<div  style='height:50px' class='hr hr-invisible   avia-builder-el-8  el_after_av_social_share  el_before_av_comments_list '><span class='hr-inner ' ><span class='hr-inner-style'><\/span><\/span><\/div>\n<div  class='av-buildercomment  av-blog-meta-html-info-disabled av-blog-meta-tag-disabled  '><\/div>\n","protected":false},"excerpt":{"rendered":"","protected":false},"author":1,"featured_media":57352,"comment_status":"closed","ping_status":"closed","sticky":false,"template":"","format":"standard","meta":{"footnotes":""},"categories":[36],"tags":[],"class_list":["post-57351","post","type-post","status-publish","format-standard","has-post-thumbnail","hentry","category-policial"],"jetpack_featured_media_url":"https:\/\/radiorevelacionfm.cl\/wp-content\/uploads\/2025\/08\/Sin-titulo-19-3-1-1.jpg","_links":{"self":[{"href":"https:\/\/radiorevelacionfm.cl\/index.php?rest_route=\/wp\/v2\/posts\/57351","targetHints":{"allow":["GET"]}}],"collection":[{"href":"https:\/\/radiorevelacionfm.cl\/index.php?rest_route=\/wp\/v2\/posts"}],"about":[{"href":"https:\/\/radiorevelacionfm.cl\/index.php?rest_route=\/wp\/v2\/types\/post"}],"author":[{"embeddable":true,"href":"https:\/\/radiorevelacionfm.cl\/index.php?rest_route=\/wp\/v2\/users\/1"}],"replies":[{"embeddable":true,"href":"https:\/\/radiorevelacionfm.cl\/index.php?rest_route=%2Fwp%2Fv2%2Fcomments&post=57351"}],"version-history":[{"count":2,"href":"https:\/\/radiorevelacionfm.cl\/index.php?rest_route=\/wp\/v2\/posts\/57351\/revisions"}],"predecessor-version":[{"id":57355,"href":"https:\/\/radiorevelacionfm.cl\/index.php?rest_route=\/wp\/v2\/posts\/57351\/revisions\/57355"}],"wp:featuredmedia":[{"embeddable":true,"href":"https:\/\/radiorevelacionfm.cl\/index.php?rest_route=\/wp\/v2\/media\/57352"}],"wp:attachment":[{"href":"https:\/\/radiorevelacionfm.cl\/index.php?rest_route=%2Fwp%2Fv2%2Fmedia&parent=57351"}],"wp:term":[{"taxonomy":"category","embeddable":true,"href":"https:\/\/radiorevelacionfm.cl\/index.php?rest_route=%2Fwp%2Fv2%2Fcategories&post=57351"},{"taxonomy":"post_tag","embeddable":true,"href":"https:\/\/radiorevelacionfm.cl\/index.php?rest_route=%2Fwp%2Fv2%2Ftags&post=57351"}],"curies":[{"name":"wp","href":"https:\/\/api.w.org\/{rel}","templated":true}]}}