{"id":5735,"date":"2021-06-30T11:51:21","date_gmt":"2021-06-30T14:51:21","guid":{"rendered":"https:\/\/radiorevelacionfm.cl\/?p=5735"},"modified":"2021-06-30T11:51:21","modified_gmt":"2021-06-30T14:51:21","slug":"instituciones-se-reunieron-en-jornada-de-dialogo-organizada-por-la-corporacion-de-asistencia-judicial","status":"publish","type":"post","link":"https:\/\/radiorevelacionfm.cl\/?p=5735","title":{"rendered":"Instituciones se reunieron en jornada de di\u00e1logo organizada por la Corporaci\u00f3n de Asistencia Judicial"},"content":{"rendered":"<div class=\"flex_column av_one_full  flex_column_div av-zero-column-padding first  avia-builder-el-0  el_before_av_one_full  avia-builder-el-first  \" style='border-radius:0px; '><div  class='avia-image-container  av-styling-    avia-builder-el-1  avia-builder-el-no-sibling  avia-align-center '  itemprop=\"image\" itemscope=\"itemscope\" itemtype=\"https:\/\/schema.org\/ImageObject\"  ><div class='avia-image-container-inner'><div class='avia-image-overlay-wrap'><img decoding=\"async\" class='wp-image-0 avia-img-lazy-loading-not-0 avia_image' src=\"https:\/\/radiorevelacionfm.cl\/wp-content\/uploads\/2021\/06\/nota-caj-1-1.jpg\" alt='' title=''   itemprop=\"thumbnailUrl\"  \/><\/div><\/div><\/div><\/div>\n<div class=\"flex_column av_one_full  flex_column_div av-zero-column-padding first  avia-builder-el-2  el_after_av_one_full  el_before_av_one_full  column-top-margin\" style='border-radius:0px; '><section class=\"av_textblock_section \"  itemscope=\"itemscope\" itemtype=\"https:\/\/schema.org\/BlogPosting\" itemprop=\"blogPost\" ><div class='avia_textblock  '   itemprop=\"text\" ><p style=\"text-align: center;\"><strong><span style=\"font-size: 18pt;\">Instituciones se reunieron en jornada de di\u00e1logo organizada por la Corporaci\u00f3n de Asistencia Judicial<\/span><\/strong><\/p>\n<div id=\"gtx-trans\" style=\"position: absolute; left: -50px; top: 4.31534px;\">\n<div class=\"gtx-trans-icon\"><\/div>\n<\/div>\n<\/div><\/section><\/div><div class=\"flex_column av_one_full  flex_column_div av-zero-column-padding first  avia-builder-el-4  el_after_av_one_full  el_before_av_hr  column-top-margin\" style='border-radius:0px; '><section class=\"av_textblock_section \"  itemscope=\"itemscope\" itemtype=\"https:\/\/schema.org\/BlogPosting\" itemprop=\"blogPost\" ><div class='avia_textblock  '   itemprop=\"text\" ><p style=\"text-align: justify;\">Como acercar la Justicia a las personas m\u00e1s vulnerables y otorgarles una respuesta oportuna, fueron parte de los temas analizados en los \u201cDi\u00e1logos de Acceso a la Justicia en Pandemia: aprendizajes y desaf\u00edos\u201d, organizados por la Corporaci\u00f3n de Asistencia Judicial (CAJ) y que cont\u00f3 con la participaci\u00f3n de diversas instituciones p\u00fablicas.<\/p>\n<p style=\"text-align: justify;\">Al respecto, el director regional de la CAJ Ays\u00e9n, Iv\u00e1n Guti\u00e9rrez, plante\u00f3 que la importancia de este di\u00e1logo fue poder identificar las necesidades jur\u00eddicas surgidas en el contexto de la pandemia, adem\u00e1s de las buenas pr\u00e1cticas para poder enfrentar los obst\u00e1culos en la atenci\u00f3n jur\u00eddica a los usuarios \u201ccreo que uno de los elementos relevantes identificados es la utilizaci\u00f3n de los medios remotos y su masificaci\u00f3n para una mejor cobertura del servicio, que por una parte significan ahorro de tiempo e incluso econ\u00f3mico para las personas\u201d.<\/p>\n<p style=\"text-align: justify;\">En esa l\u00ednea, Guti\u00e9rrez explic\u00f3 que, si bien el uso de herramientas virtuales puede agilizar la atenci\u00f3n, el di\u00e1logo permiti\u00f3 generar compromisos tendientes a mejorar el acceso a los distintos servicios. As\u00ed, el director regional de la CAJ se refiri\u00f3 a la reactivaci\u00f3n de la Red de Acceso a la Justicia como una forma de ir eliminando los obst\u00e1culos que se vayan detectando entre los distintos actores, el establecimiento de un formulario com\u00fan de derivaciones, que de cuenta de los datos de contacto remotos de todas las unidades, \u201cas\u00ed como instancias de capacitaci\u00f3n entre los distintos actores del sistema, y la posibilidad de reestructurar algunas p\u00e1ginas web para hacerlas mucho m\u00e1s amigables para el usuario que requiere una atenci\u00f3n\u201d, afirm\u00f3.<\/p>\n<p style=\"text-align: justify;\">El seremi de Justicia y DDHH de Ays\u00e9n, Luis Prieto, destac\u00f3 que \u201csiempre es necesario hacer una pausa y reflexionar, en c\u00f3mo podemos mejorar dentro de nuestros distintos roles, con el fin de procurar una efectiva protecci\u00f3n de los derechos de las personas, resolviendo \u00edntegramente sus necesidades jur\u00eddicas, por lo que valoramos el esp\u00edritu con el cual participaron las distintas instituciones de la red\u201d.<\/p>\n<p style=\"text-align: justify;\">Finalmente, cabe mencionar que la actividad cont\u00f3 con la participaci\u00f3n de representantes de la Direcci\u00f3n del Trabajo, Servicio Nacional del Adulto Mayor, Fiscal\u00eda local, Defensor\u00eda Penal P\u00fablica y Sernameg, entre otros servicios e instituciones, adem\u00e1s de los coordinadores de los centros especializados de la CAJ en las \u00e1reas Laboral, Atenci\u00f3n a V\u00edctimas y programa Mi Abogado.<\/p>\n<\/div><\/section><\/div><\/p>\n<div  style='height:50px' class='hr hr-invisible   avia-builder-el-6  el_after_av_one_full  el_before_av_social_share '><span class='hr-inner ' ><span class='hr-inner-style'><\/span><\/span><\/div>\n<div  class='av-social-sharing-box  avia-builder-el-7  el_after_av_hr  el_before_av_hr  '><div class='av-share-box'><h5 class='av-share-link-description av-no-toc '>Compartir esta noticia<\/h5><ul class='av-share-box-list noLightbox'><li class='av-share-link av-social-link-facebook' ><a target=\"_blank\" aria-label=\"Compartir en Facebook\" href='https:\/\/www.facebook.com\/sharer.php?u=https:\/\/radiorevelacionfm.cl\/?p=5735&#038;t=Instituciones%20se%20reunieron%20en%20jornada%20de%20di%C3%A1logo%20organizada%20por%20la%20Corporaci%C3%B3n%20de%20Asistencia%20Judicial' aria-hidden='false' data-av_icon='\ue8f3' data-av_iconfont='entypo-fontello' title='' data-avia-related-tooltip='Compartir en Facebook' rel=\"noopener\"><span class='avia_hidden_link_text'>Compartir en Facebook<\/span><\/a><\/li><li class='av-share-link av-social-link-twitter' ><a target=\"_blank\" aria-label=\"Compartir en Twitter\" href='https:\/\/twitter.com\/share?text=Instituciones%20se%20reunieron%20en%20jornada%20de%20di%C3%A1logo%20organizada%20por%20la%20Corporaci%C3%B3n%20de%20Asistencia%20Judicial&#038;url=https:\/\/radiorevelacionfm.cl\/?p=5735' aria-hidden='false' data-av_icon='\ue8f1' data-av_iconfont='entypo-fontello' title='' data-avia-related-tooltip='Compartir en Twitter' rel=\"noopener\"><span class='avia_hidden_link_text'>Compartir en Twitter<\/span><\/a><\/li><li class='av-share-link av-social-link-whatsapp' ><a target=\"_blank\" aria-label=\"Compartir en Whatsapp\" href='https:\/\/api.whatsapp.com\/send?text=https:\/\/radiorevelacionfm.cl\/?p=5735' aria-hidden='false' data-av_icon='\uf232' data-av_iconfont='entypo-fontello' title='' data-avia-related-tooltip='Compartir en Whatsapp' rel=\"noopener\"><span class='avia_hidden_link_text'>Compartir en Whatsapp<\/span><\/a><\/li><li class='av-share-link av-social-link-linkedin' ><a target=\"_blank\" aria-label=\"Compartir en LinkedIn\" href='https:\/\/linkedin.com\/shareArticle?mini=true&#038;title=Instituciones%20se%20reunieron%20en%20jornada%20de%20di%C3%A1logo%20organizada%20por%20la%20Corporaci%C3%B3n%20de%20Asistencia%20Judicial&#038;url=https:\/\/radiorevelacionfm.cl\/?p=5735' aria-hidden='false' data-av_icon='\ue8fc' data-av_iconfont='entypo-fontello' title='' data-avia-related-tooltip='Compartir en LinkedIn' rel=\"noopener\"><span class='avia_hidden_link_text'>Compartir en LinkedIn<\/span><\/a><\/li><li class='av-share-link av-social-link-mail' ><a  aria-label=\"Compartir por correo\" href='mailto:?subject=Instituciones%20se%20reunieron%20en%20jornada%20de%20di%C3%A1logo%20organizada%20por%20la%20Corporaci%C3%B3n%20de%20Asistencia%20Judicial&#038;body=https:\/\/radiorevelacionfm.cl\/?p=5735' aria-hidden='false' data-av_icon='\ue805' data-av_iconfont='entypo-fontello' title='' data-avia-related-tooltip='Compartir por correo'><span class='avia_hidden_link_text'>Compartir por correo<\/span><\/a><\/li><\/ul><\/div><\/div>\n<div  style='height:50px' class='hr hr-invisible   avia-builder-el-8  el_after_av_social_share  el_before_av_comments_list '><span class='hr-inner ' ><span class='hr-inner-style'><\/span><\/span><\/div>\n<div  class='av-buildercomment  av-blog-meta-html-info-disabled av-blog-meta-tag-disabled  '><\/div>\n","protected":false},"excerpt":{"rendered":"","protected":false},"author":1,"featured_media":0,"comment_status":"open","ping_status":"open","sticky":false,"template":"","format":"standard","meta":{"footnotes":""},"categories":[55],"tags":[],"class_list":["post-5735","post","type-post","status-publish","format-standard","hentry","category-justicia"],"jetpack_featured_media_url":"","_links":{"self":[{"href":"https:\/\/radiorevelacionfm.cl\/index.php?rest_route=\/wp\/v2\/posts\/5735","targetHints":{"allow":["GET"]}}],"collection":[{"href":"https:\/\/radiorevelacionfm.cl\/index.php?rest_route=\/wp\/v2\/posts"}],"about":[{"href":"https:\/\/radiorevelacionfm.cl\/index.php?rest_route=\/wp\/v2\/types\/post"}],"author":[{"embeddable":true,"href":"https:\/\/radiorevelacionfm.cl\/index.php?rest_route=\/wp\/v2\/users\/1"}],"replies":[{"embeddable":true,"href":"https:\/\/radiorevelacionfm.cl\/index.php?rest_route=%2Fwp%2Fv2%2Fcomments&post=5735"}],"version-history":[{"count":2,"href":"https:\/\/radiorevelacionfm.cl\/index.php?rest_route=\/wp\/v2\/posts\/5735\/revisions"}],"predecessor-version":[{"id":5764,"href":"https:\/\/radiorevelacionfm.cl\/index.php?rest_route=\/wp\/v2\/posts\/5735\/revisions\/5764"}],"wp:attachment":[{"href":"https:\/\/radiorevelacionfm.cl\/index.php?rest_route=%2Fwp%2Fv2%2Fmedia&parent=5735"}],"wp:term":[{"taxonomy":"category","embeddable":true,"href":"https:\/\/radiorevelacionfm.cl\/index.php?rest_route=%2Fwp%2Fv2%2Fcategories&post=5735"},{"taxonomy":"post_tag","embeddable":true,"href":"https:\/\/radiorevelacionfm.cl\/index.php?rest_route=%2Fwp%2Fv2%2Ftags&post=5735"}],"curies":[{"name":"wp","href":"https:\/\/api.w.org\/{rel}","templated":true}]}}