{"id":57341,"date":"2025-08-05T11:43:03","date_gmt":"2025-08-05T14:43:03","guid":{"rendered":"https:\/\/radiorevelacionfm.cl\/?p=57341"},"modified":"2025-08-05T11:43:03","modified_gmt":"2025-08-05T14:43:03","slug":"deportista-aysenina-ariela-barahona-se-prepara-para-participar-por-primera-vez-en-el-patagonman","status":"publish","type":"post","link":"https:\/\/radiorevelacionfm.cl\/?p=57341","title":{"rendered":"Deportista aysenina Ariela Barahona se prepara para participar por primera vez en el Patagonman"},"content":{"rendered":"<div class=\"flex_column av_one_full  flex_column_div av-zero-column-padding first  avia-builder-el-0  el_before_av_one_full  avia-builder-el-first  \" style='border-radius:0px; '><div  class='avia-image-container  av-styling-    avia-builder-el-1  avia-builder-el-no-sibling  avia-align-center '  itemprop=\"image\" itemscope=\"itemscope\" itemtype=\"https:\/\/schema.org\/ImageObject\"  ><div class='avia-image-container-inner'><div class='avia-image-overlay-wrap'><img decoding=\"async\" class='wp-image-57344 avia-img-lazy-loading-not-57344 avia_image' src=\"https:\/\/radiorevelacionfm.cl\/wp-content\/uploads\/2025\/08\/WhatsApp-Image-2025-08-05-at-11.28.23-1-1.jpeg\" alt='' title='WhatsApp Image 2025-08-05 at 11.28.23 (1) (1)' height=\"600\" width=\"912\"  itemprop=\"thumbnailUrl\" srcset=\"https:\/\/radiorevelacionfm.cl\/wp-content\/uploads\/2025\/08\/WhatsApp-Image-2025-08-05-at-11.28.23-1-1.jpeg 912w, https:\/\/radiorevelacionfm.cl\/wp-content\/uploads\/2025\/08\/WhatsApp-Image-2025-08-05-at-11.28.23-1-1-300x197.jpeg 300w, https:\/\/radiorevelacionfm.cl\/wp-content\/uploads\/2025\/08\/WhatsApp-Image-2025-08-05-at-11.28.23-1-1-768x505.jpeg 768w, https:\/\/radiorevelacionfm.cl\/wp-content\/uploads\/2025\/08\/WhatsApp-Image-2025-08-05-at-11.28.23-1-1-705x464.jpeg 705w, https:\/\/radiorevelacionfm.cl\/wp-content\/uploads\/2025\/08\/WhatsApp-Image-2025-08-05-at-11.28.23-1-1-450x296.jpeg 450w, https:\/\/radiorevelacionfm.cl\/wp-content\/uploads\/2025\/08\/WhatsApp-Image-2025-08-05-at-11.28.23-1-1-600x395.jpeg 600w\" sizes=\"(max-width: 912px) 100vw, 912px\" \/><\/div><\/div><\/div><\/div><div class=\"flex_column av_one_full  flex_column_div av-zero-column-padding first  avia-builder-el-2  el_after_av_one_full  el_before_av_one_full  column-top-margin\" style='border-radius:0px; '><section class=\"av_textblock_section \"  itemscope=\"itemscope\" itemtype=\"https:\/\/schema.org\/BlogPosting\" itemprop=\"blogPost\" ><div class='avia_textblock  '   itemprop=\"text\" ><p style=\"text-align: center;\"><strong><span style=\"font-size: 18pt;\">Deportista aysenina Ariela Barahona se prepara para participar por primera vez en el Patagonman<\/span><\/strong><\/p>\n<div id=\"gtx-trans\" style=\"position: absolute; left: -50px; top: 4.31534px;\">\n<div class=\"gtx-trans-icon\"><\/div>\n<\/div>\n<\/div><\/section><\/div><div class=\"flex_column av_one_full  flex_column_div av-zero-column-padding first  avia-builder-el-4  el_after_av_one_full  el_before_av_hr  column-top-margin\" style='border-radius:0px; '><section class=\"av_textblock_section \"  itemscope=\"itemscope\" itemtype=\"https:\/\/schema.org\/BlogPosting\" itemprop=\"blogPost\" ><div class='avia_textblock  '   itemprop=\"text\" ><p style=\"text-align: justify;\">Una importante haza\u00f1a realizar\u00e1 Ariela Barahona, deportista aysenina que va a participar en el Patagonman en diciembre como la primera mujer de Puerto Ays\u00e9n, Ariela vive en Valpara\u00edso actualmente, pero es oriunda de Puerto Ays\u00e9n, la deportista se prepara para este importante desaf\u00edo como lo es esta competencia a nivel nacional e internacional.<\/p>\n<p style=\"text-align: justify;\">Patagonman\u00a0es un\u00a0triatl\u00f3n extremo de distancia Ironman (3.8 km nataci\u00f3n, 180 km ciclismo, 42.2 km carrera a pie) que se realiza anualmente en la Regi\u00f3n de Ays\u00e9n, Patagonia chilena, con un recorrido que combina la belleza de los fiordos y la Carretera Austral con desaf\u00edos naturales como el agua fr\u00eda y la altitud, y una gran importancia para el turismo y la comunidad local.<\/p>\n<p style=\"text-align: justify;\"><strong>Detalles del evento<\/strong><\/p>\n<p style=\"text-align: justify;\">Nataci\u00f3n:\u00a0Se inicia en el\u00a0<a href=\"https:\/\/www.google.com\/search?cs=0&amp;sca_esv=9866bbb3ab0f580c&amp;q=Fiordo+de+Ays%C3%A9n&amp;sa=X&amp;ved=2ahUKEwjf9bua4_OOAxUVRLgEHTa2BQYQxccNegQIEhAB&amp;mstk=AUtExfBvtK9NzPb7bbfGqcFOnoAVj_pdpsuIZrZlg0LkDw8ymuvCxKk_WvxTzQFlZfHcGO_MYfNLwbhICmDZa5mGEgjWtSCoOFF18ZV3lTdfpUAz1LbRBGnm1CdISP802kEMD2FghPwJAs945bZwcmnJ7XmXyUXFdr5GoAv1siTYAqMle98&amp;csui=3\">Fiordo de Ays\u00e9n<\/a>\u00a0con una nataci\u00f3n de 3.8 km en aguas heladas del oc\u00e9ano Pac\u00edfico.<\/p>\n<p style=\"text-align: justify;\">Ciclismo:\u00a0La etapa de ciclismo consta de 180 km por la famosa\u00a0<a href=\"https:\/\/www.google.com\/search?cs=0&amp;sca_esv=9866bbb3ab0f580c&amp;q=Carretera+Austral&amp;sa=X&amp;ved=2ahUKEwjf9bua4_OOAxUVRLgEHTa2BQYQxccNegQIFxAB&amp;mstk=AUtExfBvtK9NzPb7bbfGqcFOnoAVj_pdpsuIZrZlg0LkDw8ymuvCxKk_WvxTzQFlZfHcGO_MYfNLwbhICmDZa5mGEgjWtSCoOFF18ZV3lTdfpUAz1LbRBGnm1CdISP802kEMD2FghPwJAs945bZwcmnJ7XmXyUXFdr5GoAv1siTYAqMle98&amp;csui=3\">Carretera Austral<\/a>.<\/p>\n<p style=\"text-align: justify;\">Trotar:\u00a0La carrera a pie cubre 42.2 km a trav\u00e9s de ca\u00f1ones, junto a lagos y cascadas, culminando en Puerto Ib\u00e1\u00f1ez.<\/p>\n<p style=\"text-align: justify;\"><strong>Caracter\u00edsticas distintivas<\/strong><\/p>\n<p style=\"text-align: justify;\">Extremo y desafiante:<\/p>\n<p style=\"text-align: justify;\">Es conocido como uno de los triatlones m\u00e1s dif\u00edciles del mundo debido a sus distancias y a las condiciones clim\u00e1ticas.<\/p>\n<p style=\"text-align: justify;\">Belleza natural:<\/p>\n<p style=\"text-align: justify;\">Ofrece un escenario impresionante, con paisajes de fiordos, lagos, cascadas y abundante fauna, como nutrias, leones marinos y pumas.<\/p>\n<p style=\"text-align: justify;\">Punto a punto:<\/p>\n<p style=\"text-align: justify;\">La carrera es de \u00abpunto a punto\u00bb, lo que significa que el recorrido es lineal desde el fiordo hasta el Lago General Carrera.<\/p>\n<p style=\"text-align: justify;\"><strong>Impacto y participaci\u00f3n\u00a0<\/strong><\/p>\n<p style=\"text-align: justify;\">Internacional:<\/p>\n<p style=\"text-align: justify;\">El evento atrae a atletas de todo el mundo, lo que lo convierte en uno de los eventos deportivos con mayor participaci\u00f3n internacional en Chile.<\/p>\n<p style=\"text-align: justify;\">Comunitario:<\/p>\n<p style=\"text-align: justify;\">Patagonman apoya a la comunidad local con programas deportivos, donaciones y apoyo a la cultura y belleza de la regi\u00f3n.<\/p>\n<p style=\"text-align: justify;\">Loter\u00eda de cupos:<\/p>\n<p style=\"text-align: justify;\">Los atletas participan mediante una loter\u00eda, y todo el dinero recaudado se destina a organizaciones ben\u00e9ficas en la Patagonia.<\/p>\n<\/div><\/section><\/div><\/p>\n<div  style='height:50px' class='hr hr-invisible   avia-builder-el-6  el_after_av_one_full  el_before_av_social_share '><span class='hr-inner ' ><span class='hr-inner-style'><\/span><\/span><\/div>\n<div  class='av-social-sharing-box  avia-builder-el-7  el_after_av_hr  el_before_av_hr  '><div class='av-share-box'><h5 class='av-share-link-description av-no-toc '>Compartir esta noticia<\/h5><ul class='av-share-box-list noLightbox'><li class='av-share-link av-social-link-facebook' ><a target=\"_blank\" aria-label=\"Compartir en Facebook\" href='https:\/\/www.facebook.com\/sharer.php?u=https:\/\/radiorevelacionfm.cl\/?p=57341&#038;t=Deportista%20aysenina%20Ariela%20Barahona%20se%20prepara%20para%20participar%20por%20primera%20vez%20en%20el%20Patagonman' aria-hidden='false' data-av_icon='\ue8f3' data-av_iconfont='entypo-fontello' title='' data-avia-related-tooltip='Compartir en Facebook' rel=\"noopener\"><span class='avia_hidden_link_text'>Compartir en Facebook<\/span><\/a><\/li><li class='av-share-link av-social-link-twitter' ><a target=\"_blank\" aria-label=\"Compartir en Twitter\" href='https:\/\/twitter.com\/share?text=Deportista%20aysenina%20Ariela%20Barahona%20se%20prepara%20para%20participar%20por%20primera%20vez%20en%20el%20Patagonman&#038;url=https:\/\/radiorevelacionfm.cl\/?p=57341' aria-hidden='false' data-av_icon='\ue8f1' data-av_iconfont='entypo-fontello' title='' data-avia-related-tooltip='Compartir en Twitter' rel=\"noopener\"><span class='avia_hidden_link_text'>Compartir en Twitter<\/span><\/a><\/li><li class='av-share-link av-social-link-whatsapp' ><a target=\"_blank\" aria-label=\"Compartir en Whatsapp\" href='https:\/\/api.whatsapp.com\/send?text=https:\/\/radiorevelacionfm.cl\/?p=57341' aria-hidden='false' data-av_icon='\uf232' data-av_iconfont='entypo-fontello' title='' data-avia-related-tooltip='Compartir en Whatsapp' rel=\"noopener\"><span class='avia_hidden_link_text'>Compartir en Whatsapp<\/span><\/a><\/li><li class='av-share-link av-social-link-linkedin' ><a target=\"_blank\" aria-label=\"Compartir en LinkedIn\" href='https:\/\/linkedin.com\/shareArticle?mini=true&#038;title=Deportista%20aysenina%20Ariela%20Barahona%20se%20prepara%20para%20participar%20por%20primera%20vez%20en%20el%20Patagonman&#038;url=https:\/\/radiorevelacionfm.cl\/?p=57341' aria-hidden='false' data-av_icon='\ue8fc' data-av_iconfont='entypo-fontello' title='' data-avia-related-tooltip='Compartir en LinkedIn' rel=\"noopener\"><span class='avia_hidden_link_text'>Compartir en LinkedIn<\/span><\/a><\/li><li class='av-share-link av-social-link-mail' ><a  aria-label=\"Compartir por correo\" href='mailto:?subject=Deportista%20aysenina%20Ariela%20Barahona%20se%20prepara%20para%20participar%20por%20primera%20vez%20en%20el%20Patagonman&#038;body=https:\/\/radiorevelacionfm.cl\/?p=57341' aria-hidden='false' data-av_icon='\ue805' data-av_iconfont='entypo-fontello' title='' data-avia-related-tooltip='Compartir por correo'><span class='avia_hidden_link_text'>Compartir por correo<\/span><\/a><\/li><\/ul><\/div><\/div>\n<div  style='height:50px' class='hr hr-invisible   avia-builder-el-8  el_after_av_social_share  el_before_av_comments_list '><span class='hr-inner ' ><span class='hr-inner-style'><\/span><\/span><\/div>\n<div  class='av-buildercomment  av-blog-meta-html-info-disabled av-blog-meta-tag-disabled  '><\/div>\n","protected":false},"excerpt":{"rendered":"","protected":false},"author":1,"featured_media":57344,"comment_status":"closed","ping_status":"closed","sticky":false,"template":"","format":"standard","meta":{"footnotes":""},"categories":[40],"tags":[],"class_list":["post-57341","post","type-post","status-publish","format-standard","has-post-thumbnail","hentry","category-deportes"],"jetpack_featured_media_url":"https:\/\/radiorevelacionfm.cl\/wp-content\/uploads\/2025\/08\/WhatsApp-Image-2025-08-05-at-11.28.23-1-1.jpeg","_links":{"self":[{"href":"https:\/\/radiorevelacionfm.cl\/index.php?rest_route=\/wp\/v2\/posts\/57341","targetHints":{"allow":["GET"]}}],"collection":[{"href":"https:\/\/radiorevelacionfm.cl\/index.php?rest_route=\/wp\/v2\/posts"}],"about":[{"href":"https:\/\/radiorevelacionfm.cl\/index.php?rest_route=\/wp\/v2\/types\/post"}],"author":[{"embeddable":true,"href":"https:\/\/radiorevelacionfm.cl\/index.php?rest_route=\/wp\/v2\/users\/1"}],"replies":[{"embeddable":true,"href":"https:\/\/radiorevelacionfm.cl\/index.php?rest_route=%2Fwp%2Fv2%2Fcomments&post=57341"}],"version-history":[{"count":3,"href":"https:\/\/radiorevelacionfm.cl\/index.php?rest_route=\/wp\/v2\/posts\/57341\/revisions"}],"predecessor-version":[{"id":57346,"href":"https:\/\/radiorevelacionfm.cl\/index.php?rest_route=\/wp\/v2\/posts\/57341\/revisions\/57346"}],"wp:featuredmedia":[{"embeddable":true,"href":"https:\/\/radiorevelacionfm.cl\/index.php?rest_route=\/wp\/v2\/media\/57344"}],"wp:attachment":[{"href":"https:\/\/radiorevelacionfm.cl\/index.php?rest_route=%2Fwp%2Fv2%2Fmedia&parent=57341"}],"wp:term":[{"taxonomy":"category","embeddable":true,"href":"https:\/\/radiorevelacionfm.cl\/index.php?rest_route=%2Fwp%2Fv2%2Fcategories&post=57341"},{"taxonomy":"post_tag","embeddable":true,"href":"https:\/\/radiorevelacionfm.cl\/index.php?rest_route=%2Fwp%2Fv2%2Ftags&post=57341"}],"curies":[{"name":"wp","href":"https:\/\/api.w.org\/{rel}","templated":true}]}}