{"id":57329,"date":"2025-08-04T20:07:51","date_gmt":"2025-08-04T23:07:51","guid":{"rendered":"https:\/\/radiorevelacionfm.cl\/?p=57329"},"modified":"2025-08-04T20:07:51","modified_gmt":"2025-08-04T23:07:51","slug":"con-vocacion-de-futuro-y-arraigo-rural-indap-aysen-celebra-mes-de-la-juventud-con-encuentro-regional","status":"publish","type":"post","link":"https:\/\/radiorevelacionfm.cl\/?p=57329","title":{"rendered":"Con vocaci\u00f3n de futuro y arraigo rural: Indap Ays\u00e9n celebra mes de la juventud con encuentro regional"},"content":{"rendered":"<div class=\"flex_column av_one_full  flex_column_div av-zero-column-padding first  avia-builder-el-0  el_before_av_one_full  avia-builder-el-first  \" style='border-radius:0px; '><div  class='avia-image-container  av-styling-    avia-builder-el-1  avia-builder-el-no-sibling  avia-align-center '  itemprop=\"image\" itemscope=\"itemscope\" itemtype=\"https:\/\/schema.org\/ImageObject\"  ><div class='avia-image-container-inner'><div class='avia-image-overlay-wrap'><img decoding=\"async\" class='wp-image-57330 avia-img-lazy-loading-not-57330 avia_image' src=\"https:\/\/radiorevelacionfm.cl\/wp-content\/uploads\/2025\/08\/ENCUENTRO-JUVENTUDES-RURALES-INDAP-10-1-1.jpeg\" alt='' title='ENCUENTRO JUVENTUDES RURALES INDAP (10) (1) (1)' height=\"600\" width=\"800\"  itemprop=\"thumbnailUrl\" srcset=\"https:\/\/radiorevelacionfm.cl\/wp-content\/uploads\/2025\/08\/ENCUENTRO-JUVENTUDES-RURALES-INDAP-10-1-1.jpeg 800w, https:\/\/radiorevelacionfm.cl\/wp-content\/uploads\/2025\/08\/ENCUENTRO-JUVENTUDES-RURALES-INDAP-10-1-1-300x225.jpeg 300w, https:\/\/radiorevelacionfm.cl\/wp-content\/uploads\/2025\/08\/ENCUENTRO-JUVENTUDES-RURALES-INDAP-10-1-1-768x576.jpeg 768w, https:\/\/radiorevelacionfm.cl\/wp-content\/uploads\/2025\/08\/ENCUENTRO-JUVENTUDES-RURALES-INDAP-10-1-1-705x529.jpeg 705w, https:\/\/radiorevelacionfm.cl\/wp-content\/uploads\/2025\/08\/ENCUENTRO-JUVENTUDES-RURALES-INDAP-10-1-1-450x338.jpeg 450w, https:\/\/radiorevelacionfm.cl\/wp-content\/uploads\/2025\/08\/ENCUENTRO-JUVENTUDES-RURALES-INDAP-10-1-1-600x450.jpeg 600w\" sizes=\"(max-width: 800px) 100vw, 800px\" \/><\/div><\/div><\/div><\/div><div class=\"flex_column av_one_full  flex_column_div av-zero-column-padding first  avia-builder-el-2  el_after_av_one_full  el_before_av_one_full  column-top-margin\" style='border-radius:0px; '><section class=\"av_textblock_section \"  itemscope=\"itemscope\" itemtype=\"https:\/\/schema.org\/BlogPosting\" itemprop=\"blogPost\" ><div class='avia_textblock  '   itemprop=\"text\" ><p style=\"text-align: center;\"><strong><span style=\"font-size: 18pt;\">Con vocaci\u00f3n de futuro y arraigo rural: Indap Ays\u00e9n celebra mes de la juventud con encuentro regional <\/span><\/strong><\/p>\n<div id=\"gtx-trans\" style=\"position: absolute; left: -50px; top: 4.31534px;\">\n<div class=\"gtx-trans-icon\"><\/div>\n<\/div>\n<\/div><\/section><\/div><div class=\"flex_column av_one_full  flex_column_div av-zero-column-padding first  avia-builder-el-4  el_after_av_one_full  el_before_av_hr  column-top-margin\" style='border-radius:0px; '><section class=\"av_textblock_section \"  itemscope=\"itemscope\" itemtype=\"https:\/\/schema.org\/BlogPosting\" itemprop=\"blogPost\" ><div class='avia_textblock  '   itemprop=\"text\" ><p style=\"text-align: justify;\">En el marco del lanzamiento oficial de la Pol\u00edtica Nacional de Juventudes Rurales y dando inicio al mes de la juventud, INDAP Ays\u00e9n de Ministerio de Agricultura, realiz\u00f3 el Encuentro Regional de J\u00f3venes Rurales 2025, una instancia que reuni\u00f3 a cerca de 30 j\u00f3venes provenientes de Puerto Ib\u00e1\u00f1ez, Coyhaique, Puerto Ays\u00e9n, La Junta, Cochrane y Chile Chico con el objetivo de fortalecer redes, entregar herramientas concretas y demostrar el compromiso del Estado con el futuro del campo.<\/p>\n<p style=\"text-align: justify;\">\u201cQueremos que los j\u00f3venes rurales tengan razones y condiciones para quedarse en sus territorios. Esa es nuestra tarea como INDAP: acompa\u00f1arlos, darles acceso a instrumentos de inversi\u00f3n, formaci\u00f3n y asesor\u00eda, y dar vida a una pol\u00edtica de Estado que los sit\u00fae en el centro del desarrollo rural\u201d, expres\u00f3 la directora regional de INDAP, Yessica Lagos C\u00e1rdenas.<\/p>\n<p style=\"text-align: justify;\">El hito de inicio del encuentro se desarroll\u00f3 en el Fundo Panguilemu, con participaci\u00f3n de la SEREMI de Gobierno \u00darsula Mix, el director regional de INJUV Camilo Trivi\u00f1o, la directora de SERCOTEC Nelly Vargas, adem\u00e1s del equipo regional de INDAP encabezado por su directora, la encargada regional de juventudes rurales Nelly P\u00e9rez y la jefa de \u00e1rea Coyhaique, Carmen Gloria S\u00e1ez. Esta articulaci\u00f3n interinstitucional demuestra que el mandato presidencial de impulsar a las juventudes rurales no solo es un discurso: se traduce en pol\u00edticas p\u00fablicas activas, con rostro joven y presencia territorial. Este hito se realiz\u00f3 posterior a una visita y conversaci\u00f3n con el SEREMI de Agricultura, Eugenio Ruiz.<\/p>\n<p style=\"text-align: justify;\">Tom\u00e1s Carrere, joven rural de Puerto Tranquilo, destac\u00f3 el rol de INDAP en acercar a las juventudes rurales a trav\u00e9s de este encuentro: \u201cAlgo muy interesante para nosotros en una regi\u00f3n tan extensa es que no nos conocemos. Todos valoramos mucho a INDAP como la \u00fanica instituci\u00f3n que logra llegar a rincones tan alejados y que cumple un rol hist\u00f3rico\u201d. Durante dos d\u00edas, el encuentro despleg\u00f3 una agenda intensa y significativa que combin\u00f3 saberes t\u00e9cnicos con experiencias pr\u00e1cticas, visitas prediales, instancias de conversaci\u00f3n y espacios simb\u00f3licos como el intercambio de semillas.<\/p>\n<p style=\"text-align: justify;\">Desde la ganader\u00eda regenerativa hasta la apicultura y la producci\u00f3n agroecol\u00f3gica, las y los j\u00f3venes accedieron a conocimientos aplicables a su realidad territorial. El encuentro tambi\u00e9n incluy\u00f3 la visita a la Cooperativa Fungi AJORA, donde se compartieron saberes sobre el reino fungi, producci\u00f3n sustentable y experiencias asociativas lideradas por j\u00f3venes.<\/p>\n<p style=\"text-align: justify;\">Un momento particularmente significativo fue la visita al huerto de Jorge Lep\u00edo, joven rural referente de Puerto Ays\u00e9n, quien comparti\u00f3 con generosidad los aprendizajes y experiencias que hoy le permiten dar vida a Huerto Awiten. A trav\u00e9s de talleres pr\u00e1cticos y di\u00e1logo directo, Jorge mostr\u00f3 c\u00f3mo es posible producir alimentos sanos y libres de agroqu\u00edmicos desde un enfoque agroecol\u00f3gico, abasteciendo a su comunidad con productos locales en un territorio donde el acceso a circuitos cortos de alimentaci\u00f3n a\u00fan es limitado.<\/p>\n<p style=\"text-align: justify;\">Marcela Mart\u00ednez, joven rural de Chile Chico, destac\u00f3 durante los programas impulsados por INDAP, como el Programa de Desarrollo e Inversiones (PDI) Joven: \u201cTenemos varias herramientas. Tenemos el PDI joven, donde podemos postular proyectos exclusivos para j\u00f3venes, los cr\u00e9ditos, que son con una tasa muy baja a corto y largo plazo, entonces tenemos harto apoyo por parte de la instituci\u00f3n\u201d. A ello se suma \u201cMi Primer Negocio Rural\u201d, con foco en entregar capital, asesor\u00eda t\u00e9cnica y herramientas para que las juventudes rurales puedan emprender en sus propios territorios, de forma sostenible, innovadora y con arraigo.<\/p>\n<p style=\"text-align: justify;\">Con iniciativas como estas, INDAP Ays\u00e9n reafirma su compromiso de largo plazo con la renovaci\u00f3n del campo, apostando por j\u00f3venes que deciden quedarse, emprender y liderar procesos comunitarios que ponen en valor la soberan\u00eda alimentaria, el cuidado del territorio y el desarrollo rural con identidad.<\/p>\n<\/div><\/section><\/div><div  style='height:50px' class='hr hr-invisible   avia-builder-el-6  el_after_av_one_full  el_before_av_social_share '><span class='hr-inner ' ><span class='hr-inner-style'><\/span><\/span><\/div><\/p>\n<div  class='av-social-sharing-box  avia-builder-el-7  el_after_av_hr  el_before_av_hr  '><div class='av-share-box'><h5 class='av-share-link-description av-no-toc '>Compartir esta noticia<\/h5><ul class='av-share-box-list noLightbox'><li class='av-share-link av-social-link-facebook' ><a target=\"_blank\" aria-label=\"Compartir en Facebook\" href='https:\/\/www.facebook.com\/sharer.php?u=https:\/\/radiorevelacionfm.cl\/?p=57329&#038;t=Con%20vocaci%C3%B3n%20de%20futuro%20y%20arraigo%20rural%3A%20Indap%20Ays%C3%A9n%20celebra%20mes%20de%20la%20juventud%20con%20encuentro%20regional' aria-hidden='false' data-av_icon='\ue8f3' data-av_iconfont='entypo-fontello' title='' data-avia-related-tooltip='Compartir en Facebook' rel=\"noopener\"><span class='avia_hidden_link_text'>Compartir en Facebook<\/span><\/a><\/li><li class='av-share-link av-social-link-twitter' ><a target=\"_blank\" aria-label=\"Compartir en Twitter\" href='https:\/\/twitter.com\/share?text=Con%20vocaci%C3%B3n%20de%20futuro%20y%20arraigo%20rural%3A%20Indap%20Ays%C3%A9n%20celebra%20mes%20de%20la%20juventud%20con%20encuentro%20regional&#038;url=https:\/\/radiorevelacionfm.cl\/?p=57329' aria-hidden='false' data-av_icon='\ue8f1' data-av_iconfont='entypo-fontello' title='' data-avia-related-tooltip='Compartir en Twitter' rel=\"noopener\"><span class='avia_hidden_link_text'>Compartir en Twitter<\/span><\/a><\/li><li class='av-share-link av-social-link-whatsapp' ><a target=\"_blank\" aria-label=\"Compartir en Whatsapp\" href='https:\/\/api.whatsapp.com\/send?text=https:\/\/radiorevelacionfm.cl\/?p=57329' aria-hidden='false' data-av_icon='\uf232' data-av_iconfont='entypo-fontello' title='' data-avia-related-tooltip='Compartir en Whatsapp' rel=\"noopener\"><span class='avia_hidden_link_text'>Compartir en Whatsapp<\/span><\/a><\/li><li class='av-share-link av-social-link-linkedin' ><a target=\"_blank\" aria-label=\"Compartir en LinkedIn\" href='https:\/\/linkedin.com\/shareArticle?mini=true&#038;title=Con%20vocaci%C3%B3n%20de%20futuro%20y%20arraigo%20rural%3A%20Indap%20Ays%C3%A9n%20celebra%20mes%20de%20la%20juventud%20con%20encuentro%20regional&#038;url=https:\/\/radiorevelacionfm.cl\/?p=57329' aria-hidden='false' data-av_icon='\ue8fc' data-av_iconfont='entypo-fontello' title='' data-avia-related-tooltip='Compartir en LinkedIn' rel=\"noopener\"><span class='avia_hidden_link_text'>Compartir en LinkedIn<\/span><\/a><\/li><li class='av-share-link av-social-link-mail' ><a  aria-label=\"Compartir por correo\" href='mailto:?subject=Con%20vocaci%C3%B3n%20de%20futuro%20y%20arraigo%20rural%3A%20Indap%20Ays%C3%A9n%20celebra%20mes%20de%20la%20juventud%20con%20encuentro%20regional&#038;body=https:\/\/radiorevelacionfm.cl\/?p=57329' aria-hidden='false' data-av_icon='\ue805' data-av_iconfont='entypo-fontello' title='' data-avia-related-tooltip='Compartir por correo'><span class='avia_hidden_link_text'>Compartir por correo<\/span><\/a><\/li><\/ul><\/div><\/div>\n<div  style='height:50px' class='hr hr-invisible   avia-builder-el-8  el_after_av_social_share  el_before_av_comments_list '><span class='hr-inner ' ><span class='hr-inner-style'><\/span><\/span><\/div>\n<div  class='av-buildercomment  av-blog-meta-html-info-disabled av-blog-meta-tag-disabled  '><\/div>\n","protected":false},"excerpt":{"rendered":"","protected":false},"author":1,"featured_media":57330,"comment_status":"closed","ping_status":"closed","sticky":false,"template":"","format":"standard","meta":{"footnotes":""},"categories":[58],"tags":[],"class_list":["post-57329","post","type-post","status-publish","format-standard","has-post-thumbnail","hentry","category-agricultura"],"jetpack_featured_media_url":"https:\/\/radiorevelacionfm.cl\/wp-content\/uploads\/2025\/08\/ENCUENTRO-JUVENTUDES-RURALES-INDAP-10-1-1.jpeg","_links":{"self":[{"href":"https:\/\/radiorevelacionfm.cl\/index.php?rest_route=\/wp\/v2\/posts\/57329","targetHints":{"allow":["GET"]}}],"collection":[{"href":"https:\/\/radiorevelacionfm.cl\/index.php?rest_route=\/wp\/v2\/posts"}],"about":[{"href":"https:\/\/radiorevelacionfm.cl\/index.php?rest_route=\/wp\/v2\/types\/post"}],"author":[{"embeddable":true,"href":"https:\/\/radiorevelacionfm.cl\/index.php?rest_route=\/wp\/v2\/users\/1"}],"replies":[{"embeddable":true,"href":"https:\/\/radiorevelacionfm.cl\/index.php?rest_route=%2Fwp%2Fv2%2Fcomments&post=57329"}],"version-history":[{"count":2,"href":"https:\/\/radiorevelacionfm.cl\/index.php?rest_route=\/wp\/v2\/posts\/57329\/revisions"}],"predecessor-version":[{"id":57333,"href":"https:\/\/radiorevelacionfm.cl\/index.php?rest_route=\/wp\/v2\/posts\/57329\/revisions\/57333"}],"wp:featuredmedia":[{"embeddable":true,"href":"https:\/\/radiorevelacionfm.cl\/index.php?rest_route=\/wp\/v2\/media\/57330"}],"wp:attachment":[{"href":"https:\/\/radiorevelacionfm.cl\/index.php?rest_route=%2Fwp%2Fv2%2Fmedia&parent=57329"}],"wp:term":[{"taxonomy":"category","embeddable":true,"href":"https:\/\/radiorevelacionfm.cl\/index.php?rest_route=%2Fwp%2Fv2%2Fcategories&post=57329"},{"taxonomy":"post_tag","embeddable":true,"href":"https:\/\/radiorevelacionfm.cl\/index.php?rest_route=%2Fwp%2Fv2%2Ftags&post=57329"}],"curies":[{"name":"wp","href":"https:\/\/api.w.org\/{rel}","templated":true}]}}