{"id":57326,"date":"2025-08-04T20:50:13","date_gmt":"2025-08-04T23:50:13","guid":{"rendered":"https:\/\/radiorevelacionfm.cl\/?p=57326"},"modified":"2025-08-04T20:50:13","modified_gmt":"2025-08-04T23:50:13","slug":"gobierno-regional-de-aysen-beneficia-a-355-iniciativas-en-el-marco-del-concurso-8-fndr-2025","status":"publish","type":"post","link":"https:\/\/radiorevelacionfm.cl\/?p=57326","title":{"rendered":"Gobierno Regional de Ays\u00e9n beneficia a 355 iniciativas en el marco del concurso 8% FNDR 2025"},"content":{"rendered":"<div class=\"flex_column av_one_full  flex_column_div av-zero-column-padding first  avia-builder-el-0  el_before_av_one_full  avia-builder-el-first  \" style='border-radius:0px; '><div  class='avia-image-container  av-styling-    avia-builder-el-1  avia-builder-el-no-sibling  avia-align-center '  itemprop=\"image\" itemscope=\"itemscope\" itemtype=\"https:\/\/schema.org\/ImageObject\"  ><div class='avia-image-container-inner'><div class='avia-image-overlay-wrap'><img decoding=\"async\" class='wp-image-57327 avia-img-lazy-loading-not-57327 avia_image' src=\"https:\/\/radiorevelacionfm.cl\/wp-content\/uploads\/2025\/08\/8-aysen-1_optimized.jpeg\" alt='' title='8-aysen-(1)_optimized' height=\"600\" width=\"898\"  itemprop=\"thumbnailUrl\" srcset=\"https:\/\/radiorevelacionfm.cl\/wp-content\/uploads\/2025\/08\/8-aysen-1_optimized.jpeg 898w, https:\/\/radiorevelacionfm.cl\/wp-content\/uploads\/2025\/08\/8-aysen-1_optimized-300x200.jpeg 300w, https:\/\/radiorevelacionfm.cl\/wp-content\/uploads\/2025\/08\/8-aysen-1_optimized-768x513.jpeg 768w, https:\/\/radiorevelacionfm.cl\/wp-content\/uploads\/2025\/08\/8-aysen-1_optimized-705x471.jpeg 705w, https:\/\/radiorevelacionfm.cl\/wp-content\/uploads\/2025\/08\/8-aysen-1_optimized-450x301.jpeg 450w, https:\/\/radiorevelacionfm.cl\/wp-content\/uploads\/2025\/08\/8-aysen-1_optimized-600x401.jpeg 600w\" sizes=\"(max-width: 898px) 100vw, 898px\" \/><\/div><\/div><\/div><\/div><div class=\"flex_column av_one_full  flex_column_div av-zero-column-padding first  avia-builder-el-2  el_after_av_one_full  el_before_av_one_full  column-top-margin\" style='border-radius:0px; '><section class=\"av_textblock_section \"  itemscope=\"itemscope\" itemtype=\"https:\/\/schema.org\/BlogPosting\" itemprop=\"blogPost\" ><div class='avia_textblock  '   itemprop=\"text\" ><p style=\"text-align: center;\"><strong><span style=\"font-size: 18pt;\">Gobierno Regional de Ays\u00e9n beneficia a 355 iniciativas en el marco del concurso 8% FNDR 2025<\/span><\/strong><\/p>\n<div id=\"gtx-trans\" style=\"position: absolute; left: -50px; top: 4.31534px;\">\n<div class=\"gtx-trans-icon\"><\/div>\n<\/div>\n<\/div><\/section><\/div><div class=\"flex_column av_one_full  flex_column_div av-zero-column-padding first  avia-builder-el-4  el_after_av_one_full  el_before_av_hr  column-top-margin\" style='border-radius:0px; '><section class=\"av_textblock_section \"  itemscope=\"itemscope\" itemtype=\"https:\/\/schema.org\/BlogPosting\" itemprop=\"blogPost\" ><div class='avia_textblock  '   itemprop=\"text\" ><p style=\"text-align: justify;\"><em>Tanto en la comuna de Coyhaique como en Ays\u00e9n se realiz\u00f3 el hito de Inicio de la Ejecuci\u00f3n del Concurso de Vinculaci\u00f3n con la Comunidad 8% FNDR con la participaci\u00f3n de representantes de la sociedad civil, organizaciones privadas y p\u00fablicas.<\/em><\/p>\n<p style=\"text-align: justify;\">Con una gran participaci\u00f3n de la comunidad se realizaron dos hitos para celebrar la entrega de financiamiento del Concurso de Vinculaci\u00f3n con la Comunidad 8% FNDR. Los eventos se realizaron tanto en Coyhaique como en la comuna de Ays\u00e9n, ambos encabezados por el gobernador regional de Ays\u00e9n. Marcelo Santana Vargas.<\/p>\n<p style=\"text-align: justify;\">\u201c355 organizaciones de nuestra regi\u00f3n se adjudicaron los fondos que estuvieron en postulaci\u00f3n desde el 2 de marzo. Un poco m\u00e1s de 5 mil millones de pesos. Estamos contentos, porque hay actividades deportivas, culturales, tradicionales, de medio ambiente, de seguridad ciudadana, de tenencia responsable de mascotas, de adultos mayores, de materia social, de juntas de vecinos. Van a ser posible con este fondo. As\u00ed que felicitar a las organizaciones, agradecer a todos los equipos que hicieron posible que este proceso se llevara a cabo con muy buen resultado\u201d, destac\u00f3 el gobernador regional de Ays\u00e9n, Marcelo Santana Vargas, en la ceremonia realizada en Coyhaique.<\/p>\n<p style=\"text-align: justify;\">En esta oportunidad, el Fondo Social 8% FNDR asign\u00f3 un total de 5.681 millones de pesos. Ingresaron en la plataforma 1.240 iniciativas. 971 fueron efectivamente postuladas y de ellas solo 672 fueron admisibles, es decir, postularon correctamente. 355 proyectos fueron seleccionados.<\/p>\n<p style=\"text-align: justify;\">Este a\u00f1o, el Gobierno Regional de Ays\u00e9n y su Consejo busc\u00f3 abarcar la mayor cantidad de iniciativas en diversas materias, tales como seguridad, deporte, actividades recreativas, art\u00edsticas culturales, formaci\u00f3n y medio ambiente, entre otras.<\/p>\n<p style=\"text-align: justify;\">El consejero regional, Rodrigo Rivera, destac\u00f3 la participaci\u00f3n de distintas localidades: \u201cMuy contento por la distribuci\u00f3n que han tenido estos fondos. Proyectos adjudicados desde el Lago Verde hasta Villa O\u00b4Higgins. As\u00ed que felicitar a todas las organizaciones sociales, culturales y deportivas que van a poder ejecutar estos proyectos el presente a\u00f1o. Y obviamente, la caracter\u00edstica que tuvieron los proyectos de este a\u00f1o es que pudimos ampliar la posibilidad de poder ejecutar proyectos, no solamente sobre un a\u00f1o calendario, sino que poder traspasarlos hasta el mes de marzo. Por lo tanto, las organizaciones tienen desde julio-agosto del 2025 hasta marzo del 2026 para ejecutar su iniciativa. As\u00ed que espero que sea una muy buena ejecuci\u00f3n y, por lo menos, los que corresponden a la provincia Capit\u00e1n Prat, los vamos a estar apoyando y visitando en cada una de sus iniciativas\u201d.<\/p>\n<p style=\"text-align: justify;\">En tanto la Consejera Regional, Marisol Mart\u00ednez, dijo que \u201c(Somos muy felices) cuando llegamos a este momento y podemos ver el resultado de un proceso que ha llevado bastante tiempo y bastante trabajo. Reconocer en ello el trabajo de ustedes, las organizaciones sociales. Es un trabajo enorme realizar estos proyectos. Fueron muchos los proyectos presentados y tambi\u00e9n es un trabajo enorme para los equipos t\u00e9cnicos del Gobierno Regional que tienen que revisar cada uno de ellos. Por cierto, algunos quedan fuera y los invitamos a participar en una pr\u00f3xima oportunidad nuevamente. Nosotros como Comisi\u00f3n Social hemos trabajado arduamente para mejorar las bases y hacer cada vez m\u00e1s f\u00e1cil de postular, para que cada vez haya menos documentos que presentar y cada vez m\u00e1s organizaciones desde todos los puntos de la regi\u00f3n tengan la oportunidad de financiar sus proyectos\u201d.<\/p>\n<p style=\"text-align: justify;\">La consejera regional Ximena Novoa, vicepresidenta de la Comisi\u00f3n de Desarrollo Social, Cultural y Deportivo, destac\u00f3 la diversidad de proyectos presentados en Ays\u00e9n: \u201c(Estamos) felices despu\u00e9s de un arduo trabajo de la Comisi\u00f3n Social\u2026 Hoy d\u00eda como vicepresidenta de dicha comisi\u00f3n trajimos el saludo de los consejeros regionales\u2026Felices de que puedan comenzar a ejecutar sus diversas iniciativas, nuestros adultos mayores, deportes, cultura, un sinf\u00edn de iniciativas\u2026 tiene un impacto muy grande en ellos porque son muchos los que se ven beneficiados\u201d.<\/p>\n<p style=\"text-align: justify;\">La consejera regional, Rosa Gonz\u00e1lez, felicit\u00f3 a los beneficiados: \u201cEs muy importante el inicio de estos fondos 8% FNDR para la comuna de Ays\u00e9n, porque van a poder concretar sus ideas e iniciativas que trabajaron durante el a\u00f1o. Tuvimos la oportunidad de trabajar en forma paralela tambi\u00e9n con la divisi\u00f3n. Estamos muy felices de que se hayan entregado las iniciativas y les solicitamos que las disfruten y las rindan como corresponde\u201d.<\/p>\n<p style=\"text-align: justify;\">El concurso tiene como objetivo contribuir a la disminuci\u00f3n de inequidades y barreras en las comunidades mediante el financiamiento de actividades que promuevan el desarrollo social, la participaci\u00f3n ciudadana y el bienestar de la poblaci\u00f3n, entre otros.<\/p>\n<\/div><\/section><\/div><div  style='height:50px' class='hr hr-invisible   avia-builder-el-6  el_after_av_one_full  el_before_av_social_share '><span class='hr-inner ' ><span class='hr-inner-style'><\/span><\/span><\/div><\/p>\n<div  class='av-social-sharing-box  avia-builder-el-7  el_after_av_hr  el_before_av_hr  '><div class='av-share-box'><h5 class='av-share-link-description av-no-toc '>Compartir esta noticia<\/h5><ul class='av-share-box-list noLightbox'><li class='av-share-link av-social-link-facebook' ><a target=\"_blank\" aria-label=\"Compartir en Facebook\" href='https:\/\/www.facebook.com\/sharer.php?u=https:\/\/radiorevelacionfm.cl\/?p=57326&#038;t=Gobierno%20Regional%20de%20Ays%C3%A9n%20beneficia%20a%20355%20iniciativas%20en%20el%20marco%20del%20concurso%208%25%20FNDR%202025' aria-hidden='false' data-av_icon='\ue8f3' data-av_iconfont='entypo-fontello' title='' data-avia-related-tooltip='Compartir en Facebook' rel=\"noopener\"><span class='avia_hidden_link_text'>Compartir en Facebook<\/span><\/a><\/li><li class='av-share-link av-social-link-twitter' ><a target=\"_blank\" aria-label=\"Compartir en Twitter\" href='https:\/\/twitter.com\/share?text=Gobierno%20Regional%20de%20Ays%C3%A9n%20beneficia%20a%20355%20iniciativas%20en%20el%20marco%20del%20concurso%208%25%20FNDR%202025&#038;url=https:\/\/radiorevelacionfm.cl\/?p=57326' aria-hidden='false' data-av_icon='\ue8f1' data-av_iconfont='entypo-fontello' title='' data-avia-related-tooltip='Compartir en Twitter' rel=\"noopener\"><span class='avia_hidden_link_text'>Compartir en Twitter<\/span><\/a><\/li><li class='av-share-link av-social-link-whatsapp' ><a target=\"_blank\" aria-label=\"Compartir en Whatsapp\" href='https:\/\/api.whatsapp.com\/send?text=https:\/\/radiorevelacionfm.cl\/?p=57326' aria-hidden='false' data-av_icon='\uf232' data-av_iconfont='entypo-fontello' title='' data-avia-related-tooltip='Compartir en Whatsapp' rel=\"noopener\"><span class='avia_hidden_link_text'>Compartir en Whatsapp<\/span><\/a><\/li><li class='av-share-link av-social-link-linkedin' ><a target=\"_blank\" aria-label=\"Compartir en LinkedIn\" href='https:\/\/linkedin.com\/shareArticle?mini=true&#038;title=Gobierno%20Regional%20de%20Ays%C3%A9n%20beneficia%20a%20355%20iniciativas%20en%20el%20marco%20del%20concurso%208%25%20FNDR%202025&#038;url=https:\/\/radiorevelacionfm.cl\/?p=57326' aria-hidden='false' data-av_icon='\ue8fc' data-av_iconfont='entypo-fontello' title='' data-avia-related-tooltip='Compartir en LinkedIn' rel=\"noopener\"><span class='avia_hidden_link_text'>Compartir en LinkedIn<\/span><\/a><\/li><li class='av-share-link av-social-link-mail' ><a  aria-label=\"Compartir por correo\" href='mailto:?subject=Gobierno%20Regional%20de%20Ays%C3%A9n%20beneficia%20a%20355%20iniciativas%20en%20el%20marco%20del%20concurso%208%25%20FNDR%202025&#038;body=https:\/\/radiorevelacionfm.cl\/?p=57326' aria-hidden='false' data-av_icon='\ue805' data-av_iconfont='entypo-fontello' title='' data-avia-related-tooltip='Compartir por correo'><span class='avia_hidden_link_text'>Compartir por correo<\/span><\/a><\/li><\/ul><\/div><\/div>\n<div  style='height:50px' class='hr hr-invisible   avia-builder-el-8  el_after_av_social_share  el_before_av_comments_list '><span class='hr-inner ' ><span class='hr-inner-style'><\/span><\/span><\/div>\n<div  class='av-buildercomment  av-blog-meta-html-info-disabled av-blog-meta-tag-disabled  '><\/div>\n","protected":false},"excerpt":{"rendered":"","protected":false},"author":1,"featured_media":57327,"comment_status":"closed","ping_status":"closed","sticky":false,"template":"","format":"standard","meta":{"footnotes":""},"categories":[38],"tags":[],"class_list":["post-57326","post","type-post","status-publish","format-standard","has-post-thumbnail","hentry","category-regional"],"jetpack_featured_media_url":"https:\/\/radiorevelacionfm.cl\/wp-content\/uploads\/2025\/08\/8-aysen-1_optimized.jpeg","_links":{"self":[{"href":"https:\/\/radiorevelacionfm.cl\/index.php?rest_route=\/wp\/v2\/posts\/57326","targetHints":{"allow":["GET"]}}],"collection":[{"href":"https:\/\/radiorevelacionfm.cl\/index.php?rest_route=\/wp\/v2\/posts"}],"about":[{"href":"https:\/\/radiorevelacionfm.cl\/index.php?rest_route=\/wp\/v2\/types\/post"}],"author":[{"embeddable":true,"href":"https:\/\/radiorevelacionfm.cl\/index.php?rest_route=\/wp\/v2\/users\/1"}],"replies":[{"embeddable":true,"href":"https:\/\/radiorevelacionfm.cl\/index.php?rest_route=%2Fwp%2Fv2%2Fcomments&post=57326"}],"version-history":[{"count":2,"href":"https:\/\/radiorevelacionfm.cl\/index.php?rest_route=\/wp\/v2\/posts\/57326\/revisions"}],"predecessor-version":[{"id":57334,"href":"https:\/\/radiorevelacionfm.cl\/index.php?rest_route=\/wp\/v2\/posts\/57326\/revisions\/57334"}],"wp:featuredmedia":[{"embeddable":true,"href":"https:\/\/radiorevelacionfm.cl\/index.php?rest_route=\/wp\/v2\/media\/57327"}],"wp:attachment":[{"href":"https:\/\/radiorevelacionfm.cl\/index.php?rest_route=%2Fwp%2Fv2%2Fmedia&parent=57326"}],"wp:term":[{"taxonomy":"category","embeddable":true,"href":"https:\/\/radiorevelacionfm.cl\/index.php?rest_route=%2Fwp%2Fv2%2Fcategories&post=57326"},{"taxonomy":"post_tag","embeddable":true,"href":"https:\/\/radiorevelacionfm.cl\/index.php?rest_route=%2Fwp%2Fv2%2Ftags&post=57326"}],"curies":[{"name":"wp","href":"https:\/\/api.w.org\/{rel}","templated":true}]}}