{"id":57323,"date":"2025-08-05T18:46:59","date_gmt":"2025-08-05T21:46:59","guid":{"rendered":"https:\/\/radiorevelacionfm.cl\/?p=57323"},"modified":"2025-08-05T18:46:59","modified_gmt":"2025-08-05T21:46:59","slug":"cuenta-publica-ministerio-secretaria-general-de-gobierno-avances-nacionales-y-regionales-en-participacion-ciudadana","status":"publish","type":"post","link":"https:\/\/radiorevelacionfm.cl\/?p=57323","title":{"rendered":"Cuenta P\u00fablica Ministerio Secretar\u00eda General de Gobierno: Avances Nacionales y Regionales en Participaci\u00f3n Ciudadana"},"content":{"rendered":"<div class=\"flex_column av_one_full  flex_column_div av-zero-column-padding first  avia-builder-el-0  el_before_av_one_full  avia-builder-el-first  \" style='border-radius:0px; '><div  class='avia-image-container  av-styling-    avia-builder-el-1  avia-builder-el-no-sibling  avia-align-center '  itemprop=\"image\" itemscope=\"itemscope\" itemtype=\"https:\/\/schema.org\/ImageObject\"  ><div class='avia-image-container-inner'><div class='avia-image-overlay-wrap'><img decoding=\"async\" class='wp-image-57324 avia-img-lazy-loading-not-57324 avia_image' src=\"https:\/\/radiorevelacionfm.cl\/wp-content\/uploads\/2025\/08\/foto-cuenta-publica-segegob-1_optimized.jpg\" alt='' title='foto-cuenta-p\u00fablica-segegob-(1)_optimized' height=\"600\" width=\"900\"  itemprop=\"thumbnailUrl\" srcset=\"https:\/\/radiorevelacionfm.cl\/wp-content\/uploads\/2025\/08\/foto-cuenta-publica-segegob-1_optimized.jpg 900w, https:\/\/radiorevelacionfm.cl\/wp-content\/uploads\/2025\/08\/foto-cuenta-publica-segegob-1_optimized-300x200.jpg 300w, https:\/\/radiorevelacionfm.cl\/wp-content\/uploads\/2025\/08\/foto-cuenta-publica-segegob-1_optimized-768x512.jpg 768w, https:\/\/radiorevelacionfm.cl\/wp-content\/uploads\/2025\/08\/foto-cuenta-publica-segegob-1_optimized-705x470.jpg 705w, https:\/\/radiorevelacionfm.cl\/wp-content\/uploads\/2025\/08\/foto-cuenta-publica-segegob-1_optimized-450x300.jpg 450w, https:\/\/radiorevelacionfm.cl\/wp-content\/uploads\/2025\/08\/foto-cuenta-publica-segegob-1_optimized-600x400.jpg 600w\" sizes=\"(max-width: 900px) 100vw, 900px\" \/><\/div><\/div><\/div><\/div><div class=\"flex_column av_one_full  flex_column_div av-zero-column-padding first  avia-builder-el-2  el_after_av_one_full  el_before_av_one_full  column-top-margin\" style='border-radius:0px; '><section class=\"av_textblock_section \"  itemscope=\"itemscope\" itemtype=\"https:\/\/schema.org\/BlogPosting\" itemprop=\"blogPost\" ><div class='avia_textblock  '   itemprop=\"text\" ><p style=\"text-align: center;\"><strong><span style=\"font-size: 18pt;\">Cuenta P\u00fablica Ministerio Secretar\u00eda General de Gobierno: Avances Nacionales y Regionales en Participaci\u00f3n Ciudadana<\/span><\/strong><\/p>\n<div id=\"gtx-trans\" style=\"position: absolute; left: -50px; top: 4.31534px;\">\n<div class=\"gtx-trans-icon\"><\/div>\n<\/div>\n<\/div><\/section><\/div><div class=\"flex_column av_one_full  flex_column_div av-zero-column-padding first  avia-builder-el-4  el_after_av_one_full  el_before_av_hr  column-top-margin\" style='border-radius:0px; '><section class=\"av_textblock_section \"  itemscope=\"itemscope\" itemtype=\"https:\/\/schema.org\/BlogPosting\" itemprop=\"blogPost\" ><div class='avia_textblock  '   itemprop=\"text\" ><p style=\"text-align: justify;\">En el marco de la Cuenta P\u00fablica Participativa del Ministerio Secretar\u00eda General de Gobierno (Segegob), la ministra Camila Vallejo present\u00f3 los principales avances de la gesti\u00f3n 2024-2025, destacando el fortalecimiento del derecho a la informaci\u00f3n, la libertad de prensa, la formaci\u00f3n ciudadana y el rol de la participaci\u00f3n activa de las comunidades en la vida democr\u00e1tica del pa\u00eds.<\/p>\n<p style=\"text-align: justify;\">Durante su intervenci\u00f3n, la secretaria de Estado subray\u00f3 el compromiso del Gobierno del Presidente Gabriel Boric con una democracia m\u00e1s robusta, inclusiva y conectada con los territorios, a trav\u00e9s de iniciativas como la campa\u00f1a nacional \u201cAguanta, chequea y comparte\u201d, que logr\u00f3 la participaci\u00f3n de m\u00e1s de 3.000 personas, y la organizaci\u00f3n en nuestro pa\u00eds de la 31\u00aa Conferencia del D\u00eda Mundial de la Libertad de Prensa, con m\u00e1s de 200 actividades en distintas regiones.<\/p>\n<p style=\"text-align: justify;\">A nivel nacional, la Divisi\u00f3n de Organizaciones Sociales (DOS) realiz\u00f3 147 di\u00e1logos ciudadanos, 240 Escuelas de Formaci\u00f3n Social y 153 capacitaciones, beneficiando a m\u00e1s de 15.000 personas. Por su parte, el Observatorio de Participaci\u00f3n Ciudadana y No Discriminaci\u00f3n capacit\u00f3 a m\u00e1s de 4.000 personas en la Ley Antidiscriminaci\u00f3n, mientras que la Unidad de Fondos Concursables adjudic\u00f3 1.303 proyectos con una inversi\u00f3n que supera los $3.983 millones.<\/p>\n<p style=\"text-align: justify;\">En la Regi\u00f3n de Ays\u00e9n, la Seremi de Gobierno ha desempe\u00f1ado un papel clave en el fortalecimiento del v\u00ednculo entre el Estado y la ciudadan\u00eda, promoviendo la participaci\u00f3n comunitaria, el desarrollo local y el acceso a la informaci\u00f3n.<\/p>\n<p style=\"text-align: justify;\">Entre 2022 y 2024, la Divisi\u00f3n de Organizaciones Sociales capacit\u00f3 a 1.772 personas en Ays\u00e9n a trav\u00e9s de sus Escuelas de Formaci\u00f3n Social y Di\u00e1logos Ciudadanos, destacando las 17 escuelas y di\u00e1logos realizadas en 2024, que congregaron a 348 participantes en diversas comunas de la regi\u00f3n. A ello se suman las Ferias MovilizaDOS, que han convocado a 6.427 personas durante este per\u00edodo.<\/p>\n<p style=\"text-align: justify;\">Adem\u00e1s, se han desarrollado Di\u00e1logos Ciudadanos en torno a temas prioritarios como la Pensi\u00f3n de Alimentos, la Ley de 40 Horas y la Reforma de Pensiones, esta \u00faltima en coordinaci\u00f3n con la Seremi del Trabajo y Previsi\u00f3n Social.<\/p>\n<p style=\"text-align: justify;\">\u201cDesde la Seremi de Gobierno apuntamos a fortalecer la democracia participativa mediante nuestras Escuelas de Formaci\u00f3n Social y el Fondo de Fortalecimiento, entregando herramientas concretas para la equidad, inclusi\u00f3n y el empoderamiento comunitario, acercando el Estado a las personas\u201d, se\u00f1al\u00f3 la Seremi de Gobierno, \u00darsula Mix.<\/p>\n<p style=\"text-align: justify;\">En cuanto a apoyo directo a organizaciones sociales, durante 2024 el Fondo de Fortalecimiento de Organizaciones de Inter\u00e9s P\u00fablico (FFOIP) financi\u00f3 35 iniciativas en 6 de las 10 comunas de la regi\u00f3n (29 locales, 2 regionales y 4 orientadas a infancia y adolescencia), con una inversi\u00f3n de $72.505.382. Este fondo ha incrementado sus recursos significativamente, pasando de $47.817.540 en 2022 a $78.323.391 en 2025.<\/p>\n<p style=\"text-align: justify;\">Asimismo, el Fondo de Fomento de Medios de Comunicaci\u00f3n Social permiti\u00f3 adjudicar 31 proyectos regionales en 2024, beneficiando a radios, canales de televisi\u00f3n y medios digitales, con una inversi\u00f3n de $123.312.457, contribuyendo a fortalecer el pluralismo informativo y la identidad territorial. Desde 2022 a 2024, este fondo tambi\u00e9n ha visto un incremento de recursos de $32.664.022<strong>.<\/strong><\/p>\n<p style=\"text-align: justify;\">\u201cCon el Fondo de Medios fortalecemos la democracia y el acceso a la informaci\u00f3n, amplificando las voces comunitarias, promoviendo la diversidad de opiniones y reforzando la identidad cultural de Ays\u00e9n. La comunicaci\u00f3n con pertinencia territorial es esencial para un Estado m\u00e1s cercano y efectivo\u201d, concluy\u00f3 la Seremi \u00darsula Mix.<\/p>\n<p style=\"text-align: justify;\">Finalmente, desde la Secretar\u00eda Regional Ministerial de Gobierno reafirmamos nuestro compromiso con una democracia que se construye desde los territorios, con di\u00e1logo, equidad y participaci\u00f3n. Seguiremos trabajando junto a las comunidades, fortaleciendo el rol de las organizaciones sociales y los medios locales, avanzando hacia una regi\u00f3n m\u00e1s informada, cohesionada y protagonista de su propio desarrollo.<\/p>\n<p style=\"text-align: justify;\">.<\/p>\n<\/div><\/section><\/div><div  style='height:50px' class='hr hr-invisible   avia-builder-el-6  el_after_av_one_full  el_before_av_social_share '><span class='hr-inner ' ><span class='hr-inner-style'><\/span><\/span><\/div><\/p>\n<div  class='av-social-sharing-box  avia-builder-el-7  el_after_av_hr  el_before_av_hr  '><div class='av-share-box'><h5 class='av-share-link-description av-no-toc '>Compartir esta noticia<\/h5><ul class='av-share-box-list noLightbox'><li class='av-share-link av-social-link-facebook' ><a target=\"_blank\" aria-label=\"Compartir en Facebook\" href='https:\/\/www.facebook.com\/sharer.php?u=https:\/\/radiorevelacionfm.cl\/?p=57323&#038;t=Cuenta%20P%C3%BAblica%20Ministerio%20Secretar%C3%ADa%20General%20de%20Gobierno%3A%20Avances%20Nacionales%20y%20Regionales%20en%20Participaci%C3%B3n%20Ciudadana' aria-hidden='false' data-av_icon='\ue8f3' data-av_iconfont='entypo-fontello' title='' data-avia-related-tooltip='Compartir en Facebook' rel=\"noopener\"><span class='avia_hidden_link_text'>Compartir en Facebook<\/span><\/a><\/li><li class='av-share-link av-social-link-twitter' ><a target=\"_blank\" aria-label=\"Compartir en Twitter\" href='https:\/\/twitter.com\/share?text=Cuenta%20P%C3%BAblica%20Ministerio%20Secretar%C3%ADa%20General%20de%20Gobierno%3A%20Avances%20Nacionales%20y%20Regionales%20en%20Participaci%C3%B3n%20Ciudadana&#038;url=https:\/\/radiorevelacionfm.cl\/?p=57323' aria-hidden='false' data-av_icon='\ue8f1' data-av_iconfont='entypo-fontello' title='' data-avia-related-tooltip='Compartir en Twitter' rel=\"noopener\"><span class='avia_hidden_link_text'>Compartir en Twitter<\/span><\/a><\/li><li class='av-share-link av-social-link-whatsapp' ><a target=\"_blank\" aria-label=\"Compartir en Whatsapp\" href='https:\/\/api.whatsapp.com\/send?text=https:\/\/radiorevelacionfm.cl\/?p=57323' aria-hidden='false' data-av_icon='\uf232' data-av_iconfont='entypo-fontello' title='' data-avia-related-tooltip='Compartir en Whatsapp' rel=\"noopener\"><span class='avia_hidden_link_text'>Compartir en Whatsapp<\/span><\/a><\/li><li class='av-share-link av-social-link-linkedin' ><a target=\"_blank\" aria-label=\"Compartir en LinkedIn\" href='https:\/\/linkedin.com\/shareArticle?mini=true&#038;title=Cuenta%20P%C3%BAblica%20Ministerio%20Secretar%C3%ADa%20General%20de%20Gobierno%3A%20Avances%20Nacionales%20y%20Regionales%20en%20Participaci%C3%B3n%20Ciudadana&#038;url=https:\/\/radiorevelacionfm.cl\/?p=57323' aria-hidden='false' data-av_icon='\ue8fc' data-av_iconfont='entypo-fontello' title='' data-avia-related-tooltip='Compartir en LinkedIn' rel=\"noopener\"><span class='avia_hidden_link_text'>Compartir en LinkedIn<\/span><\/a><\/li><li class='av-share-link av-social-link-mail' ><a  aria-label=\"Compartir por correo\" href='mailto:?subject=Cuenta%20P%C3%BAblica%20Ministerio%20Secretar%C3%ADa%20General%20de%20Gobierno%3A%20Avances%20Nacionales%20y%20Regionales%20en%20Participaci%C3%B3n%20Ciudadana&#038;body=https:\/\/radiorevelacionfm.cl\/?p=57323' aria-hidden='false' data-av_icon='\ue805' data-av_iconfont='entypo-fontello' title='' data-avia-related-tooltip='Compartir por correo'><span class='avia_hidden_link_text'>Compartir por correo<\/span><\/a><\/li><\/ul><\/div><\/div>\n<div  style='height:50px' class='hr hr-invisible   avia-builder-el-8  el_after_av_social_share  el_before_av_comments_list '><span class='hr-inner ' ><span class='hr-inner-style'><\/span><\/span><\/div>\n<div  class='av-buildercomment  av-blog-meta-html-info-disabled av-blog-meta-tag-disabled  '><\/div>\n","protected":false},"excerpt":{"rendered":"","protected":false},"author":1,"featured_media":57324,"comment_status":"closed","ping_status":"closed","sticky":false,"template":"","format":"standard","meta":{"footnotes":""},"categories":[38],"tags":[],"class_list":["post-57323","post","type-post","status-publish","format-standard","has-post-thumbnail","hentry","category-regional"],"jetpack_featured_media_url":"https:\/\/radiorevelacionfm.cl\/wp-content\/uploads\/2025\/08\/foto-cuenta-publica-segegob-1_optimized.jpg","_links":{"self":[{"href":"https:\/\/radiorevelacionfm.cl\/index.php?rest_route=\/wp\/v2\/posts\/57323","targetHints":{"allow":["GET"]}}],"collection":[{"href":"https:\/\/radiorevelacionfm.cl\/index.php?rest_route=\/wp\/v2\/posts"}],"about":[{"href":"https:\/\/radiorevelacionfm.cl\/index.php?rest_route=\/wp\/v2\/types\/post"}],"author":[{"embeddable":true,"href":"https:\/\/radiorevelacionfm.cl\/index.php?rest_route=\/wp\/v2\/users\/1"}],"replies":[{"embeddable":true,"href":"https:\/\/radiorevelacionfm.cl\/index.php?rest_route=%2Fwp%2Fv2%2Fcomments&post=57323"}],"version-history":[{"count":2,"href":"https:\/\/radiorevelacionfm.cl\/index.php?rest_route=\/wp\/v2\/posts\/57323\/revisions"}],"predecessor-version":[{"id":57401,"href":"https:\/\/radiorevelacionfm.cl\/index.php?rest_route=\/wp\/v2\/posts\/57323\/revisions\/57401"}],"wp:featuredmedia":[{"embeddable":true,"href":"https:\/\/radiorevelacionfm.cl\/index.php?rest_route=\/wp\/v2\/media\/57324"}],"wp:attachment":[{"href":"https:\/\/radiorevelacionfm.cl\/index.php?rest_route=%2Fwp%2Fv2%2Fmedia&parent=57323"}],"wp:term":[{"taxonomy":"category","embeddable":true,"href":"https:\/\/radiorevelacionfm.cl\/index.php?rest_route=%2Fwp%2Fv2%2Fcategories&post=57323"},{"taxonomy":"post_tag","embeddable":true,"href":"https:\/\/radiorevelacionfm.cl\/index.php?rest_route=%2Fwp%2Fv2%2Ftags&post=57323"}],"curies":[{"name":"wp","href":"https:\/\/api.w.org\/{rel}","templated":true}]}}