{"id":5732,"date":"2021-06-29T19:06:50","date_gmt":"2021-06-29T22:06:50","guid":{"rendered":"https:\/\/radiorevelacionfm.cl\/?p=5732"},"modified":"2021-06-29T19:06:50","modified_gmt":"2021-06-29T22:06:50","slug":"intendenta-ossa-refuerza-llamado-para-postular-al-ife-universal-hasta-este-miercoles","status":"publish","type":"post","link":"https:\/\/radiorevelacionfm.cl\/?p=5732","title":{"rendered":"Intendenta Ossa refuerza llamado para postular al IFE universal hasta este mi\u00e9rcoles"},"content":{"rendered":"<div class=\"flex_column av_one_full  flex_column_div av-zero-column-padding first  avia-builder-el-0  el_before_av_one_full  avia-builder-el-first  \" style='border-radius:0px; '><div  class='avia-image-container  av-styling-    avia-builder-el-1  avia-builder-el-no-sibling  avia-align-center '  itemprop=\"image\" itemscope=\"itemscope\" itemtype=\"https:\/\/schema.org\/ImageObject\"  ><div class='avia-image-container-inner'><div class='avia-image-overlay-wrap'><img decoding=\"async\" class='wp-image-0 avia-img-lazy-loading-not-0 avia_image' src=\"https:\/\/radiorevelacionfm.cl\/wp-content\/uploads\/2021\/06\/FOTO-llamado-ife-universal1-1-1.jpg\" alt='' title=''   itemprop=\"thumbnailUrl\"  \/><\/div><\/div><\/div><\/div><div class=\"flex_column av_one_full  flex_column_div av-zero-column-padding first  avia-builder-el-2  el_after_av_one_full  el_before_av_one_full  column-top-margin\" style='border-radius:0px; '><section class=\"av_textblock_section \"  itemscope=\"itemscope\" itemtype=\"https:\/\/schema.org\/BlogPosting\" itemprop=\"blogPost\" ><div class='avia_textblock  '   itemprop=\"text\" ><p style=\"text-align: center;\"><strong><span style=\"font-size: 18pt;\">Intendenta Ossa refuerza llamado para postular al IFE universal hasta este mi\u00e9rcoles<\/span><\/strong><\/p>\n<div id=\"gtx-trans\" style=\"position: absolute; left: -50px; top: 4.31534px;\">\n<div class=\"gtx-trans-icon\"><\/div>\n<\/div>\n<\/div><\/section><\/div><div class=\"flex_column av_one_full  flex_column_div av-zero-column-padding first  avia-builder-el-4  el_after_av_one_full  el_before_av_hr  column-top-margin\" style='border-radius:0px; '><section class=\"av_textblock_section \"  itemscope=\"itemscope\" itemtype=\"https:\/\/schema.org\/BlogPosting\" itemprop=\"blogPost\" ><div class='avia_textblock  '   itemprop=\"text\" ><p style=\"font-weight: 400; text-align: justify;\">Hasta el 30 de junio se puede postular al Ingreso Familiar de Emergencia universal del Ministerio de Desarrollo Social, el cual busca llegar a la totalidad de las familias del Registro Social de Hogares durante los meses de junio, julio y agosto, extendiendo la cobertura del beneficio al 100%, lo que permitir\u00e1 beneficiar a m\u00e1s de 40 mil hogares de la regi\u00f3n que est\u00e9n inscritos.<\/p>\n<p style=\"font-weight: 400; text-align: justify;\">\u201cQuiero hacer un llamado muy especial a todos aquellos que a\u00fan no se han inscrito para acceder al IFE universal. Sabemos que como gobierno, y como parte de las acciones que ha tomado el Presidente Sebasti\u00e1n Pi\u00f1era durante esta extensa pandemia, es ayudar y ampliar este beneficio para seguir apoyando a todos aquellos que se han visto afectados en sus ingresos y necesitan un soporte econ\u00f3mico para mantener el hogar\u201d,\u00a0recalc\u00f3 la\u00a0Intendenta Margarita Ossa Rojas.<\/p>\n<p style=\"font-weight: 400; text-align: justify;\">Hasta la fecha el Registro Social de Hogares tiene 44 mil inscripciones en la Regi\u00f3n de Ays\u00e9n (97.387 personas), donde actualmente hay 40 mil hogares que estar\u00edan recibiendo el beneficio; y ahora en el segundo llamado de postulaci\u00f3n, se est\u00e1 buscando a los cuatro mil restantes para los meses de julio y agosto.<\/p>\n<p style=\"font-weight: 400; text-align: justify;\"><strong>Pago y postulaci\u00f3n<\/strong><\/p>\n<p style=\"font-weight: 400; text-align: justify;\">Por otro lado, este martes comenz\u00f3 el pago del IFE universal de junio a m\u00e1s de 6,8 millones de hogares \u2013compuestos por m\u00e1s de 14,5 millones de personas afectadas por la pandemia\u2013, cuyo proceso de cancelaci\u00f3n es por medio de\u00a0transferencia electr\u00f3nica\u00a0(entre el 29 de junio al 15 de julo) y el\u00a0pago de manera presencial\u00a0a trav\u00e9s de Banco Estado (entre el 2 y 15 de julio) y la Caja de Compensaci\u00f3n Los H\u00e9roes (desde el 2 al 15 de julio).<\/p>\n<p style=\"font-weight: 400; text-align: justify;\">Cabe destacar que el proceso de inscripci\u00f3n es en la plataforma\u00a0<a href=\"http:\/\/www.ingresodeemergencia.cl\/\" data-saferedirecturl=\"https:\/\/www.google.com\/url?q=http:\/\/www.ingresodeemergencia.cl&amp;source=gmail&amp;ust=1625088325799000&amp;usg=AFQjCNEJkaveZoT1HTMEuhuW5Jt8N3nLiw\">www.ingresodeemergencia.cl<\/a>, a la que se accede con los datos de la c\u00e9dula de identidad, sin necesidad de tener clave \u00fanica. Adem\u00e1s, se requiere tener RSH, el cual se realiza en la p\u00e1gina <a href=\"http:\/\/www.registrosocial.gob.cl\/\" data-saferedirecturl=\"https:\/\/www.google.com\/url?q=http:\/\/www.registrosocial.gob.cl&amp;source=gmail&amp;ust=1625088325799000&amp;usg=AFQjCNESHHauCGP57iVmzEs5xNEsfFhyrg\">www.registrosocial.gob.cl<\/a>.<\/p>\n<p style=\"font-weight: 400; text-align: justify;\">Para la entrega de este IFE universal no se tomar\u00e1 en cuenta el umbral de ingresos de los hogares que est\u00e9n hasta el 90% del RSH. En cambio, para el caso de aquellos que est\u00e9n entre el 91% y el 100% \u2013seg\u00fan la Calificaci\u00f3n Socioecon\u00f3mica\u2013 deber\u00e1 completar en l\u00ednea una declaraci\u00f3n que indique si el hogar que realiza la solicitud tiene ingresos por debajo de $800 mil por integrante.<\/p>\n<p style=\"font-weight: 400; text-align: justify;\">\u201cPara esta postulaci\u00f3n en curso la meta es llegar a los cuatro mil hogares \u2013que son los potenciales en la Regi\u00f3n de Ays\u00e9n\u2013, los cuales est\u00e1n concentrados en Coyhaique y Puerto Ays\u00e9n\u201d,\u00a0destac\u00f3 la Intendenta.<\/p>\n<p style=\"font-weight: 400; text-align: justify;\">Las mejoras a este beneficio incluyen un importante aumento en los montos que recibir\u00e1n los hogares. Por ejemplo, si en el IFE ampliado de abril y mayo el aporte que recibieron las familias fue de hasta $100 mil por integrante del hogar, con este IFE Universal el monto ser\u00e1 de: $177 mil para un hogar unipersonal, $287 mil para un hogar de 2 personas, $400 mil para un hogar de 3 personas y $500 mil para una familia de 4 integrantes.<\/p>\n<\/div><\/section><\/div><div  style='height:50px' class='hr hr-invisible   avia-builder-el-6  el_after_av_one_full  el_before_av_social_share '><span class='hr-inner ' ><span class='hr-inner-style'><\/span><\/span><\/div><\/p>\n<div  class='av-social-sharing-box  avia-builder-el-7  el_after_av_hr  el_before_av_hr  '><div class='av-share-box'><h5 class='av-share-link-description av-no-toc '>Compartir esta noticia<\/h5><ul class='av-share-box-list noLightbox'><li class='av-share-link av-social-link-facebook' ><a target=\"_blank\" aria-label=\"Compartir en Facebook\" href='https:\/\/www.facebook.com\/sharer.php?u=https:\/\/radiorevelacionfm.cl\/?p=5732&#038;t=Intendenta%20Ossa%20refuerza%20llamado%20para%20postular%20al%20IFE%20universal%20hasta%20este%20mi%C3%A9rcoles' aria-hidden='false' data-av_icon='\ue8f3' data-av_iconfont='entypo-fontello' title='' data-avia-related-tooltip='Compartir en Facebook' rel=\"noopener\"><span class='avia_hidden_link_text'>Compartir en Facebook<\/span><\/a><\/li><li class='av-share-link av-social-link-twitter' ><a target=\"_blank\" aria-label=\"Compartir en Twitter\" href='https:\/\/twitter.com\/share?text=Intendenta%20Ossa%20refuerza%20llamado%20para%20postular%20al%20IFE%20universal%20hasta%20este%20mi%C3%A9rcoles&#038;url=https:\/\/radiorevelacionfm.cl\/?p=5732' aria-hidden='false' data-av_icon='\ue8f1' data-av_iconfont='entypo-fontello' title='' data-avia-related-tooltip='Compartir en Twitter' rel=\"noopener\"><span class='avia_hidden_link_text'>Compartir en Twitter<\/span><\/a><\/li><li class='av-share-link av-social-link-whatsapp' ><a target=\"_blank\" aria-label=\"Compartir en Whatsapp\" href='https:\/\/api.whatsapp.com\/send?text=https:\/\/radiorevelacionfm.cl\/?p=5732' aria-hidden='false' data-av_icon='\uf232' data-av_iconfont='entypo-fontello' title='' data-avia-related-tooltip='Compartir en Whatsapp' rel=\"noopener\"><span class='avia_hidden_link_text'>Compartir en Whatsapp<\/span><\/a><\/li><li class='av-share-link av-social-link-linkedin' ><a target=\"_blank\" aria-label=\"Compartir en LinkedIn\" href='https:\/\/linkedin.com\/shareArticle?mini=true&#038;title=Intendenta%20Ossa%20refuerza%20llamado%20para%20postular%20al%20IFE%20universal%20hasta%20este%20mi%C3%A9rcoles&#038;url=https:\/\/radiorevelacionfm.cl\/?p=5732' aria-hidden='false' data-av_icon='\ue8fc' data-av_iconfont='entypo-fontello' title='' data-avia-related-tooltip='Compartir en LinkedIn' rel=\"noopener\"><span class='avia_hidden_link_text'>Compartir en LinkedIn<\/span><\/a><\/li><li class='av-share-link av-social-link-mail' ><a  aria-label=\"Compartir por correo\" href='mailto:?subject=Intendenta%20Ossa%20refuerza%20llamado%20para%20postular%20al%20IFE%20universal%20hasta%20este%20mi%C3%A9rcoles&#038;body=https:\/\/radiorevelacionfm.cl\/?p=5732' aria-hidden='false' data-av_icon='\ue805' data-av_iconfont='entypo-fontello' title='' data-avia-related-tooltip='Compartir por correo'><span class='avia_hidden_link_text'>Compartir por correo<\/span><\/a><\/li><\/ul><\/div><\/div>\n<div  style='height:50px' class='hr hr-invisible   avia-builder-el-8  el_after_av_social_share  el_before_av_comments_list '><span class='hr-inner ' ><span class='hr-inner-style'><\/span><\/span><\/div>\n<div  class='av-buildercomment  av-blog-meta-html-info-disabled av-blog-meta-tag-disabled  '><\/div>\n","protected":false},"excerpt":{"rendered":"","protected":false},"author":1,"featured_media":0,"comment_status":"open","ping_status":"open","sticky":false,"template":"","format":"standard","meta":{"footnotes":""},"categories":[38],"tags":[],"class_list":["post-5732","post","type-post","status-publish","format-standard","hentry","category-regional"],"jetpack_featured_media_url":"","_links":{"self":[{"href":"https:\/\/radiorevelacionfm.cl\/index.php?rest_route=\/wp\/v2\/posts\/5732","targetHints":{"allow":["GET"]}}],"collection":[{"href":"https:\/\/radiorevelacionfm.cl\/index.php?rest_route=\/wp\/v2\/posts"}],"about":[{"href":"https:\/\/radiorevelacionfm.cl\/index.php?rest_route=\/wp\/v2\/types\/post"}],"author":[{"embeddable":true,"href":"https:\/\/radiorevelacionfm.cl\/index.php?rest_route=\/wp\/v2\/users\/1"}],"replies":[{"embeddable":true,"href":"https:\/\/radiorevelacionfm.cl\/index.php?rest_route=%2Fwp%2Fv2%2Fcomments&post=5732"}],"version-history":[{"count":1,"href":"https:\/\/radiorevelacionfm.cl\/index.php?rest_route=\/wp\/v2\/posts\/5732\/revisions"}],"predecessor-version":[{"id":5734,"href":"https:\/\/radiorevelacionfm.cl\/index.php?rest_route=\/wp\/v2\/posts\/5732\/revisions\/5734"}],"wp:attachment":[{"href":"https:\/\/radiorevelacionfm.cl\/index.php?rest_route=%2Fwp%2Fv2%2Fmedia&parent=5732"}],"wp:term":[{"taxonomy":"category","embeddable":true,"href":"https:\/\/radiorevelacionfm.cl\/index.php?rest_route=%2Fwp%2Fv2%2Fcategories&post=5732"},{"taxonomy":"post_tag","embeddable":true,"href":"https:\/\/radiorevelacionfm.cl\/index.php?rest_route=%2Fwp%2Fv2%2Ftags&post=5732"}],"curies":[{"name":"wp","href":"https:\/\/api.w.org\/{rel}","templated":true}]}}