{"id":57313,"date":"2025-08-04T18:08:31","date_gmt":"2025-08-04T21:08:31","guid":{"rendered":"https:\/\/radiorevelacionfm.cl\/?p=57313"},"modified":"2025-08-04T18:08:31","modified_gmt":"2025-08-04T21:08:31","slug":"seremi-de-salud-presenta-ruta-de-la-lactancia-materna-en-coyhaique","status":"publish","type":"post","link":"https:\/\/radiorevelacionfm.cl\/?p=57313","title":{"rendered":"Seremi de Salud presenta Ruta de la Lactancia Materna en Coyhaique"},"content":{"rendered":"<div class=\"flex_column av_one_full  flex_column_div av-zero-column-padding first  avia-builder-el-0  el_before_av_one_full  avia-builder-el-first  \" style='border-radius:0px; '><div  class='avia-image-container  av-styling-    avia-builder-el-1  avia-builder-el-no-sibling  avia-align-center '  itemprop=\"image\" itemscope=\"itemscope\" itemtype=\"https:\/\/schema.org\/ImageObject\"  ><div class='avia-image-container-inner'><div class='avia-image-overlay-wrap'><img decoding=\"async\" class='wp-image-57314 avia-img-lazy-loading-not-57314 avia_image' src=\"https:\/\/radiorevelacionfm.cl\/wp-content\/uploads\/2025\/08\/ruta-para-lactancia-1_optimized.jpg\" alt='' title='ruta-para-lactancia-(1)_optimized' height=\"600\" width=\"800\"  itemprop=\"thumbnailUrl\" srcset=\"https:\/\/radiorevelacionfm.cl\/wp-content\/uploads\/2025\/08\/ruta-para-lactancia-1_optimized.jpg 800w, https:\/\/radiorevelacionfm.cl\/wp-content\/uploads\/2025\/08\/ruta-para-lactancia-1_optimized-300x225.jpg 300w, https:\/\/radiorevelacionfm.cl\/wp-content\/uploads\/2025\/08\/ruta-para-lactancia-1_optimized-768x576.jpg 768w, https:\/\/radiorevelacionfm.cl\/wp-content\/uploads\/2025\/08\/ruta-para-lactancia-1_optimized-705x529.jpg 705w, https:\/\/radiorevelacionfm.cl\/wp-content\/uploads\/2025\/08\/ruta-para-lactancia-1_optimized-450x338.jpg 450w, https:\/\/radiorevelacionfm.cl\/wp-content\/uploads\/2025\/08\/ruta-para-lactancia-1_optimized-600x450.jpg 600w\" sizes=\"(max-width: 800px) 100vw, 800px\" \/><\/div><\/div><\/div><\/div><div class=\"flex_column av_one_full  flex_column_div av-zero-column-padding first  avia-builder-el-2  el_after_av_one_full  el_before_av_one_full  column-top-margin\" style='border-radius:0px; '><section class=\"av_textblock_section \"  itemscope=\"itemscope\" itemtype=\"https:\/\/schema.org\/BlogPosting\" itemprop=\"blogPost\" ><div class='avia_textblock  '   itemprop=\"text\" ><p style=\"text-align: center;\"><strong><span style=\"font-size: 18pt;\">Seremi de Salud presenta Ruta de la Lactancia Materna en Coyhaique<\/span><\/strong><\/p>\n<div id=\"gtx-trans\" style=\"position: absolute; left: -50px; top: 4.31534px;\">\n<div class=\"gtx-trans-icon\"><\/div>\n<\/div>\n<\/div><\/section><\/div><div class=\"flex_column av_one_full  flex_column_div av-zero-column-padding first  avia-builder-el-4  el_after_av_one_full  el_before_av_hr  column-top-margin\" style='border-radius:0px; '><section class=\"av_textblock_section \"  itemscope=\"itemscope\" itemtype=\"https:\/\/schema.org\/BlogPosting\" itemprop=\"blogPost\" ><div class='avia_textblock  '   itemprop=\"text\" ><p style=\"text-align: justify;\"><em>En esta actividad, se reforz\u00f3 la visita de usuarios del terminal de buses regional, al espacio de lactancia que habilit\u00f3 la I. Municipalidad de Coyhaique para prestar atenci\u00f3n a las madres que requieran de un espacio para alimentar o mudar a sus beb\u00e9s.<\/em><\/p>\n<p style=\"text-align: justify;\">Con el prop\u00f3sito de reforzar y destacar la importancia de la lactancia durante los primeros a\u00f1os de vida, diversos servicios p\u00fablicos se dieron cita en el terminal de buses de Coyhaique, donde la Comisi\u00f3n Regional de Lactancia Materna, dio a conocer la \u201cRuta de la Lactancia\u201d, un mapa georreferenciado que permite a mujeres, madres lactantes y familias visualizar los puntos de la ciudad de Coyhaique donde existen salas o espacios acondicionados para la lactancia.<\/p>\n<p style=\"text-align: justify;\">Un hecho que fue destacado por Carla Mu\u00f1oz Ram\u00edrez. \u201cEsto es maravilloso porque ya no contamos con un \u00fanico punto, estamos aqu\u00ed en el terminal de buses de Coyhaique, un terminal muy moderno y que adem\u00e1s cuenta con este espacio que ya sale un poquito del centro porque tambi\u00e9n en el centro tenemos algunos puntos y ya tenerlos todos enmarcados dentro de una ruta es muy beneficioso para las mujeres, para los ni\u00f1os, ya saber que hay una ruta, que no hay solo un \u00fanico punto, sino que hay lugares p\u00fablicos y privados donde uno puede venir, amamantar, promover la lactancia materna, mudar a los ni\u00f1os y tener un espacio tambi\u00e9n de juego, de descanso cuando uno est\u00e1 haciendo tr\u00e1mite o anda por aqu\u00ed\u201d.<\/p>\n<p style=\"text-align: justify;\">De esta forma, actualmente existen 07 espacios de lactancia que est\u00e1n habilitados en la ciudad de Coyhaique, lugares a los que las madres que requieran amamantar a sus hijos o mudarlos, pueden acceder sin problemas. Tal como ocurre con el espacio de lactancia ubicado en el Instituto de Previsi\u00f3n Social, IPS, donde Daniela Catal\u00e1n, jefe de su cursar de IPS Coyhaique. \u201cNosotros desde hace mucho tiempo tenemos estos espacios que son de inclusividad. Tenemos el sector de ni\u00f1os y este espacio de lactancia para que nuestros usuarios puedan acceder a ellos. Esto es muy importante por el v\u00ednculo creado en este momento de la lactancia. As\u00ed que lo invitamos que se acerquen a las mamitas cuando tengan que hacer un tr\u00e1mite o, como les comentaba, cuando vayan pasando cerca de estas calles y tienen que amamantar a sus beb\u00e9s pueden entrar a nuestras sucursales\u201d.<\/p>\n<p style=\"text-align: justify;\">Finalmente, Camila Castro, encargada del programa de lactancia materna en la Seremi de Salud, hizo extensiva a los sectores p\u00fablicos y privados a sumarse a esta iniciativa. \u201cPara nosotros, como Comisi\u00f3n Regional de Lactancia Materna, y desde la Seremi de Salud, es un compromiso fundamental con la infancia y con la maternidad el poder contar con m\u00e1s espacios en la ciudad de Coyhaique y, por lo mismo hacemos un llamado tanto a las instituciones p\u00fablicas como privadas a sumarse a esta iniciativa para construir una ciudad m\u00e1s amigable con la maternidad y con la lactancia materna.\u201d<\/p>\n<p style=\"text-align: justify;\">La ruta de Lactancia Materna, que identifica los espacios y salas de lactancia que se encuentran habilitados en la capital regional se pueden conocer ingresando a la direcci\u00f3n <a href=\"https:\/\/seremi11.redsalud.gob.cl\/lactancia\/\">https:\/\/seremi11.redsalud.gob.cl\/lactancia\/<\/a> o escaneando el c\u00f3digo QR disponible en las redes sociales de la Seremi de Salud Ays\u00e9n.<\/p>\n<\/div><\/section><\/div><div  style='height:50px' class='hr hr-invisible   avia-builder-el-6  el_after_av_one_full  el_before_av_social_share '><span class='hr-inner ' ><span class='hr-inner-style'><\/span><\/span><\/div><\/p>\n<div  class='av-social-sharing-box  avia-builder-el-7  el_after_av_hr  el_before_av_hr  '><div class='av-share-box'><h5 class='av-share-link-description av-no-toc '>Compartir esta noticia<\/h5><ul class='av-share-box-list noLightbox'><li class='av-share-link av-social-link-facebook' ><a target=\"_blank\" aria-label=\"Compartir en Facebook\" href='https:\/\/www.facebook.com\/sharer.php?u=https:\/\/radiorevelacionfm.cl\/?p=57313&#038;t=Seremi%20de%20Salud%20presenta%20Ruta%20de%20la%20Lactancia%20Materna%20en%20Coyhaique' aria-hidden='false' data-av_icon='\ue8f3' data-av_iconfont='entypo-fontello' title='' data-avia-related-tooltip='Compartir en Facebook' rel=\"noopener\"><span class='avia_hidden_link_text'>Compartir en Facebook<\/span><\/a><\/li><li class='av-share-link av-social-link-twitter' ><a target=\"_blank\" aria-label=\"Compartir en Twitter\" href='https:\/\/twitter.com\/share?text=Seremi%20de%20Salud%20presenta%20Ruta%20de%20la%20Lactancia%20Materna%20en%20Coyhaique&#038;url=https:\/\/radiorevelacionfm.cl\/?p=57313' aria-hidden='false' data-av_icon='\ue8f1' data-av_iconfont='entypo-fontello' title='' data-avia-related-tooltip='Compartir en Twitter' rel=\"noopener\"><span class='avia_hidden_link_text'>Compartir en Twitter<\/span><\/a><\/li><li class='av-share-link av-social-link-whatsapp' ><a target=\"_blank\" aria-label=\"Compartir en Whatsapp\" href='https:\/\/api.whatsapp.com\/send?text=https:\/\/radiorevelacionfm.cl\/?p=57313' aria-hidden='false' data-av_icon='\uf232' data-av_iconfont='entypo-fontello' title='' data-avia-related-tooltip='Compartir en Whatsapp' rel=\"noopener\"><span class='avia_hidden_link_text'>Compartir en Whatsapp<\/span><\/a><\/li><li class='av-share-link av-social-link-linkedin' ><a target=\"_blank\" aria-label=\"Compartir en LinkedIn\" href='https:\/\/linkedin.com\/shareArticle?mini=true&#038;title=Seremi%20de%20Salud%20presenta%20Ruta%20de%20la%20Lactancia%20Materna%20en%20Coyhaique&#038;url=https:\/\/radiorevelacionfm.cl\/?p=57313' aria-hidden='false' data-av_icon='\ue8fc' data-av_iconfont='entypo-fontello' title='' data-avia-related-tooltip='Compartir en LinkedIn' rel=\"noopener\"><span class='avia_hidden_link_text'>Compartir en LinkedIn<\/span><\/a><\/li><li class='av-share-link av-social-link-mail' ><a  aria-label=\"Compartir por correo\" href='mailto:?subject=Seremi%20de%20Salud%20presenta%20Ruta%20de%20la%20Lactancia%20Materna%20en%20Coyhaique&#038;body=https:\/\/radiorevelacionfm.cl\/?p=57313' aria-hidden='false' data-av_icon='\ue805' data-av_iconfont='entypo-fontello' title='' data-avia-related-tooltip='Compartir por correo'><span class='avia_hidden_link_text'>Compartir por correo<\/span><\/a><\/li><\/ul><\/div><\/div>\n<div  style='height:50px' class='hr hr-invisible   avia-builder-el-8  el_after_av_social_share  el_before_av_comments_list '><span class='hr-inner ' ><span class='hr-inner-style'><\/span><\/span><\/div>\n<div  class='av-buildercomment  av-blog-meta-html-info-disabled av-blog-meta-tag-disabled  '><\/div>\n","protected":false},"excerpt":{"rendered":"","protected":false},"author":1,"featured_media":57314,"comment_status":"closed","ping_status":"closed","sticky":false,"template":"","format":"standard","meta":{"footnotes":""},"categories":[46],"tags":[],"class_list":["post-57313","post","type-post","status-publish","format-standard","has-post-thumbnail","hentry","category-salud"],"jetpack_featured_media_url":"https:\/\/radiorevelacionfm.cl\/wp-content\/uploads\/2025\/08\/ruta-para-lactancia-1_optimized.jpg","_links":{"self":[{"href":"https:\/\/radiorevelacionfm.cl\/index.php?rest_route=\/wp\/v2\/posts\/57313","targetHints":{"allow":["GET"]}}],"collection":[{"href":"https:\/\/radiorevelacionfm.cl\/index.php?rest_route=\/wp\/v2\/posts"}],"about":[{"href":"https:\/\/radiorevelacionfm.cl\/index.php?rest_route=\/wp\/v2\/types\/post"}],"author":[{"embeddable":true,"href":"https:\/\/radiorevelacionfm.cl\/index.php?rest_route=\/wp\/v2\/users\/1"}],"replies":[{"embeddable":true,"href":"https:\/\/radiorevelacionfm.cl\/index.php?rest_route=%2Fwp%2Fv2%2Fcomments&post=57313"}],"version-history":[{"count":2,"href":"https:\/\/radiorevelacionfm.cl\/index.php?rest_route=\/wp\/v2\/posts\/57313\/revisions"}],"predecessor-version":[{"id":57322,"href":"https:\/\/radiorevelacionfm.cl\/index.php?rest_route=\/wp\/v2\/posts\/57313\/revisions\/57322"}],"wp:featuredmedia":[{"embeddable":true,"href":"https:\/\/radiorevelacionfm.cl\/index.php?rest_route=\/wp\/v2\/media\/57314"}],"wp:attachment":[{"href":"https:\/\/radiorevelacionfm.cl\/index.php?rest_route=%2Fwp%2Fv2%2Fmedia&parent=57313"}],"wp:term":[{"taxonomy":"category","embeddable":true,"href":"https:\/\/radiorevelacionfm.cl\/index.php?rest_route=%2Fwp%2Fv2%2Fcategories&post=57313"},{"taxonomy":"post_tag","embeddable":true,"href":"https:\/\/radiorevelacionfm.cl\/index.php?rest_route=%2Fwp%2Fv2%2Ftags&post=57313"}],"curies":[{"name":"wp","href":"https:\/\/api.w.org\/{rel}","templated":true}]}}