{"id":57311,"date":"2025-08-04T18:52:31","date_gmt":"2025-08-04T21:52:31","guid":{"rendered":"https:\/\/radiorevelacionfm.cl\/?p=57311"},"modified":"2025-08-04T18:52:31","modified_gmt":"2025-08-04T21:52:31","slug":"condenan-a-4-anos-de-carcel-a-imputados-por-secuestro-ocurrido-en-enero-de-este-ano-en-coyhaique","status":"publish","type":"post","link":"https:\/\/radiorevelacionfm.cl\/?p=57311","title":{"rendered":"Condenan a 4 a\u00f1os de c\u00e1rcel a imputados por secuestro ocurrido en enero de este a\u00f1o en Coyhaique"},"content":{"rendered":"<div class=\"flex_column av_one_full  flex_column_div av-zero-column-padding first  avia-builder-el-0  el_before_av_one_full  avia-builder-el-first  \" style='border-radius:0px; '><div  class='avia-image-container  av-styling-    avia-builder-el-1  avia-builder-el-no-sibling  avia-align-center '  itemprop=\"image\" itemscope=\"itemscope\" itemtype=\"https:\/\/schema.org\/ImageObject\"  ><div class='avia-image-container-inner'><div class='avia-image-overlay-wrap'><img decoding=\"async\" class='wp-image-41534 avia-img-lazy-loading-not-41534 avia_image' src=\"https:\/\/radiorevelacionfm.cl\/wp-content\/uploads\/2024\/04\/Fiscalia_2024-2-1-1.jpg\" alt='' title='Fiscalia_2024 (2) (1) (1)' height=\"600\" width=\"900\"  itemprop=\"thumbnailUrl\" srcset=\"https:\/\/radiorevelacionfm.cl\/wp-content\/uploads\/2024\/04\/Fiscalia_2024-2-1-1.jpg 900w, https:\/\/radiorevelacionfm.cl\/wp-content\/uploads\/2024\/04\/Fiscalia_2024-2-1-1-300x200.jpg 300w, https:\/\/radiorevelacionfm.cl\/wp-content\/uploads\/2024\/04\/Fiscalia_2024-2-1-1-768x512.jpg 768w, https:\/\/radiorevelacionfm.cl\/wp-content\/uploads\/2024\/04\/Fiscalia_2024-2-1-1-705x470.jpg 705w, https:\/\/radiorevelacionfm.cl\/wp-content\/uploads\/2024\/04\/Fiscalia_2024-2-1-1-450x300.jpg 450w, https:\/\/radiorevelacionfm.cl\/wp-content\/uploads\/2024\/04\/Fiscalia_2024-2-1-1-600x400.jpg 600w\" sizes=\"(max-width: 900px) 100vw, 900px\" \/><\/div><\/div><\/div><\/div><div class=\"flex_column av_one_full  flex_column_div av-zero-column-padding first  avia-builder-el-2  el_after_av_one_full  el_before_av_one_full  column-top-margin\" style='border-radius:0px; '><section class=\"av_textblock_section \"  itemscope=\"itemscope\" itemtype=\"https:\/\/schema.org\/BlogPosting\" itemprop=\"blogPost\" ><div class='avia_textblock  '   itemprop=\"text\" ><p style=\"text-align: center;\"><strong><span style=\"font-size: 18pt;\">Condenan a 4 a\u00f1os de c\u00e1rcel a imputados por secuestro ocurrido en enero de este a\u00f1o en Coyhaique<\/span><\/strong><\/p>\n<div id=\"gtx-trans\" style=\"position: absolute; left: -50px; top: 4.31534px;\">\n<div class=\"gtx-trans-icon\"><\/div>\n<\/div>\n<\/div><\/section><\/div><div class=\"flex_column av_one_full  flex_column_div av-zero-column-padding first  avia-builder-el-4  el_after_av_one_full  el_before_av_hr  column-top-margin\" style='border-radius:0px; '><section class=\"av_textblock_section \"  itemscope=\"itemscope\" itemtype=\"https:\/\/schema.org\/BlogPosting\" itemprop=\"blogPost\" ><div class='avia_textblock  '   itemprop=\"text\" ><p class=\"v1MsoNormal\" style=\"text-align: justify;\"><em><span lang=\"ES\">Los sujetos de\u00a0<\/span><span lang=\"X-NONE\">20, 25 y 26 a\u00f1os, abordaron a la v\u00edctima en el sector\u00a0<\/span><span lang=\"ES\">alto de la ciudad, donde <span lang=\"EN-US\">fue objeto de diversas acciones intimidantes y agresivas.<\/span><\/span><\/em><\/p>\n<p class=\"v1MsoNormal\" style=\"text-align: justify;\"><span lang=\"ES\">A 4 a\u00f1os de presidio, sin beneficios, fueron condenados los tres imputados por el delito de secuestro ocurrido a principios de a\u00f1o en el sector alto de Coyhaique. El Tribunal de Juicio Oral en Penal de Coyhaique dio a conocer la resoluci\u00f3n durante la tarde de este lunes 4 de agosto.<\/span><\/p>\n<p class=\"v1MsoNormal\" style=\"text-align: justify;\"><span lang=\"ES-MX\">En base a los antecedentes\u00a0<\/span>expuestos en el juicio por la Fiscal Mar\u00eda In\u00e9s N\u00fa\u00f1ez, el 15 de enero de 2025 en horas de la tarde, diversos sujetos, entre ellos los tres imputados de 20, 25 y 26 a\u00f1os, abordaron a la v\u00edctima en una calle del sector alto de la capital regional, tras lo cual concretaron diversas acciones intimidantes y agresivas en contra del afectado.<\/p>\n<p class=\"v1MsoNormal\" style=\"text-align: justify;\">Las diligencias de este caso fueron efectuadas a trav\u00e9s de Carabineros de la Primera Comisar\u00eda y tambi\u00e9n por intermedio de la Brigada Investigadora de Homicidios de la Polic\u00eda de Investigaciones de Chile, las cuales fueron coordinadas por la Fiscal\u00eda Local de Coyhaique, a trav\u00e9s del Fiscal Adjunto (s), Mat\u00edas Manzano.<\/p>\n<p class=\"v1MsoNormal\" style=\"text-align: justify;\">EN LA C\u00c1RCEL<\/p>\n<p class=\"v1MsoNormal\" style=\"text-align: justify;\">Los tres imputados de este delito permanecen actualmente privados de libertad tanto en el Centro de Cumplimiento Penitenciario de Coyhaique como en el Centro de Detenci\u00f3n Preventiva de Puerto Ays\u00e9n.<\/p>\n<p class=\"v1MsoNormal\" style=\"text-align: justify;\">El Ministerio P\u00fablico hab\u00eda acusado a los tres involucrados por el delito de secuestro calificado, sin embargo, el Tribunal resolvi\u00f3 condenarlos por el delito de secuestro simple.<\/p>\n<p class=\"v1MsoNormal\" style=\"text-align: justify;\">Tanto la Unidad de Atenci\u00f3n a V\u00edctimas y Testigos como la Unidad de Asesor\u00eda Jur\u00eddica del Ministerio P\u00fablico participaron activamente durante el juicio, en diversos aspectos asociados a la protecci\u00f3n de la v\u00edctima, an\u00e1lisis legal y realizaci\u00f3n del juicio oral.<\/p>\n<\/div><\/section><\/div><div  style='height:50px' class='hr hr-invisible   avia-builder-el-6  el_after_av_one_full  el_before_av_social_share '><span class='hr-inner ' ><span class='hr-inner-style'><\/span><\/span><\/div><\/p>\n<div  class='av-social-sharing-box  avia-builder-el-7  el_after_av_hr  el_before_av_hr  '><div class='av-share-box'><h5 class='av-share-link-description av-no-toc '>Compartir esta noticia<\/h5><ul class='av-share-box-list noLightbox'><li class='av-share-link av-social-link-facebook' ><a target=\"_blank\" aria-label=\"Compartir en Facebook\" href='https:\/\/www.facebook.com\/sharer.php?u=https:\/\/radiorevelacionfm.cl\/?p=57311&#038;t=Condenan%20a%204%20a%C3%B1os%20de%20c%C3%A1rcel%20a%20imputados%20por%20secuestro%20ocurrido%20en%20enero%20de%20este%20a%C3%B1o%20en%20Coyhaique' aria-hidden='false' data-av_icon='\ue8f3' data-av_iconfont='entypo-fontello' title='' data-avia-related-tooltip='Compartir en Facebook' rel=\"noopener\"><span class='avia_hidden_link_text'>Compartir en Facebook<\/span><\/a><\/li><li class='av-share-link av-social-link-twitter' ><a target=\"_blank\" aria-label=\"Compartir en Twitter\" href='https:\/\/twitter.com\/share?text=Condenan%20a%204%20a%C3%B1os%20de%20c%C3%A1rcel%20a%20imputados%20por%20secuestro%20ocurrido%20en%20enero%20de%20este%20a%C3%B1o%20en%20Coyhaique&#038;url=https:\/\/radiorevelacionfm.cl\/?p=57311' aria-hidden='false' data-av_icon='\ue8f1' data-av_iconfont='entypo-fontello' title='' data-avia-related-tooltip='Compartir en Twitter' rel=\"noopener\"><span class='avia_hidden_link_text'>Compartir en Twitter<\/span><\/a><\/li><li class='av-share-link av-social-link-whatsapp' ><a target=\"_blank\" aria-label=\"Compartir en Whatsapp\" href='https:\/\/api.whatsapp.com\/send?text=https:\/\/radiorevelacionfm.cl\/?p=57311' aria-hidden='false' data-av_icon='\uf232' data-av_iconfont='entypo-fontello' title='' data-avia-related-tooltip='Compartir en Whatsapp' rel=\"noopener\"><span class='avia_hidden_link_text'>Compartir en Whatsapp<\/span><\/a><\/li><li class='av-share-link av-social-link-linkedin' ><a target=\"_blank\" aria-label=\"Compartir en LinkedIn\" href='https:\/\/linkedin.com\/shareArticle?mini=true&#038;title=Condenan%20a%204%20a%C3%B1os%20de%20c%C3%A1rcel%20a%20imputados%20por%20secuestro%20ocurrido%20en%20enero%20de%20este%20a%C3%B1o%20en%20Coyhaique&#038;url=https:\/\/radiorevelacionfm.cl\/?p=57311' aria-hidden='false' data-av_icon='\ue8fc' data-av_iconfont='entypo-fontello' title='' data-avia-related-tooltip='Compartir en LinkedIn' rel=\"noopener\"><span class='avia_hidden_link_text'>Compartir en LinkedIn<\/span><\/a><\/li><li class='av-share-link av-social-link-mail' ><a  aria-label=\"Compartir por correo\" href='mailto:?subject=Condenan%20a%204%20a%C3%B1os%20de%20c%C3%A1rcel%20a%20imputados%20por%20secuestro%20ocurrido%20en%20enero%20de%20este%20a%C3%B1o%20en%20Coyhaique&#038;body=https:\/\/radiorevelacionfm.cl\/?p=57311' aria-hidden='false' data-av_icon='\ue805' data-av_iconfont='entypo-fontello' title='' data-avia-related-tooltip='Compartir por correo'><span class='avia_hidden_link_text'>Compartir por correo<\/span><\/a><\/li><\/ul><\/div><\/div>\n<div  style='height:50px' class='hr hr-invisible   avia-builder-el-8  el_after_av_social_share  el_before_av_comments_list '><span class='hr-inner ' ><span class='hr-inner-style'><\/span><\/span><\/div>\n<div  class='av-buildercomment  av-blog-meta-html-info-disabled av-blog-meta-tag-disabled  '><\/div>\n","protected":false},"excerpt":{"rendered":"","protected":false},"author":1,"featured_media":41534,"comment_status":"closed","ping_status":"closed","sticky":false,"template":"","format":"standard","meta":{"footnotes":""},"categories":[55],"tags":[],"class_list":["post-57311","post","type-post","status-publish","format-standard","has-post-thumbnail","hentry","category-justicia"],"jetpack_featured_media_url":"https:\/\/radiorevelacionfm.cl\/wp-content\/uploads\/2024\/04\/Fiscalia_2024-2-1-1.jpg","_links":{"self":[{"href":"https:\/\/radiorevelacionfm.cl\/index.php?rest_route=\/wp\/v2\/posts\/57311","targetHints":{"allow":["GET"]}}],"collection":[{"href":"https:\/\/radiorevelacionfm.cl\/index.php?rest_route=\/wp\/v2\/posts"}],"about":[{"href":"https:\/\/radiorevelacionfm.cl\/index.php?rest_route=\/wp\/v2\/types\/post"}],"author":[{"embeddable":true,"href":"https:\/\/radiorevelacionfm.cl\/index.php?rest_route=\/wp\/v2\/users\/1"}],"replies":[{"embeddable":true,"href":"https:\/\/radiorevelacionfm.cl\/index.php?rest_route=%2Fwp%2Fv2%2Fcomments&post=57311"}],"version-history":[{"count":2,"href":"https:\/\/radiorevelacionfm.cl\/index.php?rest_route=\/wp\/v2\/posts\/57311\/revisions"}],"predecessor-version":[{"id":57332,"href":"https:\/\/radiorevelacionfm.cl\/index.php?rest_route=\/wp\/v2\/posts\/57311\/revisions\/57332"}],"wp:featuredmedia":[{"embeddable":true,"href":"https:\/\/radiorevelacionfm.cl\/index.php?rest_route=\/wp\/v2\/media\/41534"}],"wp:attachment":[{"href":"https:\/\/radiorevelacionfm.cl\/index.php?rest_route=%2Fwp%2Fv2%2Fmedia&parent=57311"}],"wp:term":[{"taxonomy":"category","embeddable":true,"href":"https:\/\/radiorevelacionfm.cl\/index.php?rest_route=%2Fwp%2Fv2%2Fcategories&post=57311"},{"taxonomy":"post_tag","embeddable":true,"href":"https:\/\/radiorevelacionfm.cl\/index.php?rest_route=%2Fwp%2Fv2%2Ftags&post=57311"}],"curies":[{"name":"wp","href":"https:\/\/api.w.org\/{rel}","templated":true}]}}