{"id":57308,"date":"2025-08-05T10:28:44","date_gmt":"2025-08-05T13:28:44","guid":{"rendered":"https:\/\/radiorevelacionfm.cl\/?p=57308"},"modified":"2025-08-05T10:28:44","modified_gmt":"2025-08-05T13:28:44","slug":"uaysen-presenta-primer-barometro-regional-como-aporte-clave-al-desarrollo-territorial","status":"publish","type":"post","link":"https:\/\/radiorevelacionfm.cl\/?p=57308","title":{"rendered":"UAys\u00e9n presenta primer Bar\u00f3metro Regional como aporte clave al desarrollo territorial"},"content":{"rendered":"<div class=\"flex_column av_one_full  flex_column_div av-zero-column-padding first  avia-builder-el-0  el_before_av_one_full  avia-builder-el-first  \" style='border-radius:0px; '><div  class='avia-image-container  av-styling-    avia-builder-el-1  avia-builder-el-no-sibling  avia-align-center '  itemprop=\"image\" itemscope=\"itemscope\" itemtype=\"https:\/\/schema.org\/ImageObject\"  ><div class='avia-image-container-inner'><div class='avia-image-overlay-wrap'><img decoding=\"async\" class='wp-image-57317 avia-img-lazy-loading-not-57317 avia_image' src=\"https:\/\/radiorevelacionfm.cl\/wp-content\/uploads\/2025\/08\/img_0518-1_optimized.jpg\" alt='' title='img_0518-(1)_optimized' height=\"600\" width=\"900\"  itemprop=\"thumbnailUrl\" srcset=\"https:\/\/radiorevelacionfm.cl\/wp-content\/uploads\/2025\/08\/img_0518-1_optimized.jpg 900w, https:\/\/radiorevelacionfm.cl\/wp-content\/uploads\/2025\/08\/img_0518-1_optimized-300x200.jpg 300w, https:\/\/radiorevelacionfm.cl\/wp-content\/uploads\/2025\/08\/img_0518-1_optimized-768x512.jpg 768w, https:\/\/radiorevelacionfm.cl\/wp-content\/uploads\/2025\/08\/img_0518-1_optimized-705x470.jpg 705w, https:\/\/radiorevelacionfm.cl\/wp-content\/uploads\/2025\/08\/img_0518-1_optimized-450x300.jpg 450w, https:\/\/radiorevelacionfm.cl\/wp-content\/uploads\/2025\/08\/img_0518-1_optimized-600x400.jpg 600w\" sizes=\"(max-width: 900px) 100vw, 900px\" \/><\/div><\/div><\/div><\/div><div class=\"flex_column av_one_full  flex_column_div av-zero-column-padding first  avia-builder-el-2  el_after_av_one_full  el_before_av_one_full  column-top-margin\" style='border-radius:0px; '><section class=\"av_textblock_section \"  itemscope=\"itemscope\" itemtype=\"https:\/\/schema.org\/BlogPosting\" itemprop=\"blogPost\" ><div class='avia_textblock  '   itemprop=\"text\" ><p style=\"text-align: center;\"><strong><span style=\"font-size: 18pt;\">UAys\u00e9n presenta primer Bar\u00f3metro Regional como aporte clave al desarrollo territorial <\/span><\/strong><\/p>\n<div id=\"gtx-trans\" style=\"position: absolute; left: -50px; top: 4.31534px;\">\n<div class=\"gtx-trans-icon\"><\/div>\n<\/div>\n<\/div><\/section><\/div><\/p>\n<div class=\"flex_column av_one_full  flex_column_div av-zero-column-padding first  avia-builder-el-4  el_after_av_one_full  el_before_av_hr  column-top-margin\" style='border-radius:0px; '><section class=\"av_textblock_section \"  itemscope=\"itemscope\" itemtype=\"https:\/\/schema.org\/BlogPosting\" itemprop=\"blogPost\" ><div class='avia_textblock  '   itemprop=\"text\" ><p dir=\"ltr\" style=\"text-align: justify;\"><em>El estudio de la Universidad de Ays\u00e9n, liderado por el acad\u00e9mico Dr. Sebasti\u00e1n Ibarra, expone\u00a0datos importantes como preferencia por la descentralizaci\u00f3n y confianza en el turismo como motor econ\u00f3mico.\u00a0<\/em><\/p>\n<p dir=\"ltr\" style=\"text-align: justify;\">Con el objetivo de fortalecer la toma de decisiones p\u00fablicas desde una perspectiva territorial, la Universidad de Ays\u00e9n present\u00f3 el primer Bar\u00f3metro Regional Ays\u00e9n, un instrumento de medici\u00f3n de percepci\u00f3n ciudadana que entrega informaci\u00f3n clave sobre calidad de vida, expectativas econ\u00f3micas, confianza social, identidad territorial y descentralizaci\u00f3n.<\/p>\n<p dir=\"ltr\" style=\"text-align: justify;\">El lanzamiento oficial se realiz\u00f3 este viernes 1 de agosto en dependencias del Gobierno Regional de Ays\u00e9n, y cont\u00f3 con la presencia del administrador provisional de la UAys\u00e9n, Juan Pablo Prieto, el gobernador regional Marcelo Santana, autoridades universitarias e invitados\/as especiales.<\/p>\n<p dir=\"ltr\" style=\"text-align: justify;\">Para el gobernador regional, resulta significativo tener datos de percepci\u00f3n de la comunidad respecto a distintos temas, \u00absobre c\u00f3mo se percibe el desarrollo por parte de las comunidades, por ejemplo\u00bb.<\/p>\n<p dir=\"ltr\" style=\"text-align: justify;\">Este trabajo es muy importante, permite \u00absintonizar las hojas de ruta con lo que la comunidad va sintiendo\u00bb, expres\u00f3 Santana.<\/p>\n<p dir=\"ltr\" style=\"text-align: justify;\">Juan Pablo Prieto, administrador provisional de la UAys\u00e9n, explic\u00f3 que este tipo de estudios son parte del quehacer de una universidad, \u00abconocer las percepciones permite saber c\u00f3mo atenderlas, es un insumo para el gobierno regional pero tambi\u00e9n para los sectores productivos\u00bb, puntualiz\u00f3.<\/p>\n<p dir=\"ltr\" style=\"text-align: justify;\">Por su parte, el Dr. Sebasti\u00e1n Ibarra, acad\u00e9mico del Departamento Ciencias Sociales y Humanidades de la UAys\u00e9n e investigador que lider\u00f3 el estudio, indic\u00f3 que los datos son interesantes ya que \u00abposicionan al turismo como la actividad que tiene la mayor valoraci\u00f3n por parte de la ciudadan\u00eda regional, en conjunto con la ganader\u00eda y la agricultura, es decir se conciben como los ejes del desarrollo a futuro en la regi\u00f3n\u00bb.<\/p>\n<p dir=\"ltr\" style=\"text-align: justify;\">Para Carla Morales, representante del sector turismo de la regi\u00f3n, resulta interesante conocer estos resultados ya que saber respecto al tema tur\u00edstico es central, \u00abla poblaci\u00f3n le est\u00e1 dando una gran importancia a esta industria tanto en su aporte al desarrollo local, como al PIB regional,\u00bb se\u00f1al\u00f3 la empresaria dedicada al turismo.<\/p>\n<p dir=\"ltr\" style=\"text-align: justify;\">Seg\u00fan el primer Bar\u00f3metro Regional elaborado por la Universidad de Ays\u00e9n, dentro de los principales resultados, un 58% de los habitantes de Ays\u00e9n percibe que la regi\u00f3n est\u00e1 estancada, muy por encima del promedio nacional (41%). Cabe se\u00f1alar que el informe, que eval\u00faa calidad de vida, expectativas econ\u00f3micas y participaci\u00f3n pol\u00edtica, revela una poblaci\u00f3n cr\u00edtica con el acceso a salud y educaci\u00f3n, pero orgullosa de sus recursos naturales y con un marcado sentido de pertenencia territorial.<\/p>\n<p dir=\"ltr\" style=\"text-align: justify;\">Brechas urbanas-rurales<\/p>\n<p dir=\"ltr\" style=\"text-align: justify;\">La percepci\u00f3n de estancamiento es mayor en Coyhaique y Puerto Ays\u00e9n, (58%) mientras baja al 51% en zonas rurales. Ays\u00e9n es la regi\u00f3n peor evaluada en acceso a salud, transporte y educaci\u00f3n \u2014solo destaca en seguridad ciudadana\u2014, con diferencias notorias entre \u00e1reas urbanas (donde servicios como vivienda y conectividad son m\u00e1s criticados) y rurales. La eficiencia de los servicios p\u00fablicos obtiene la peor nota (4.3%), contrastando con las riquezas naturales, vistas como principal ventaja (46.9%).<\/p>\n<p dir=\"ltr\" style=\"text-align: justify;\">Descentralizaci\u00f3n<\/p>\n<p dir=\"ltr\" style=\"text-align: justify;\">El 92% de los encuestados exige que decisiones sobre transporte se tomen a nivel regional o comunal, reflejando un rechazo al centralismo: el 57% cree que este ha aumentado (vs. 38% en otras regiones). Pese a ello, el 51% considera que la elecci\u00f3n de gobernadores no ha cambiado la situaci\u00f3n, y un 18% opina que ha generado m\u00e1s problemas.<\/p>\n<p dir=\"ltr\" style=\"text-align: justify;\">Turismo y sector primario<\/p>\n<p dir=\"ltr\" style=\"text-align: justify;\">El turismo (95%), ganader\u00eda (93%) y agricultura (91%) son se\u00f1alados como claves para el desarrollo, junto con energ\u00edas renovables (86%) e innovaci\u00f3n tecnol\u00f3gica (86%). Actividades como la pesca industrial (51%) quedan rezagadas.<\/p>\n<p dir=\"ltr\" style=\"text-align: justify;\">Identidad y confianza<\/p>\n<p dir=\"ltr\" style=\"text-align: justify;\">El 36% de los ayseninos prioriza su identidad regional (frente al 17% en otras zonas), cifra que en General Carrera y Capit\u00e1n Prat se traduce en arraigo local (29% se identifica con su pueblo). Adem\u00e1s, el 46% conf\u00eda en sus vecinos (vs. 32% nacional), llegando al 61% en provincias menos pobladas.<\/p>\n<p dir=\"ltr\" style=\"text-align: justify;\">Medios y democracia<\/p>\n<p dir=\"ltr\" style=\"text-align: justify;\">Las redes sociales y la radio son las principales fuentes de informaci\u00f3n. Aunque el 53% defiende la democracia, un 40% muestra indiferencia o apertura a alternativas autoritarias, aline\u00e1ndose con la tendencia nacional.<\/p>\n<p dir=\"ltr\" style=\"text-align: justify;\">De esta forma, pese al potencial econ\u00f3mico y cohesi\u00f3n social, la regi\u00f3n enfrenta desaf\u00edos en servicios b\u00e1sicos y descentralizaci\u00f3n real, con un electorado desconfiado hacia las reformas pol\u00edticas.<\/p>\n<p dir=\"ltr\" style=\"text-align: justify;\">Este estudio fue financiado gracias al proyecto URY 2295 del Ministerio de Educaci\u00f3n, en el marco del fortalecimiento de las universidades regionales. La medici\u00f3n se aplic\u00f3 a una muestra representativa de 465 personas mayores de 18 a\u00f1os, residentes en las distintas provincias de la Regi\u00f3n de Ays\u00e9n. Las encuestas fueron realizadas en enero de 2025 mediante un formato mixto, combinando entrevistas presenciales y telef\u00f3nicas. El dise\u00f1o metodol\u00f3gico consider\u00f3 criterios de proporcionalidad territorial, edad y g\u00e9nero, permitiendo obtener resultados con un nivel de confianza del 95% y un margen de error muestral de \u00b14,5%. Esta rigurosidad permite que el Bar\u00f3metro se constituya en una herramienta v\u00e1lida para la toma de decisiones informadas y pertinentes a nivel regional.<\/p>\n<p style=\"text-align: justify;\">Para m\u00e1s informaci\u00f3n sobre este estudio puedes visitar el siguiente enlace:\u00a0<a href=\"https:\/\/uaysen.cl\/uploads\/presentacion-barometro-regional-aysen-v01-08-2025.pdf\" target=\"_blank\" rel=\"noopener noreferrer\">https:\/\/uaysen.cl\/uploads\/presentacion-barometro-regional-aysen-v01-08-2025.pdf<\/a><\/p>\n<\/div><\/section><\/div>\n<div  style='height:50px' class='hr hr-invisible   avia-builder-el-6  el_after_av_one_full  el_before_av_social_share '><span class='hr-inner ' ><span class='hr-inner-style'><\/span><\/span><\/div>\n<div  class='av-social-sharing-box  avia-builder-el-7  el_after_av_hr  el_before_av_hr  '><div class='av-share-box'><h5 class='av-share-link-description av-no-toc '>Compartir esta noticia<\/h5><ul class='av-share-box-list noLightbox'><li class='av-share-link av-social-link-facebook' ><a target=\"_blank\" aria-label=\"Compartir en Facebook\" href='https:\/\/www.facebook.com\/sharer.php?u=https:\/\/radiorevelacionfm.cl\/?p=57308&#038;t=UAys%C3%A9n%20presenta%20primer%20Bar%C3%B3metro%20Regional%20como%20aporte%20clave%20al%20desarrollo%20territorial' aria-hidden='false' data-av_icon='\ue8f3' data-av_iconfont='entypo-fontello' title='' data-avia-related-tooltip='Compartir en Facebook' rel=\"noopener\"><span class='avia_hidden_link_text'>Compartir en Facebook<\/span><\/a><\/li><li class='av-share-link av-social-link-twitter' ><a target=\"_blank\" aria-label=\"Compartir en Twitter\" href='https:\/\/twitter.com\/share?text=UAys%C3%A9n%20presenta%20primer%20Bar%C3%B3metro%20Regional%20como%20aporte%20clave%20al%20desarrollo%20territorial&#038;url=https:\/\/radiorevelacionfm.cl\/?p=57308' aria-hidden='false' data-av_icon='\ue8f1' data-av_iconfont='entypo-fontello' title='' data-avia-related-tooltip='Compartir en Twitter' rel=\"noopener\"><span class='avia_hidden_link_text'>Compartir en Twitter<\/span><\/a><\/li><li class='av-share-link av-social-link-whatsapp' ><a target=\"_blank\" aria-label=\"Compartir en Whatsapp\" href='https:\/\/api.whatsapp.com\/send?text=https:\/\/radiorevelacionfm.cl\/?p=57308' aria-hidden='false' data-av_icon='\uf232' data-av_iconfont='entypo-fontello' title='' data-avia-related-tooltip='Compartir en Whatsapp' rel=\"noopener\"><span class='avia_hidden_link_text'>Compartir en Whatsapp<\/span><\/a><\/li><li class='av-share-link av-social-link-linkedin' ><a target=\"_blank\" aria-label=\"Compartir en LinkedIn\" href='https:\/\/linkedin.com\/shareArticle?mini=true&#038;title=UAys%C3%A9n%20presenta%20primer%20Bar%C3%B3metro%20Regional%20como%20aporte%20clave%20al%20desarrollo%20territorial&#038;url=https:\/\/radiorevelacionfm.cl\/?p=57308' aria-hidden='false' data-av_icon='\ue8fc' data-av_iconfont='entypo-fontello' title='' data-avia-related-tooltip='Compartir en LinkedIn' rel=\"noopener\"><span class='avia_hidden_link_text'>Compartir en LinkedIn<\/span><\/a><\/li><li class='av-share-link av-social-link-mail' ><a  aria-label=\"Compartir por correo\" href='mailto:?subject=UAys%C3%A9n%20presenta%20primer%20Bar%C3%B3metro%20Regional%20como%20aporte%20clave%20al%20desarrollo%20territorial&#038;body=https:\/\/radiorevelacionfm.cl\/?p=57308' aria-hidden='false' data-av_icon='\ue805' data-av_iconfont='entypo-fontello' title='' data-avia-related-tooltip='Compartir por correo'><span class='avia_hidden_link_text'>Compartir por correo<\/span><\/a><\/li><\/ul><\/div><\/div>\n<div  style='height:50px' class='hr hr-invisible   avia-builder-el-8  el_after_av_social_share  el_before_av_comments_list '><span class='hr-inner ' ><span class='hr-inner-style'><\/span><\/span><\/div>\n<div  class='av-buildercomment  av-blog-meta-html-info-disabled av-blog-meta-tag-disabled  '><\/div>\n","protected":false},"excerpt":{"rendered":"","protected":false},"author":1,"featured_media":57317,"comment_status":"closed","ping_status":"closed","sticky":false,"template":"","format":"standard","meta":{"footnotes":""},"categories":[49],"tags":[],"class_list":["post-57308","post","type-post","status-publish","format-standard","has-post-thumbnail","hentry","category-educacion"],"jetpack_featured_media_url":"https:\/\/radiorevelacionfm.cl\/wp-content\/uploads\/2025\/08\/img_0518-1_optimized.jpg","_links":{"self":[{"href":"https:\/\/radiorevelacionfm.cl\/index.php?rest_route=\/wp\/v2\/posts\/57308","targetHints":{"allow":["GET"]}}],"collection":[{"href":"https:\/\/radiorevelacionfm.cl\/index.php?rest_route=\/wp\/v2\/posts"}],"about":[{"href":"https:\/\/radiorevelacionfm.cl\/index.php?rest_route=\/wp\/v2\/types\/post"}],"author":[{"embeddable":true,"href":"https:\/\/radiorevelacionfm.cl\/index.php?rest_route=\/wp\/v2\/users\/1"}],"replies":[{"embeddable":true,"href":"https:\/\/radiorevelacionfm.cl\/index.php?rest_route=%2Fwp%2Fv2%2Fcomments&post=57308"}],"version-history":[{"count":3,"href":"https:\/\/radiorevelacionfm.cl\/index.php?rest_route=\/wp\/v2\/posts\/57308\/revisions"}],"predecessor-version":[{"id":57335,"href":"https:\/\/radiorevelacionfm.cl\/index.php?rest_route=\/wp\/v2\/posts\/57308\/revisions\/57335"}],"wp:featuredmedia":[{"embeddable":true,"href":"https:\/\/radiorevelacionfm.cl\/index.php?rest_route=\/wp\/v2\/media\/57317"}],"wp:attachment":[{"href":"https:\/\/radiorevelacionfm.cl\/index.php?rest_route=%2Fwp%2Fv2%2Fmedia&parent=57308"}],"wp:term":[{"taxonomy":"category","embeddable":true,"href":"https:\/\/radiorevelacionfm.cl\/index.php?rest_route=%2Fwp%2Fv2%2Fcategories&post=57308"},{"taxonomy":"post_tag","embeddable":true,"href":"https:\/\/radiorevelacionfm.cl\/index.php?rest_route=%2Fwp%2Fv2%2Ftags&post=57308"}],"curies":[{"name":"wp","href":"https:\/\/api.w.org\/{rel}","templated":true}]}}