{"id":57305,"date":"2025-08-04T16:31:48","date_gmt":"2025-08-04T19:31:48","guid":{"rendered":"https:\/\/radiorevelacionfm.cl\/?p=57305"},"modified":"2025-08-04T16:31:48","modified_gmt":"2025-08-04T19:31:48","slug":"alianza-permitira-certificacion-de-estudiantes-del-liceo-de-chile-chico-como-instaladores-electricos-clase-d","status":"publish","type":"post","link":"https:\/\/radiorevelacionfm.cl\/?p=57305","title":{"rendered":"Alianza permitir\u00e1 certificaci\u00f3n de estudiantes del Liceo de Chile Chico como instaladores el\u00e9ctricos Clase D"},"content":{"rendered":"<div class=\"flex_column av_one_full  flex_column_div av-zero-column-padding first  avia-builder-el-0  el_before_av_one_full  avia-builder-el-first  \" style='border-radius:0px; '><div  class='avia-image-container  av-styling-    avia-builder-el-1  avia-builder-el-no-sibling  avia-align-center '  itemprop=\"image\" itemscope=\"itemscope\" itemtype=\"https:\/\/schema.org\/ImageObject\"  ><div class='avia-image-container-inner'><div class='avia-image-overlay-wrap'><img decoding=\"async\" class='wp-image-57306 avia-img-lazy-loading-not-57306 avia_image' src=\"https:\/\/radiorevelacionfm.cl\/wp-content\/uploads\/2025\/08\/convenio-certificacion-clase-d-4-1_optimized.jpeg\" alt='' title='convenio-certificaci\u00f3n-clase-d-(4)-(1)_optimized' height=\"600\" width=\"800\"  itemprop=\"thumbnailUrl\" srcset=\"https:\/\/radiorevelacionfm.cl\/wp-content\/uploads\/2025\/08\/convenio-certificacion-clase-d-4-1_optimized.jpeg 800w, https:\/\/radiorevelacionfm.cl\/wp-content\/uploads\/2025\/08\/convenio-certificacion-clase-d-4-1_optimized-300x225.jpeg 300w, https:\/\/radiorevelacionfm.cl\/wp-content\/uploads\/2025\/08\/convenio-certificacion-clase-d-4-1_optimized-768x576.jpeg 768w, https:\/\/radiorevelacionfm.cl\/wp-content\/uploads\/2025\/08\/convenio-certificacion-clase-d-4-1_optimized-705x529.jpeg 705w, https:\/\/radiorevelacionfm.cl\/wp-content\/uploads\/2025\/08\/convenio-certificacion-clase-d-4-1_optimized-450x338.jpeg 450w, https:\/\/radiorevelacionfm.cl\/wp-content\/uploads\/2025\/08\/convenio-certificacion-clase-d-4-1_optimized-600x450.jpeg 600w\" sizes=\"(max-width: 800px) 100vw, 800px\" \/><\/div><\/div><\/div><\/div><div class=\"flex_column av_one_full  flex_column_div av-zero-column-padding first  avia-builder-el-2  el_after_av_one_full  el_before_av_one_full  column-top-margin\" style='border-radius:0px; '><section class=\"av_textblock_section \"  itemscope=\"itemscope\" itemtype=\"https:\/\/schema.org\/BlogPosting\" itemprop=\"blogPost\" ><div class='avia_textblock  '   itemprop=\"text\" ><p style=\"text-align: center;\"><strong><span style=\"font-size: 18pt;\">Alianza permitir\u00e1 certificaci\u00f3n de estudiantes del Liceo de Chile Chico como instaladores el\u00e9ctricos Clase D<\/span><\/strong><\/p>\n<div id=\"gtx-trans\" style=\"position: absolute; left: -50px; top: 4.31534px;\">\n<div class=\"gtx-trans-icon\"><\/div>\n<\/div>\n<\/div><\/section><\/div><div class=\"flex_column av_one_full  flex_column_div av-zero-column-padding first  avia-builder-el-4  el_after_av_one_full  el_before_av_hr  column-top-margin\" style='border-radius:0px; '><section class=\"av_textblock_section \"  itemscope=\"itemscope\" itemtype=\"https:\/\/schema.org\/BlogPosting\" itemprop=\"blogPost\" ><div class='avia_textblock  '   itemprop=\"text\" ><p style=\"text-align: justify;\"><em>Esto permitir\u00e1 que j\u00f3venes de cuarto medio de la especialidad de Electricidad del Liceo Luisa Rabanal Palma egresen con una certificaci\u00f3n t\u00e9cnica que mejora sus oportunidades laborales.<\/em><\/p>\n<p style=\"text-align: justify;\">Hace algunos d\u00edas la el\u00e9ctrica concret\u00f3 una importante firma de convenio con el Liceo Luisa Rabanal Palma de Chile Chico, acuerdo que permitir\u00e1 que nueve estudiantes de cuarto medio de la especialidad de electricidad obtengan la certificaci\u00f3n como Instaladores El\u00e9ctricos Clase D, una credencial reconocida a nivel nacional por la Superintendencia de Electricidad y Combustibles (SEC).<\/p>\n<p style=\"text-align: justify;\">Gracias a esta alianza, los j\u00f3venes podr\u00e1n egresar con una acreditaci\u00f3n oficial que mejora significativamente sus posibilidades de empleabilidad, entreg\u00e1ndoles mayores herramientas para desenvolverse en el mundo laboral y continuar su desarrollo profesional en el \u00e1rea energ\u00e9tica.<\/p>\n<p style=\"text-align: justify;\">Juan Cifra, jefe de Distribuci\u00f3n de Edelaysen destac\u00f3 :\u201cNos da un sentido de orgullo seguir siendo participes y colaboradores directos, en este caso con el liceo, apoyando a todas las comunas de la regi\u00f3n, en especial en el \u00e1mbito que nosotros conocemos que es la electricidad, promoviendo en los ni\u00f1os, en su educaci\u00f3n, la innovaci\u00f3n el querer aprender cosas nuevas, a desarrollar estrategias que adem\u00e1s con este certificado les va a permitir desarrollarse profesionalmente, prestar servicios y el d\u00eda de ma\u00f1ana tal vez ser un integrante m\u00e1s de nuestra empresa o de cualquier otra, que permita aportar al crecimiento regi\u00f3n\u201d.<\/p>\n<p style=\"text-align: justify;\">La firma del convenio fue valorada por la comunidad educativa y apoderados presentes, quienes destacaron el impacto que este tipo de alianzas genera en la formaci\u00f3n t\u00e9cnica, as\u00ed como en la proyecci\u00f3n de oportunidades laborales m\u00e1s s\u00f3lidas y vinculadas a las necesidades propias de la regi\u00f3n de Ays\u00e9n.<\/p>\n<p style=\"text-align: justify;\">En ese sentido, el director del establecimiento Valko Dur\u00e1n mencion\u00f3: \u201cEstamos muy contentos por esta oportunidad que nos brinda la empresa Edelaysen. Debo decir que es primera vez tambi\u00e9n que nosotros tenemos esta iniciativa. Los alumnos de 4to medio ser\u00e1n la primera promoci\u00f3n, donde nueve estudiantes van a tener la posibilidad de poder optar a una Licencia clase D de Instaladores El\u00e9ctricos, con un curso\u00a0 que representa para nosotros una manera concreta en la que los estudiantes tienen una nueva herramienta para desempe\u00f1arse en el mundo laboral\u201d.<\/p>\n<p style=\"text-align: justify;\">Frosinia Villegas, apoderada de uno de los alumnos que recibir\u00e1 este curso destac\u00f3 \u201cComo apoderada, como vecina y como mam\u00e1, estoy muy orgullosa de mi hijo. Me siento contenta, esperanzada de que se les den estas oportunidades a los j\u00f3venes, se toman como un ramillete de esperanza y se agradece mucho a Edelaysen, al liceo, sobre todo, que tienen un director maravilloso que fue mi profesor tambi\u00e9n y contenta con esta oportunidad que se les est\u00e1 dando a ellos\u201d.<\/p>\n<p style=\"text-align: justify;\">Esta acci\u00f3n se enmarca en el programa de \u201cLiceos El\u00e9ctricos\u201d de Grupo Saesa, programa que se realiza en las distintas comunas, para apoyar a liceos t\u00e9cnicos de la regi\u00f3n, acercando el mundo de la energ\u00eda a los futuros profesionales y generando un impacto directo en las comunidades donde tiene presencia Edelaysen.<\/p>\n<\/div><\/section><\/div><div  style='height:50px' class='hr hr-invisible   avia-builder-el-6  el_after_av_one_full  el_before_av_social_share '><span class='hr-inner ' ><span class='hr-inner-style'><\/span><\/span><\/div><\/p>\n<div  class='av-social-sharing-box  avia-builder-el-7  el_after_av_hr  el_before_av_hr  '><div class='av-share-box'><h5 class='av-share-link-description av-no-toc '>Compartir esta noticia<\/h5><ul class='av-share-box-list noLightbox'><li class='av-share-link av-social-link-facebook' ><a target=\"_blank\" aria-label=\"Compartir en Facebook\" href='https:\/\/www.facebook.com\/sharer.php?u=https:\/\/radiorevelacionfm.cl\/?p=57305&#038;t=Alianza%20permitir%C3%A1%20certificaci%C3%B3n%20de%20estudiantes%20del%20Liceo%20de%20Chile%20Chico%20como%20instaladores%20el%C3%A9ctricos%20Clase%20D' aria-hidden='false' data-av_icon='\ue8f3' data-av_iconfont='entypo-fontello' title='' data-avia-related-tooltip='Compartir en Facebook' rel=\"noopener\"><span class='avia_hidden_link_text'>Compartir en Facebook<\/span><\/a><\/li><li class='av-share-link av-social-link-twitter' ><a target=\"_blank\" aria-label=\"Compartir en Twitter\" href='https:\/\/twitter.com\/share?text=Alianza%20permitir%C3%A1%20certificaci%C3%B3n%20de%20estudiantes%20del%20Liceo%20de%20Chile%20Chico%20como%20instaladores%20el%C3%A9ctricos%20Clase%20D&#038;url=https:\/\/radiorevelacionfm.cl\/?p=57305' aria-hidden='false' data-av_icon='\ue8f1' data-av_iconfont='entypo-fontello' title='' data-avia-related-tooltip='Compartir en Twitter' rel=\"noopener\"><span class='avia_hidden_link_text'>Compartir en Twitter<\/span><\/a><\/li><li class='av-share-link av-social-link-whatsapp' ><a target=\"_blank\" aria-label=\"Compartir en Whatsapp\" href='https:\/\/api.whatsapp.com\/send?text=https:\/\/radiorevelacionfm.cl\/?p=57305' aria-hidden='false' data-av_icon='\uf232' data-av_iconfont='entypo-fontello' title='' data-avia-related-tooltip='Compartir en Whatsapp' rel=\"noopener\"><span class='avia_hidden_link_text'>Compartir en Whatsapp<\/span><\/a><\/li><li class='av-share-link av-social-link-linkedin' ><a target=\"_blank\" aria-label=\"Compartir en LinkedIn\" href='https:\/\/linkedin.com\/shareArticle?mini=true&#038;title=Alianza%20permitir%C3%A1%20certificaci%C3%B3n%20de%20estudiantes%20del%20Liceo%20de%20Chile%20Chico%20como%20instaladores%20el%C3%A9ctricos%20Clase%20D&#038;url=https:\/\/radiorevelacionfm.cl\/?p=57305' aria-hidden='false' data-av_icon='\ue8fc' data-av_iconfont='entypo-fontello' title='' data-avia-related-tooltip='Compartir en LinkedIn' rel=\"noopener\"><span class='avia_hidden_link_text'>Compartir en LinkedIn<\/span><\/a><\/li><li class='av-share-link av-social-link-mail' ><a  aria-label=\"Compartir por correo\" href='mailto:?subject=Alianza%20permitir%C3%A1%20certificaci%C3%B3n%20de%20estudiantes%20del%20Liceo%20de%20Chile%20Chico%20como%20instaladores%20el%C3%A9ctricos%20Clase%20D&#038;body=https:\/\/radiorevelacionfm.cl\/?p=57305' aria-hidden='false' data-av_icon='\ue805' data-av_iconfont='entypo-fontello' title='' data-avia-related-tooltip='Compartir por correo'><span class='avia_hidden_link_text'>Compartir por correo<\/span><\/a><\/li><\/ul><\/div><\/div>\n<div  style='height:50px' class='hr hr-invisible   avia-builder-el-8  el_after_av_social_share  el_before_av_comments_list '><span class='hr-inner ' ><span class='hr-inner-style'><\/span><\/span><\/div>\n<div  class='av-buildercomment  av-blog-meta-html-info-disabled av-blog-meta-tag-disabled  '><\/div>\n","protected":false},"excerpt":{"rendered":"","protected":false},"author":1,"featured_media":57306,"comment_status":"closed","ping_status":"closed","sticky":false,"template":"","format":"standard","meta":{"footnotes":""},"categories":[38],"tags":[],"class_list":["post-57305","post","type-post","status-publish","format-standard","has-post-thumbnail","hentry","category-regional"],"jetpack_featured_media_url":"https:\/\/radiorevelacionfm.cl\/wp-content\/uploads\/2025\/08\/convenio-certificacion-clase-d-4-1_optimized.jpeg","_links":{"self":[{"href":"https:\/\/radiorevelacionfm.cl\/index.php?rest_route=\/wp\/v2\/posts\/57305","targetHints":{"allow":["GET"]}}],"collection":[{"href":"https:\/\/radiorevelacionfm.cl\/index.php?rest_route=\/wp\/v2\/posts"}],"about":[{"href":"https:\/\/radiorevelacionfm.cl\/index.php?rest_route=\/wp\/v2\/types\/post"}],"author":[{"embeddable":true,"href":"https:\/\/radiorevelacionfm.cl\/index.php?rest_route=\/wp\/v2\/users\/1"}],"replies":[{"embeddable":true,"href":"https:\/\/radiorevelacionfm.cl\/index.php?rest_route=%2Fwp%2Fv2%2Fcomments&post=57305"}],"version-history":[{"count":2,"href":"https:\/\/radiorevelacionfm.cl\/index.php?rest_route=\/wp\/v2\/posts\/57305\/revisions"}],"predecessor-version":[{"id":57310,"href":"https:\/\/radiorevelacionfm.cl\/index.php?rest_route=\/wp\/v2\/posts\/57305\/revisions\/57310"}],"wp:featuredmedia":[{"embeddable":true,"href":"https:\/\/radiorevelacionfm.cl\/index.php?rest_route=\/wp\/v2\/media\/57306"}],"wp:attachment":[{"href":"https:\/\/radiorevelacionfm.cl\/index.php?rest_route=%2Fwp%2Fv2%2Fmedia&parent=57305"}],"wp:term":[{"taxonomy":"category","embeddable":true,"href":"https:\/\/radiorevelacionfm.cl\/index.php?rest_route=%2Fwp%2Fv2%2Fcategories&post=57305"},{"taxonomy":"post_tag","embeddable":true,"href":"https:\/\/radiorevelacionfm.cl\/index.php?rest_route=%2Fwp%2Fv2%2Ftags&post=57305"}],"curies":[{"name":"wp","href":"https:\/\/api.w.org\/{rel}","templated":true}]}}