{"id":57292,"date":"2025-08-04T15:01:36","date_gmt":"2025-08-04T18:01:36","guid":{"rendered":"https:\/\/radiorevelacionfm.cl\/?p=57292"},"modified":"2025-08-04T15:01:36","modified_gmt":"2025-08-04T18:01:36","slug":"villa-cerro-castillo-fue-sede-de-una-gran-plaza-ciudadana-del-programa-gobierno-en-terreno","status":"publish","type":"post","link":"https:\/\/radiorevelacionfm.cl\/?p=57292","title":{"rendered":"Villa Cerro Castillo fue sede de una gran Plaza Ciudadana del Programa Gobierno en Terreno"},"content":{"rendered":"<div class=\"flex_column av_one_full  flex_column_div av-zero-column-padding first  avia-builder-el-0  el_before_av_one_full  avia-builder-el-first  \" style='border-radius:0px; '><div  class='avia-image-container  av-styling-    avia-builder-el-1  avia-builder-el-no-sibling  avia-align-center '  itemprop=\"image\" itemscope=\"itemscope\" itemtype=\"https:\/\/schema.org\/ImageObject\"  ><div class='avia-image-container-inner'><div class='avia-image-overlay-wrap'><img decoding=\"async\" class='wp-image-57293 avia-img-lazy-loading-not-57293 avia_image' src=\"https:\/\/radiorevelacionfm.cl\/wp-content\/uploads\/2025\/08\/villa-cerro-castillo-2-1_optimized-1.jpeg\" alt='' title='villa-cerro-castillo-(2)-(1)_optimized (1)' height=\"600\" width=\"1067\"  itemprop=\"thumbnailUrl\" srcset=\"https:\/\/radiorevelacionfm.cl\/wp-content\/uploads\/2025\/08\/villa-cerro-castillo-2-1_optimized-1.jpeg 1067w, https:\/\/radiorevelacionfm.cl\/wp-content\/uploads\/2025\/08\/villa-cerro-castillo-2-1_optimized-1-300x169.jpeg 300w, https:\/\/radiorevelacionfm.cl\/wp-content\/uploads\/2025\/08\/villa-cerro-castillo-2-1_optimized-1-1030x579.jpeg 1030w, https:\/\/radiorevelacionfm.cl\/wp-content\/uploads\/2025\/08\/villa-cerro-castillo-2-1_optimized-1-768x432.jpeg 768w, https:\/\/radiorevelacionfm.cl\/wp-content\/uploads\/2025\/08\/villa-cerro-castillo-2-1_optimized-1-705x396.jpeg 705w, https:\/\/radiorevelacionfm.cl\/wp-content\/uploads\/2025\/08\/villa-cerro-castillo-2-1_optimized-1-450x253.jpeg 450w, https:\/\/radiorevelacionfm.cl\/wp-content\/uploads\/2025\/08\/villa-cerro-castillo-2-1_optimized-1-600x337.jpeg 600w\" sizes=\"(max-width: 1067px) 100vw, 1067px\" \/><\/div><\/div><\/div><\/div><div class=\"flex_column av_one_full  flex_column_div av-zero-column-padding first  avia-builder-el-2  el_after_av_one_full  el_before_av_one_full  column-top-margin\" style='border-radius:0px; '><section class=\"av_textblock_section \"  itemscope=\"itemscope\" itemtype=\"https:\/\/schema.org\/BlogPosting\" itemprop=\"blogPost\" ><div class='avia_textblock  '   itemprop=\"text\" ><p style=\"text-align: center;\"><strong><span style=\"font-size: 18pt;\">Villa Cerro Castillo fue sede de una gran Plaza Ciudadana del Programa Gobierno en Terreno<\/span><\/strong><\/p>\n<div id=\"gtx-trans\" style=\"position: absolute; left: -50px; top: 4.31534px;\">\n<div class=\"gtx-trans-icon\"><\/div>\n<\/div>\n<\/div><\/section><\/div><div class=\"flex_column av_one_full  flex_column_div av-zero-column-padding first  avia-builder-el-4  el_after_av_one_full  el_before_av_hr  column-top-margin\" style='border-radius:0px; '><section class=\"av_textblock_section \"  itemscope=\"itemscope\" itemtype=\"https:\/\/schema.org\/BlogPosting\" itemprop=\"blogPost\" ><div class='avia_textblock  '   itemprop=\"text\" ><p style=\"text-align: justify;\"><em>Con una alta convocatoria vecinal y la presencia de Seremis, servicios p\u00fablicos y autoridades regionales, la localidad vivi\u00f3 una jornada de atenci\u00f3n directa a la comunidad.<\/em><\/p>\n<p style=\"text-align: justify;\">Una importante jornada de participaci\u00f3n ciudadana se vivi\u00f3 en Villa Cerro Castillo, donde m\u00e1s de 50 vecinos y vecinas asistieron a la Plaza Ciudadana del Programa Gobierno en Terreno, instancia organizada por la Delegaci\u00f3n Presidencial Provincial de General Carrera y realizada en la sede comunitaria de la localidad.<\/p>\n<p style=\"text-align: justify;\">La actividad cont\u00f3 con la presencia del Delegado Presidencial Regional de Ays\u00e9n, Jorge D\u00edaz Guzm\u00e1n, as\u00ed como con la participaci\u00f3n de varios Seremis y servicios p\u00fablicos. Estos fueron convocados en respuesta a una avanzada previa en la que la comunidad defini\u00f3 sus principales necesidades.<\/p>\n<p style=\"text-align: justify;\">\u00abEstamos viviendo una exitosa jornada de Gobierno en Terreno, de esta Plaza Ciudadana aqu\u00ed en Villa Cerro Castillo, con una alta participaci\u00f3n de la comunidad que es lo que nosotros esperamos y lo que nos satisface de este tipo de actividades\u00bb, se\u00f1al\u00f3 el Delegado Presidencial Provincial de General Carrera, Crist\u00f3bal Barcel\u00f3.<\/p>\n<p style=\"text-align: justify;\">Barcel\u00f3 destac\u00f3 adem\u00e1s que \u201cla atenci\u00f3n que se realiza aqu\u00ed por parte de los servicios a la comunidad son atenciones con soluciones inmediatas, pero en caso de no contar con una respuesta en el momento, son los mismos servicios o nosotros como equipo de Gobierno en Terreno quienes levantamos este requerimiento y los llevamos a los sectores que correspondan para dar una pronta respuesta. Esto es parte del compromiso del Gobierno del Presidente Gabriel Boric Font con las comunidades, con estar en los territorios y con la descentralizaci\u00f3n\u201d.<\/p>\n<p style=\"text-align: justify;\">La planificaci\u00f3n estrat\u00e9gica detr\u00e1s de esta jornada busca precisamente acercar el Estado a sectores apartados, donde el traslado a centros urbanos implica largas distancias y costos. As\u00ed lo destac\u00f3 Francisca Calder\u00f3n, Delegada Municipal de R\u00edo Ib\u00e1\u00f1ez en Villa Cerro Castillo: \u201cSin duda, es un apoyo tremendo para toda nuestra localidad, para todos nuestros vecinos que hoy d\u00eda no pueden tener la disponibilidad de concurrir a la ciudad a hacer sus tr\u00e1mites, y la importancia de tenerlos hoy en d\u00eda en terreno facilita a los mismos vecinos. Netamente agradecemos la disponibilidad y que est\u00e9n ac\u00e1 en Cerro Castillo y el trabajo que se ha hecho en colaboraci\u00f3n entre Municipalidad, Junta de Vecinos y Delegaci\u00f3n\u201d.<\/p>\n<p style=\"text-align: justify;\">Esta jornada fue tambi\u00e9n valorada por los propios vecinos. Nibaldo Calder\u00f3n, residente de Villa Cerro Castillo, coment\u00f3 que \u201ces interesante tener a todas nuestras autoridades aqu\u00ed en Castillo. Tengo una muy buena noticia\u201d con el caso que consult\u00f3. Agreg\u00f3 que \u201ca pesar de que tenemos locomoci\u00f3n a Coyhaique, es buen\u00edsimo tenerlos presentes en nuestros pueblos. Especialmente en Cerro Castillo da gusto que haya gente consultando, toda la gente muy amable. Yo ya hice las consultas, demor\u00e9 cinco minutos y ya me voy con una respuesta para mi casa\u201d.<\/p>\n<p style=\"text-align: justify;\">La Delegaci\u00f3n Presidencial Provincial asumir\u00e1 el seguimiento de los requerimientos levantados durante esta jornada, reafirmando su compromiso con la atenci\u00f3n directa, la equidad territorial y la respuesta efectiva a las necesidades ciudadanas.<\/p>\n<\/div><\/section><\/div><div  style='height:50px' class='hr hr-invisible   avia-builder-el-6  el_after_av_one_full  el_before_av_social_share '><span class='hr-inner ' ><span class='hr-inner-style'><\/span><\/span><\/div><\/p>\n<div  class='av-social-sharing-box  avia-builder-el-7  el_after_av_hr  el_before_av_hr  '><div class='av-share-box'><h5 class='av-share-link-description av-no-toc '>Compartir esta noticia<\/h5><ul class='av-share-box-list noLightbox'><li class='av-share-link av-social-link-facebook' ><a target=\"_blank\" aria-label=\"Compartir en Facebook\" href='https:\/\/www.facebook.com\/sharer.php?u=https:\/\/radiorevelacionfm.cl\/?p=57292&#038;t=Villa%20Cerro%20Castillo%20fue%20sede%20de%20una%20gran%20Plaza%20Ciudadana%20del%20Programa%20Gobierno%20en%20Terreno' aria-hidden='false' data-av_icon='\ue8f3' data-av_iconfont='entypo-fontello' title='' data-avia-related-tooltip='Compartir en Facebook' rel=\"noopener\"><span class='avia_hidden_link_text'>Compartir en Facebook<\/span><\/a><\/li><li class='av-share-link av-social-link-twitter' ><a target=\"_blank\" aria-label=\"Compartir en Twitter\" href='https:\/\/twitter.com\/share?text=Villa%20Cerro%20Castillo%20fue%20sede%20de%20una%20gran%20Plaza%20Ciudadana%20del%20Programa%20Gobierno%20en%20Terreno&#038;url=https:\/\/radiorevelacionfm.cl\/?p=57292' aria-hidden='false' data-av_icon='\ue8f1' data-av_iconfont='entypo-fontello' title='' data-avia-related-tooltip='Compartir en Twitter' rel=\"noopener\"><span class='avia_hidden_link_text'>Compartir en Twitter<\/span><\/a><\/li><li class='av-share-link av-social-link-whatsapp' ><a target=\"_blank\" aria-label=\"Compartir en Whatsapp\" href='https:\/\/api.whatsapp.com\/send?text=https:\/\/radiorevelacionfm.cl\/?p=57292' aria-hidden='false' data-av_icon='\uf232' data-av_iconfont='entypo-fontello' title='' data-avia-related-tooltip='Compartir en Whatsapp' rel=\"noopener\"><span class='avia_hidden_link_text'>Compartir en Whatsapp<\/span><\/a><\/li><li class='av-share-link av-social-link-linkedin' ><a target=\"_blank\" aria-label=\"Compartir en LinkedIn\" href='https:\/\/linkedin.com\/shareArticle?mini=true&#038;title=Villa%20Cerro%20Castillo%20fue%20sede%20de%20una%20gran%20Plaza%20Ciudadana%20del%20Programa%20Gobierno%20en%20Terreno&#038;url=https:\/\/radiorevelacionfm.cl\/?p=57292' aria-hidden='false' data-av_icon='\ue8fc' data-av_iconfont='entypo-fontello' title='' data-avia-related-tooltip='Compartir en LinkedIn' rel=\"noopener\"><span class='avia_hidden_link_text'>Compartir en LinkedIn<\/span><\/a><\/li><li class='av-share-link av-social-link-mail' ><a  aria-label=\"Compartir por correo\" href='mailto:?subject=Villa%20Cerro%20Castillo%20fue%20sede%20de%20una%20gran%20Plaza%20Ciudadana%20del%20Programa%20Gobierno%20en%20Terreno&#038;body=https:\/\/radiorevelacionfm.cl\/?p=57292' aria-hidden='false' data-av_icon='\ue805' data-av_iconfont='entypo-fontello' title='' data-avia-related-tooltip='Compartir por correo'><span class='avia_hidden_link_text'>Compartir por correo<\/span><\/a><\/li><\/ul><\/div><\/div>\n<div  style='height:50px' class='hr hr-invisible   avia-builder-el-8  el_after_av_social_share  el_before_av_comments_list '><span class='hr-inner ' ><span class='hr-inner-style'><\/span><\/span><\/div>\n<div  class='av-buildercomment  av-blog-meta-html-info-disabled av-blog-meta-tag-disabled  '><\/div>\n","protected":false},"excerpt":{"rendered":"","protected":false},"author":1,"featured_media":57293,"comment_status":"closed","ping_status":"closed","sticky":false,"template":"","format":"standard","meta":{"footnotes":""},"categories":[38],"tags":[],"class_list":["post-57292","post","type-post","status-publish","format-standard","has-post-thumbnail","hentry","category-regional"],"jetpack_featured_media_url":"https:\/\/radiorevelacionfm.cl\/wp-content\/uploads\/2025\/08\/villa-cerro-castillo-2-1_optimized-1.jpeg","_links":{"self":[{"href":"https:\/\/radiorevelacionfm.cl\/index.php?rest_route=\/wp\/v2\/posts\/57292","targetHints":{"allow":["GET"]}}],"collection":[{"href":"https:\/\/radiorevelacionfm.cl\/index.php?rest_route=\/wp\/v2\/posts"}],"about":[{"href":"https:\/\/radiorevelacionfm.cl\/index.php?rest_route=\/wp\/v2\/types\/post"}],"author":[{"embeddable":true,"href":"https:\/\/radiorevelacionfm.cl\/index.php?rest_route=\/wp\/v2\/users\/1"}],"replies":[{"embeddable":true,"href":"https:\/\/radiorevelacionfm.cl\/index.php?rest_route=%2Fwp%2Fv2%2Fcomments&post=57292"}],"version-history":[{"count":2,"href":"https:\/\/radiorevelacionfm.cl\/index.php?rest_route=\/wp\/v2\/posts\/57292\/revisions"}],"predecessor-version":[{"id":57303,"href":"https:\/\/radiorevelacionfm.cl\/index.php?rest_route=\/wp\/v2\/posts\/57292\/revisions\/57303"}],"wp:featuredmedia":[{"embeddable":true,"href":"https:\/\/radiorevelacionfm.cl\/index.php?rest_route=\/wp\/v2\/media\/57293"}],"wp:attachment":[{"href":"https:\/\/radiorevelacionfm.cl\/index.php?rest_route=%2Fwp%2Fv2%2Fmedia&parent=57292"}],"wp:term":[{"taxonomy":"category","embeddable":true,"href":"https:\/\/radiorevelacionfm.cl\/index.php?rest_route=%2Fwp%2Fv2%2Fcategories&post=57292"},{"taxonomy":"post_tag","embeddable":true,"href":"https:\/\/radiorevelacionfm.cl\/index.php?rest_route=%2Fwp%2Fv2%2Ftags&post=57292"}],"curies":[{"name":"wp","href":"https:\/\/api.w.org\/{rel}","templated":true}]}}