{"id":5729,"date":"2021-06-29T18:46:21","date_gmt":"2021-06-29T21:46:21","guid":{"rendered":"https:\/\/radiorevelacionfm.cl\/?p=5729"},"modified":"2021-06-29T18:46:21","modified_gmt":"2021-06-29T21:46:21","slug":"mas-de-300-empleos-tiene-disponible-la-feria-laboral-en-linea-de-aysen-aquihayofertas","status":"publish","type":"post","link":"https:\/\/radiorevelacionfm.cl\/?p=5729","title":{"rendered":"M\u00e1s de 300 empleos tiene disponible la Feria Laboral en L\u00ednea de Ays\u00e9n #Aqu\u00edHayOfertas"},"content":{"rendered":"<div class=\"flex_column av_one_full  flex_column_div av-zero-column-padding first  avia-builder-el-0  el_before_av_one_full  avia-builder-el-first  \" style='border-radius:0px; '><div  class='avia-image-container  av-styling-    avia-builder-el-1  avia-builder-el-no-sibling  avia-align-center '  itemprop=\"image\" itemscope=\"itemscope\" itemtype=\"https:\/\/schema.org\/ImageObject\"  ><div class='avia-image-container-inner'><div class='avia-image-overlay-wrap'><img decoding=\"async\" class='wp-image-0 avia-img-lazy-loading-not-0 avia_image' src=\"https:\/\/radiorevelacionfm.cl\/wp-content\/uploads\/2021\/06\/FeriaLab_SenceAysen-22-1-1.jpg\" alt='' title=''   itemprop=\"thumbnailUrl\"  \/><\/div><\/div><\/div><\/div><div class=\"flex_column av_one_full  flex_column_div av-zero-column-padding first  avia-builder-el-2  el_after_av_one_full  el_before_av_one_full  column-top-margin\" style='border-radius:0px; '><section class=\"av_textblock_section \"  itemscope=\"itemscope\" itemtype=\"https:\/\/schema.org\/BlogPosting\" itemprop=\"blogPost\" ><div class='avia_textblock  '   itemprop=\"text\" ><p style=\"text-align: center;\"><span style=\"font-size: 18pt;\"><b><span lang=\"ES\">M\u00e1s de 300 empleos tiene disponible la Feria Laboral en L\u00ednea de Ays\u00e9n #Aqu\u00edHayOfertas<\/span><\/b><\/span><\/p>\n<div id=\"gtx-trans\" style=\"position: absolute; left: -50px; top: 4.31534px;\">\n<div class=\"gtx-trans-icon\"><\/div>\n<\/div>\n<\/div><\/section><\/div><div class=\"flex_column av_one_full  flex_column_div av-zero-column-padding first  avia-builder-el-4  el_after_av_one_full  el_before_av_hr  column-top-margin\" style='border-radius:0px; '><section class=\"av_textblock_section \"  itemscope=\"itemscope\" itemtype=\"https:\/\/schema.org\/BlogPosting\" itemprop=\"blogPost\" ><div class='avia_textblock  '   itemprop=\"text\" ><div>\n<p class=\"v1MsoNormal\" style=\"text-align: justify;\"><span lang=\"ES-TRAD\">A partir de este martes 29 y hasta el viernes 02 de julio estar\u00e1 disponible la Feria Laboral Virtual \u00ab#Aqu\u00edHayOfertas\u00bb del Servicio Nacional de Capacitaci\u00f3n y Empleo, Sence, en colaboraci\u00f3n con la Bolsa Nacional de Empleo y que ser\u00e1 ejecutada a trav\u00e9s de la plataforma de la BNE.cl. La iniciativa cuenta con ofertas laborales de 13 empresas regionales, con la idea de crear oportunidades laborales y apoyar la reactivaci\u00f3n econ\u00f3mica con m\u00e1s de 300 puestos para la Regi\u00f3n de Ays\u00e9n.<\/span><\/p>\n<p class=\"v1MsoNormal\" style=\"text-align: justify;\"><span lang=\"ES-TRAD\">Con un punto de prensa y una transmisi\u00f3n en el canal de Youtube del SENCE Chile, se llev\u00f3 a cabo el lanzamiento de esta Feria Laboral en L\u00ednea en donde se entreg\u00f3 la informaci\u00f3n sobre las vacantes existentes y c\u00f3mo postular, teniendo en cuenta que comenz\u00f3 hoy, martes 29 de junio, y estar\u00e1 disponible hasta las 23:59 hrs. del viernes 02 de julio. Los usuarios ya pueden crear su cuenta e ingresar su curriculum en\u00a0<\/span><span lang=\"ES-CL\"><a href=\"https:\/\/www.bne.cl\/postulantes\/login\" target=\"_blank\" rel=\"noopener noreferrer\">https:\/\/www.bne.cl\/postulantes\/login<\/a><\/span><span class=\"v1gmail-MsoHyperlink\"><span lang=\"ES-CL\">.<\/span><\/span><span lang=\"ES-CL\">\u00a0<\/span><\/p>\n<p class=\"v1MsoNormal\" style=\"text-align: justify;\"><span lang=\"ES-TRAD\">La directora regional del SENCE Ays\u00e9n, Katherine Kingma, afirm\u00f3 que \u00abQueremos invitarlos a postular desde hoy hasta el d\u00eda viernes, a nuestra Feria de laboral\u00a0<\/span><span lang=\"ES-CL\"><a href=\"http:\/\/www.sence.cl\/\" target=\"_blank\" rel=\"noopener noreferrer\"><span lang=\"ES-TRAD\">www.sence.cl<\/span><\/a><\/span><span lang=\"ES-TRAD\">\u00a0ah\u00ed encontrar\u00e1n un link, Feria Laboral, cliquean ah\u00ed y van aparecer inmediatamente todas las empresas de la regi\u00f3n que est\u00e1n ofreciendo cupos, que en este minuto son 319 los cupos que se est\u00e1n ofreciendo en las p\u00e1ginas. Asique invitarlos a postular, hay en todas las \u00e1reas, pesca, construcci\u00f3n, comercio, profesionales, t\u00e9cnicos, para personas que no tengan ning\u00fan tipo de especializaci\u00f3n, tambi\u00e9n, est\u00e1n ah\u00ed los cupos laborales para todo el que lo requiera, hasta el d\u00eda viernes, entonces a postular\u00bb se\u00f1al\u00f3 la directora regional.<\/span><\/p>\n<p class=\"v1MsoNormal\" style=\"text-align: justify;\"><span lang=\"ES-TRAD\">Tal como mencion\u00f3 Kingma, las ofertas para la Regi\u00f3n de Ays\u00e9n incluyen oportunidades en las \u00e1reas de salmonicultura, construcci\u00f3n, recursos humanos, servicios, log\u00edstica, entre otros rubros. Algunos de los perfiles de empleo que se pueden encontrar en esta feria son jefes de terreno, operarios, bodegueros, Ingenieros e ingenieras electricistas, Prevencionista de riesgo, entre muchos m\u00e1s.<\/span><\/p>\n<p class=\"v1MsoNormal\" style=\"text-align: justify;\"><span lang=\"ES-TRAD\">Para la titular de la cartera del Trabajo y Previsi\u00f3n Social de la Regi\u00f3n de Ays\u00e9n, Andrea Ponce, la Feria Laboral es una gran oportunidad para poder encontrar un trabajo, \u00abLa pandemia nos afect\u00f3 en salud y en materia laboral, es por ello que nosotros con Sence de la Regi\u00f3n de Ays\u00e9n y la Multigremial, los empleadores, estamos buscando las formas de entregar empleo, de apoyar la reactivaci\u00f3n econ\u00f3mica, son m\u00e1s de 319 puestos de trabajo en distintas \u00e1reas. Por lo tanto, es una buena instancia para postular\u00bb.<\/span><\/p>\n<p class=\"v1MsoNormal\" style=\"text-align: justify;\"><span lang=\"ES-TRAD\">La autoridad recalc\u00f3 la compatibilidad con los subsidios que entrega el Gobierno, \u00abEsto no afectar\u00e1 a las personas que est\u00e1n postulando al Ingreso Familiar de Emergencia, IFE Universal, no tenga susto de postular pensando que ese beneficio se le va a quitar, no es as\u00ed. Por otra parte, tenemos Subsidios al Empleo, que est\u00e1n absolutamente vigentes y que se tramitan a trav\u00e9s de Sence, en\u00a0<\/span><span lang=\"ES-CL\"><a href=\"http:\/\/www.subsidioalempleo.cl\/\" target=\"_blank\" rel=\"noopener noreferrer\"><span lang=\"ES-TRAD\">www.subsidioalempleo.cl<\/span><\/a><\/span><span lang=\"ES-TRAD\">, a los cuales podr\u00e1n postular tanto empleadores como trabajadores: si una persona encuentra hoy un trabajo, podr\u00e1 postular al Subsidio al Nuevo Empleo, y \u00e9se lo tramita directamente el trabajador, recibiendo $50 mil mensuales hasta por 6 meses o $70 mil en el caso en que sean mujeres, personas con discapacidad o j\u00f3venes entre 18 y 24 a\u00f1os. Por otra parte, las mujeres trabajadoras que tengan hijos\/as menores de 2 a\u00f1os pueden postular tambi\u00e9n al Subsidio Protege, que le dar\u00e1 la tranquilidad de contar con $200 mil mensuales para el cuidado de sus hijos, en una sala cuna particular o para que alguien se la cuide en su domicilio y adem\u00e1s los empleadores podr\u00e1n postular al Subsidio Contrata, que es un subsidio que busca entregar parte de la remuneraci\u00f3n de ese nuevo trabajador contratado, entregando $250 mil mensuales como tope, hasta por 6 meses o $290 mil en el caso en que la contrataci\u00f3n sean de mujeres, personas con discapacidad o j\u00f3venes entre 18 y 24 a\u00f1os. \u00bfPor qu\u00e9 un apoyo extra a las mujeres? porque las mujeres han sido uno de los grupos m\u00e1s golpeados en esta pandemia, teniendo muchas veces que renunciar para cuidar a sus hijos, debido a la alerta sanitaria. Por tanto, la invitaci\u00f3n es a tener las ganas de un nuevo trabajo y postular\u00bb, afirm\u00f3 la Seremi Andrea Ponce.<\/span><\/p>\n<p class=\"v1MsoNormal\" style=\"text-align: justify;\"><span lang=\"ES-TRAD\">Por su parte, el presidente de la Corporaci\u00f3n Multigremial de Ays\u00e9n, Eladio Mu\u00f1oz, valor\u00f3 la alianza p\u00fablico privada para entregar empleos en la regi\u00f3n, \u00abHoy celebramos esta alianza p\u00fablico privada, muy importante para los tiempos que estamos viviendo, y hacemos un llamado, una invitaci\u00f3n a todos los trabajadores y trabajadoras para que postulen. Lo que se est\u00e1n ofreciendo son trabajos permanentes, estables y hoy d\u00eda las empresas han tomado todos los cuidados necesarios, seg\u00fan la exigencia sanitaria\u00bb, afirm\u00f3 el dirigente gremial.<\/span><\/p>\n<p class=\"v1MsoNormal\" style=\"text-align: justify;\"><span lang=\"ES-TRAD\">La idea de este proceso es realizarlo todo sin necesidad de salir de casa, ya que la postulaci\u00f3n, la selecci\u00f3n, y el reclutamiento ser\u00e1n completamente en l\u00ednea.<\/span><\/p>\n<p class=\"v1MsoNormal\" style=\"text-align: justify;\"><b><u><span lang=\"ES-TRAD\">\u00bfC\u00f3mo postular?<\/span><\/u><\/b><\/p>\n<p class=\"v1MsoNormal\" style=\"text-align: justify;\"><span lang=\"ES-TRAD\">Los interesados deben tener una cuenta en BNE.cl. Quienes tengan que crearse una deben ingresar al sitio de la plataforma\u00a0<\/span><span lang=\"ES-CL\"><a href=\"https:\/\/www.bne.cl\/registro\/clave\" target=\"_blank\" rel=\"noopener noreferrer\"><span lang=\"ES-TRAD\">https:\/\/www.bne.cl\/registro\/clave<\/span><\/a><\/span><span lang=\"ES-TRAD\">\u00a0o a\u00a0<\/span><span lang=\"ES-CL\"><a href=\"https:\/\/www.bne.cl\/feria-laboral\/region-de-Aysen\" target=\"_blank\" rel=\"noopener noreferrer\"><span lang=\"ES-TRAD\">https:\/\/www.bne.cl\/feria-laboral\/region-de-Aysen<\/span><\/a><\/span><span lang=\"ES-TRAD\">\u00a0y completar todos los datos solicitados para contar con un buen curr\u00edculum, que es el documento que se usar\u00e1 para las postulaciones de esta feria.<\/span><\/p>\n<p class=\"v1MsoNormal\" style=\"text-align: justify;\"><span lang=\"ES-TRAD\">Sence ofrece la opci\u00f3n de aprender y mejorar la empleabilidad con las herramientas desarrolladas en el sitio Web\u00a0<\/span><span lang=\"ES-CL\"><a href=\"https:\/\/www.sence.gob.cl\/personas\/orientacion-laboral.html\" target=\"_blank\" rel=\"noopener noreferrer\">https:\/\/www.sence.gob.cl\/personas\/orientacion-laboral.html<\/a><\/span><span lang=\"ES-TRAD\">, especialmente con la orientaci\u00f3n laboral 100% en l\u00ednea,\u00a0 en donde podr\u00e1s conocer diferentes recursos y materiales preparados por orientadores laborales que te ayudar\u00e1n en distintos temas como armar un buen curriculum o c\u00f3mo enfrentar una entrevista, entre otros. Adem\u00e1s, en el Facebook de Sence Ays\u00e9n las personas podr\u00e1n encontrar talleres en l\u00ednea de creaci\u00f3n de curr\u00edculum y apresto laboral o de preparaci\u00f3n ante una entrevista de trabajo.<\/span><\/p>\n<p class=\"v1MsoNormal\" style=\"text-align: justify;\"><span lang=\"ES-TRAD\">Cabe destacar que para quienes no cuenten con computador y deseen inscribirse en las vacantes laborales, pueden acercarse a las Oficinas de Intermediaci\u00f3n Laboral (OMIL) de las Municipalidades, en donde los funcionarios de las distintas OMIL guiar\u00e1n a los usuarios\/as en el proceso de postulaci\u00f3n a la Feria Laboral en L\u00ednea de la Regi\u00f3n de Ays\u00e9n.\u00a0<\/span><\/p>\n<\/div>\n<div style=\"text-align: justify;\"><\/div>\n<\/div><\/section><\/div><div  style='height:50px' class='hr hr-invisible   avia-builder-el-6  el_after_av_one_full  el_before_av_social_share '><span class='hr-inner ' ><span class='hr-inner-style'><\/span><\/span><\/div><\/p>\n<div  class='av-social-sharing-box  avia-builder-el-7  el_after_av_hr  el_before_av_hr  '><div class='av-share-box'><h5 class='av-share-link-description av-no-toc '>Compartir esta noticia<\/h5><ul class='av-share-box-list noLightbox'><li class='av-share-link av-social-link-facebook' ><a target=\"_blank\" aria-label=\"Compartir en Facebook\" href='https:\/\/www.facebook.com\/sharer.php?u=https:\/\/radiorevelacionfm.cl\/?p=5729&#038;t=M%C3%A1s%20de%20300%20empleos%20tiene%20disponible%20la%20Feria%20Laboral%20en%20L%C3%ADnea%20de%20Ays%C3%A9n%20%23Aqu%C3%ADHayOfertas' aria-hidden='false' data-av_icon='\ue8f3' data-av_iconfont='entypo-fontello' title='' data-avia-related-tooltip='Compartir en Facebook' rel=\"noopener\"><span class='avia_hidden_link_text'>Compartir en Facebook<\/span><\/a><\/li><li class='av-share-link av-social-link-twitter' ><a target=\"_blank\" aria-label=\"Compartir en Twitter\" href='https:\/\/twitter.com\/share?text=M%C3%A1s%20de%20300%20empleos%20tiene%20disponible%20la%20Feria%20Laboral%20en%20L%C3%ADnea%20de%20Ays%C3%A9n%20%23Aqu%C3%ADHayOfertas&#038;url=https:\/\/radiorevelacionfm.cl\/?p=5729' aria-hidden='false' data-av_icon='\ue8f1' data-av_iconfont='entypo-fontello' title='' data-avia-related-tooltip='Compartir en Twitter' rel=\"noopener\"><span class='avia_hidden_link_text'>Compartir en Twitter<\/span><\/a><\/li><li class='av-share-link av-social-link-whatsapp' ><a target=\"_blank\" aria-label=\"Compartir en Whatsapp\" href='https:\/\/api.whatsapp.com\/send?text=https:\/\/radiorevelacionfm.cl\/?p=5729' aria-hidden='false' data-av_icon='\uf232' data-av_iconfont='entypo-fontello' title='' data-avia-related-tooltip='Compartir en Whatsapp' rel=\"noopener\"><span class='avia_hidden_link_text'>Compartir en Whatsapp<\/span><\/a><\/li><li class='av-share-link av-social-link-linkedin' ><a target=\"_blank\" aria-label=\"Compartir en LinkedIn\" href='https:\/\/linkedin.com\/shareArticle?mini=true&#038;title=M%C3%A1s%20de%20300%20empleos%20tiene%20disponible%20la%20Feria%20Laboral%20en%20L%C3%ADnea%20de%20Ays%C3%A9n%20%23Aqu%C3%ADHayOfertas&#038;url=https:\/\/radiorevelacionfm.cl\/?p=5729' aria-hidden='false' data-av_icon='\ue8fc' data-av_iconfont='entypo-fontello' title='' data-avia-related-tooltip='Compartir en LinkedIn' rel=\"noopener\"><span class='avia_hidden_link_text'>Compartir en LinkedIn<\/span><\/a><\/li><li class='av-share-link av-social-link-mail' ><a  aria-label=\"Compartir por correo\" href='mailto:?subject=M%C3%A1s%20de%20300%20empleos%20tiene%20disponible%20la%20Feria%20Laboral%20en%20L%C3%ADnea%20de%20Ays%C3%A9n%20%23Aqu%C3%ADHayOfertas&#038;body=https:\/\/radiorevelacionfm.cl\/?p=5729' aria-hidden='false' data-av_icon='\ue805' data-av_iconfont='entypo-fontello' title='' data-avia-related-tooltip='Compartir por correo'><span class='avia_hidden_link_text'>Compartir por correo<\/span><\/a><\/li><\/ul><\/div><\/div>\n<div  style='height:50px' class='hr hr-invisible   avia-builder-el-8  el_after_av_social_share  el_before_av_comments_list '><span class='hr-inner ' ><span class='hr-inner-style'><\/span><\/span><\/div>\n<div  class='av-buildercomment  av-blog-meta-html-info-disabled av-blog-meta-tag-disabled  '><\/div>\n","protected":false},"excerpt":{"rendered":"","protected":false},"author":1,"featured_media":0,"comment_status":"open","ping_status":"open","sticky":false,"template":"","format":"standard","meta":{"footnotes":""},"categories":[56],"tags":[],"class_list":["post-5729","post","type-post","status-publish","format-standard","hentry","category-trabajo"],"jetpack_featured_media_url":"","_links":{"self":[{"href":"https:\/\/radiorevelacionfm.cl\/index.php?rest_route=\/wp\/v2\/posts\/5729","targetHints":{"allow":["GET"]}}],"collection":[{"href":"https:\/\/radiorevelacionfm.cl\/index.php?rest_route=\/wp\/v2\/posts"}],"about":[{"href":"https:\/\/radiorevelacionfm.cl\/index.php?rest_route=\/wp\/v2\/types\/post"}],"author":[{"embeddable":true,"href":"https:\/\/radiorevelacionfm.cl\/index.php?rest_route=\/wp\/v2\/users\/1"}],"replies":[{"embeddable":true,"href":"https:\/\/radiorevelacionfm.cl\/index.php?rest_route=%2Fwp%2Fv2%2Fcomments&post=5729"}],"version-history":[{"count":1,"href":"https:\/\/radiorevelacionfm.cl\/index.php?rest_route=\/wp\/v2\/posts\/5729\/revisions"}],"predecessor-version":[{"id":5731,"href":"https:\/\/radiorevelacionfm.cl\/index.php?rest_route=\/wp\/v2\/posts\/5729\/revisions\/5731"}],"wp:attachment":[{"href":"https:\/\/radiorevelacionfm.cl\/index.php?rest_route=%2Fwp%2Fv2%2Fmedia&parent=5729"}],"wp:term":[{"taxonomy":"category","embeddable":true,"href":"https:\/\/radiorevelacionfm.cl\/index.php?rest_route=%2Fwp%2Fv2%2Fcategories&post=5729"},{"taxonomy":"post_tag","embeddable":true,"href":"https:\/\/radiorevelacionfm.cl\/index.php?rest_route=%2Fwp%2Fv2%2Ftags&post=5729"}],"curies":[{"name":"wp","href":"https:\/\/api.w.org\/{rel}","templated":true}]}}