{"id":57282,"date":"2025-08-04T10:58:39","date_gmt":"2025-08-04T13:58:39","guid":{"rendered":"https:\/\/radiorevelacionfm.cl\/?p=57282"},"modified":"2025-08-04T10:58:39","modified_gmt":"2025-08-04T13:58:39","slug":"uso-de-celulares-en-colegios-silenciar-la-senal-o-educar-en-la-era-digital","status":"publish","type":"post","link":"https:\/\/radiorevelacionfm.cl\/?p=57282","title":{"rendered":"Uso de celulares en colegios: \u00bfSilenciar la se\u00f1al o educar en la era digital?"},"content":{"rendered":"<div class=\"flex_column av_one_full  flex_column_div av-zero-column-padding first  avia-builder-el-0  el_before_av_one_full  avia-builder-el-first  \" style='border-radius:0px; '><div  class='avia-image-container  av-styling-    avia-builder-el-1  avia-builder-el-no-sibling  avia-align-center '  itemprop=\"image\" itemscope=\"itemscope\" itemtype=\"https:\/\/schema.org\/ImageObject\"  ><div class='avia-image-container-inner'><div class='avia-image-overlay-wrap'><img decoding=\"async\" class='wp-image-57283 avia-img-lazy-loading-not-57283 avia_image' src=\"https:\/\/radiorevelacionfm.cl\/wp-content\/uploads\/2025\/08\/image-242-1024x573-1-1.jpg\" alt='' title='image-242-1024x573 (1) (1)' height=\"600\" width=\"1072\"  itemprop=\"thumbnailUrl\" srcset=\"https:\/\/radiorevelacionfm.cl\/wp-content\/uploads\/2025\/08\/image-242-1024x573-1-1.jpg 1072w, https:\/\/radiorevelacionfm.cl\/wp-content\/uploads\/2025\/08\/image-242-1024x573-1-1-300x168.jpg 300w, https:\/\/radiorevelacionfm.cl\/wp-content\/uploads\/2025\/08\/image-242-1024x573-1-1-1030x576.jpg 1030w, https:\/\/radiorevelacionfm.cl\/wp-content\/uploads\/2025\/08\/image-242-1024x573-1-1-768x430.jpg 768w, https:\/\/radiorevelacionfm.cl\/wp-content\/uploads\/2025\/08\/image-242-1024x573-1-1-705x395.jpg 705w, https:\/\/radiorevelacionfm.cl\/wp-content\/uploads\/2025\/08\/image-242-1024x573-1-1-450x252.jpg 450w, https:\/\/radiorevelacionfm.cl\/wp-content\/uploads\/2025\/08\/image-242-1024x573-1-1-600x336.jpg 600w\" sizes=\"(max-width: 1072px) 100vw, 1072px\" \/><\/div><\/div><\/div><\/div><div class=\"flex_column av_one_full  flex_column_div av-zero-column-padding first  avia-builder-el-2  el_after_av_one_full  el_before_av_one_full  column-top-margin\" style='border-radius:0px; '><section class=\"av_textblock_section \"  itemscope=\"itemscope\" itemtype=\"https:\/\/schema.org\/BlogPosting\" itemprop=\"blogPost\" ><div class='avia_textblock  '   itemprop=\"text\" ><p style=\"text-align: center;\"><strong><span style=\"font-size: 18pt;\">Uso de celulares en colegios: \u00bfSilenciar la se\u00f1al o educar en la era digital?<\/span><\/strong><\/p>\n<div id=\"gtx-trans\" style=\"position: absolute; left: -50px; top: 4.31534px;\">\n<div class=\"gtx-trans-icon\"><\/div>\n<\/div>\n<\/div><\/section><\/div><div class=\"flex_column av_one_full  flex_column_div av-zero-column-padding first  avia-builder-el-4  el_after_av_one_full  el_before_av_hr  column-top-margin\" style='border-radius:0px; '><section class=\"av_textblock_section \"  itemscope=\"itemscope\" itemtype=\"https:\/\/schema.org\/BlogPosting\" itemprop=\"blogPost\" ><div class='avia_textblock  '   itemprop=\"text\" ><p style=\"text-align: justify;\"><em>Por Juan Pablo Catal\u00e1n, acad\u00e9mico e investigador Facultad de Educaci\u00f3n y Ciencias Sociales UNAB.<\/em><\/p>\n<p style=\"text-align: justify;\">En Lo Barnechea, la decisi\u00f3n de instalar inhibidores de se\u00f1al en los colegios para frenar el uso de celulares en clases abri\u00f3 un debate que cruza fronteras: \u00bfc\u00f3mo convivir con la tecnolog\u00eda en la escuela sin renunciar al aprendizaje profundo? \u00bfEs el silencio digital la respuesta o apenas un espejismo?<\/p>\n<p style=\"text-align: justify;\">Los datos son claros: <strong>UNESCO (2023)<\/strong> advierte que el uso excesivo de dispositivos m\u00f3viles en el aula puede reducir la calidad del aprendizaje hasta en un 25\u202f%. La <strong>OCDE (2022)<\/strong> confirma que la multitarea digital erosiona la concentraci\u00f3n y afecta el rendimiento acad\u00e9mico. Francia e Italia prohibieron los celulares en clases; Canad\u00e1 y Australia optaron por restricciones parciales acompa\u00f1adas de formaci\u00f3n. Pero ninguna de estas pol\u00edticas fue solo t\u00e9cnica: todas incorporaron di\u00e1logo y educaci\u00f3n digital. Aqu\u00ed est\u00e1 la clave: prohibir sin educar es, en el mejor de los casos, una soluci\u00f3n a medias.<\/p>\n<p style=\"text-align: justify;\">Porque el problema no es el aparato, sino la relaci\u00f3n que construimos con \u00e9l. El celular se ha vuelto compa\u00f1ero permanente, a veces sustituto de la conversaci\u00f3n, y las aulas no son inmunes a esa adicci\u00f3n silenciosa. No basta con bloquear la se\u00f1al si no ense\u00f1amos a regular el deseo de conexi\u00f3n. \u00bfPodemos formar ciudadanos cr\u00edticos desconect\u00e1ndolos por decreto? \u00bfQu\u00e9 pasar\u00e1 cuando vuelvan a encender el tel\u00e9fono fuera del colegio?<\/p>\n<p style=\"text-align: justify;\">El <strong>Mineduc (2024)<\/strong> ha sido prudente: recomienda limitar el uso no pedag\u00f3gico, pero evita la prohibici\u00f3n total. Y tiene sentido. La tarea educativa no consiste en clausurar, sino en abrir posibilidades. Alfabetizar digitalmente significa ense\u00f1ar a distinguir informaci\u00f3n, gestionar tiempos, asumir riesgos y oportunidades. Significa, en suma, dar herramientas para vivir en un mundo que no volver\u00e1 a ser anal\u00f3gico.<\/p>\n<p style=\"text-align: justify;\">El riesgo de la medida de Lo Barnechea es otro: profundizar la desigualdad. \u00bfQu\u00e9 pasa si comunas con recursos pueden aplicar estas soluciones y otras no? \u00bfTendremos escuelas libres de celulares y otras saturadas de pantallas? Las pol\u00edticas educativas no pueden depender del presupuesto local, sino del derecho a aprender en condiciones equitativas.<\/p>\n<p style=\"text-align: justify;\">Es comprensible la tentaci\u00f3n del control: el celular distrae, interrumpe, fragmenta la atenci\u00f3n. Pero la educaci\u00f3n nunca ha sido tarea de atajos t\u00e9cnicos. La pregunta que deber\u00edamos hacernos no es c\u00f3mo silenciar el tel\u00e9fono, sino c\u00f3mo formar a quienes lo usan. Porque prohibir es f\u00e1cil. Educar\u2026 ese es el verdadero desaf\u00edo.<\/p>\n<p style=\"text-align: justify;\">\u00bfQueremos una escuela que apague la se\u00f1al o una que encienda la conciencia digital?<\/p>\n<\/div><\/section><\/div><div  style='height:50px' class='hr hr-invisible   avia-builder-el-6  el_after_av_one_full  el_before_av_social_share '><span class='hr-inner ' ><span class='hr-inner-style'><\/span><\/span><\/div><\/p>\n<div  class='av-social-sharing-box  avia-builder-el-7  el_after_av_hr  el_before_av_hr  '><div class='av-share-box'><h5 class='av-share-link-description av-no-toc '>Compartir esta noticia<\/h5><ul class='av-share-box-list noLightbox'><li class='av-share-link av-social-link-facebook' ><a target=\"_blank\" aria-label=\"Compartir en Facebook\" href='https:\/\/www.facebook.com\/sharer.php?u=https:\/\/radiorevelacionfm.cl\/?p=57282&#038;t=Uso%20de%20celulares%20en%20colegios%3A%20%C2%BFSilenciar%20la%20se%C3%B1al%20o%20educar%20en%20la%20era%20digital%3F' aria-hidden='false' data-av_icon='\ue8f3' data-av_iconfont='entypo-fontello' title='' data-avia-related-tooltip='Compartir en Facebook' rel=\"noopener\"><span class='avia_hidden_link_text'>Compartir en Facebook<\/span><\/a><\/li><li class='av-share-link av-social-link-twitter' ><a target=\"_blank\" aria-label=\"Compartir en Twitter\" href='https:\/\/twitter.com\/share?text=Uso%20de%20celulares%20en%20colegios%3A%20%C2%BFSilenciar%20la%20se%C3%B1al%20o%20educar%20en%20la%20era%20digital%3F&#038;url=https:\/\/radiorevelacionfm.cl\/?p=57282' aria-hidden='false' data-av_icon='\ue8f1' data-av_iconfont='entypo-fontello' title='' data-avia-related-tooltip='Compartir en Twitter' rel=\"noopener\"><span class='avia_hidden_link_text'>Compartir en Twitter<\/span><\/a><\/li><li class='av-share-link av-social-link-whatsapp' ><a target=\"_blank\" aria-label=\"Compartir en Whatsapp\" href='https:\/\/api.whatsapp.com\/send?text=https:\/\/radiorevelacionfm.cl\/?p=57282' aria-hidden='false' data-av_icon='\uf232' data-av_iconfont='entypo-fontello' title='' data-avia-related-tooltip='Compartir en Whatsapp' rel=\"noopener\"><span class='avia_hidden_link_text'>Compartir en Whatsapp<\/span><\/a><\/li><li class='av-share-link av-social-link-linkedin' ><a target=\"_blank\" aria-label=\"Compartir en LinkedIn\" href='https:\/\/linkedin.com\/shareArticle?mini=true&#038;title=Uso%20de%20celulares%20en%20colegios%3A%20%C2%BFSilenciar%20la%20se%C3%B1al%20o%20educar%20en%20la%20era%20digital%3F&#038;url=https:\/\/radiorevelacionfm.cl\/?p=57282' aria-hidden='false' data-av_icon='\ue8fc' data-av_iconfont='entypo-fontello' title='' data-avia-related-tooltip='Compartir en LinkedIn' rel=\"noopener\"><span class='avia_hidden_link_text'>Compartir en LinkedIn<\/span><\/a><\/li><li class='av-share-link av-social-link-mail' ><a  aria-label=\"Compartir por correo\" href='mailto:?subject=Uso%20de%20celulares%20en%20colegios%3A%20%C2%BFSilenciar%20la%20se%C3%B1al%20o%20educar%20en%20la%20era%20digital%3F&#038;body=https:\/\/radiorevelacionfm.cl\/?p=57282' aria-hidden='false' data-av_icon='\ue805' data-av_iconfont='entypo-fontello' title='' data-avia-related-tooltip='Compartir por correo'><span class='avia_hidden_link_text'>Compartir por correo<\/span><\/a><\/li><\/ul><\/div><\/div>\n<div  style='height:50px' class='hr hr-invisible   avia-builder-el-8  el_after_av_social_share  el_before_av_comments_list '><span class='hr-inner ' ><span class='hr-inner-style'><\/span><\/span><\/div>\n<div  class='av-buildercomment  av-blog-meta-html-info-disabled av-blog-meta-tag-disabled  '><\/div>\n","protected":false},"excerpt":{"rendered":"","protected":false},"author":1,"featured_media":57283,"comment_status":"closed","ping_status":"closed","sticky":false,"template":"","format":"standard","meta":{"footnotes":""},"categories":[50],"tags":[],"class_list":["post-57282","post","type-post","status-publish","format-standard","has-post-thumbnail","hentry","category-cartas-y-opinion"],"jetpack_featured_media_url":"https:\/\/radiorevelacionfm.cl\/wp-content\/uploads\/2025\/08\/image-242-1024x573-1-1.jpg","_links":{"self":[{"href":"https:\/\/radiorevelacionfm.cl\/index.php?rest_route=\/wp\/v2\/posts\/57282","targetHints":{"allow":["GET"]}}],"collection":[{"href":"https:\/\/radiorevelacionfm.cl\/index.php?rest_route=\/wp\/v2\/posts"}],"about":[{"href":"https:\/\/radiorevelacionfm.cl\/index.php?rest_route=\/wp\/v2\/types\/post"}],"author":[{"embeddable":true,"href":"https:\/\/radiorevelacionfm.cl\/index.php?rest_route=\/wp\/v2\/users\/1"}],"replies":[{"embeddable":true,"href":"https:\/\/radiorevelacionfm.cl\/index.php?rest_route=%2Fwp%2Fv2%2Fcomments&post=57282"}],"version-history":[{"count":2,"href":"https:\/\/radiorevelacionfm.cl\/index.php?rest_route=\/wp\/v2\/posts\/57282\/revisions"}],"predecessor-version":[{"id":57288,"href":"https:\/\/radiorevelacionfm.cl\/index.php?rest_route=\/wp\/v2\/posts\/57282\/revisions\/57288"}],"wp:featuredmedia":[{"embeddable":true,"href":"https:\/\/radiorevelacionfm.cl\/index.php?rest_route=\/wp\/v2\/media\/57283"}],"wp:attachment":[{"href":"https:\/\/radiorevelacionfm.cl\/index.php?rest_route=%2Fwp%2Fv2%2Fmedia&parent=57282"}],"wp:term":[{"taxonomy":"category","embeddable":true,"href":"https:\/\/radiorevelacionfm.cl\/index.php?rest_route=%2Fwp%2Fv2%2Fcategories&post=57282"},{"taxonomy":"post_tag","embeddable":true,"href":"https:\/\/radiorevelacionfm.cl\/index.php?rest_route=%2Fwp%2Fv2%2Ftags&post=57282"}],"curies":[{"name":"wp","href":"https:\/\/api.w.org\/{rel}","templated":true}]}}