{"id":57274,"date":"2025-08-04T10:33:55","date_gmt":"2025-08-04T13:33:55","guid":{"rendered":"https:\/\/radiorevelacionfm.cl\/?p=57274"},"modified":"2025-08-04T10:33:55","modified_gmt":"2025-08-04T13:33:55","slug":"sandoval-llama-a-potenciar-iniciativas-que-promuevan-acceso-a-agua-potable-y-generacion-electrica-en-zona-rural-de-la-region","status":"publish","type":"post","link":"https:\/\/radiorevelacionfm.cl\/?p=57274","title":{"rendered":"Sandoval llama a potenciar iniciativas que promuevan acceso a agua potable y generaci\u00f3n el\u00e9ctrica en zona rural de la regi\u00f3n"},"content":{"rendered":"<div class=\"flex_column av_one_full  flex_column_div av-zero-column-padding first  avia-builder-el-0  el_before_av_one_full  avia-builder-el-first  \" style='border-radius:0px; '><div  class='avia-image-container  av-styling-    avia-builder-el-1  avia-builder-el-no-sibling  avia-align-center '  itemprop=\"image\" itemscope=\"itemscope\" itemtype=\"https:\/\/schema.org\/ImageObject\"  ><div class='avia-image-container-inner'><div class='avia-image-overlay-wrap'><img decoding=\"async\" class='wp-image-57275 avia-img-lazy-loading-not-57275 avia_image' src=\"https:\/\/radiorevelacionfm.cl\/wp-content\/uploads\/2025\/08\/visita-empresa-sih-1_optimized-1.jpg\" alt='' title='visita-empresa-sih-(1)_optimized (1)' height=\"600\" width=\"1012\"  itemprop=\"thumbnailUrl\" srcset=\"https:\/\/radiorevelacionfm.cl\/wp-content\/uploads\/2025\/08\/visita-empresa-sih-1_optimized-1.jpg 1012w, https:\/\/radiorevelacionfm.cl\/wp-content\/uploads\/2025\/08\/visita-empresa-sih-1_optimized-1-300x178.jpg 300w, https:\/\/radiorevelacionfm.cl\/wp-content\/uploads\/2025\/08\/visita-empresa-sih-1_optimized-1-768x455.jpg 768w, https:\/\/radiorevelacionfm.cl\/wp-content\/uploads\/2025\/08\/visita-empresa-sih-1_optimized-1-705x418.jpg 705w, https:\/\/radiorevelacionfm.cl\/wp-content\/uploads\/2025\/08\/visita-empresa-sih-1_optimized-1-450x267.jpg 450w, https:\/\/radiorevelacionfm.cl\/wp-content\/uploads\/2025\/08\/visita-empresa-sih-1_optimized-1-600x356.jpg 600w\" sizes=\"(max-width: 1012px) 100vw, 1012px\" \/><\/div><\/div><\/div><\/div><div class=\"flex_column av_one_full  flex_column_div av-zero-column-padding first  avia-builder-el-2  el_after_av_one_full  el_before_av_one_full  column-top-margin\" style='border-radius:0px; '><section class=\"av_textblock_section \"  itemscope=\"itemscope\" itemtype=\"https:\/\/schema.org\/BlogPosting\" itemprop=\"blogPost\" ><div class='avia_textblock  '   itemprop=\"text\" ><p style=\"text-align: center;\"><span style=\"font-size: 18pt;\"><strong>Sandoval llama a potenciar iniciativas que promuevan acceso a agua potable y generaci\u00f3n el\u00e9ctrica en zona rural de la regi\u00f3n <\/strong><\/span><\/p>\n<div id=\"gtx-trans\" style=\"position: absolute; left: -50px; top: 4.31534px;\">\n<div class=\"gtx-trans-icon\"><\/div>\n<\/div>\n<\/div><\/section><\/div><div class=\"flex_column av_one_full  flex_column_div av-zero-column-padding first  avia-builder-el-4  el_after_av_one_full  el_before_av_hr  column-top-margin\" style='border-radius:0px; '><section class=\"av_textblock_section \"  itemscope=\"itemscope\" itemtype=\"https:\/\/schema.org\/BlogPosting\" itemprop=\"blogPost\" ><div class='avia_textblock  '   itemprop=\"text\" ><p style=\"text-align: justify;\"><em>Parlamentario visit\u00f3 en los \u00faltimos d\u00edas la empresa Servicios Integrales H\u00eddricos (SIH), que opera hace cerca de 9 a\u00f1os en Villa Ma\u00f1ihuales, contando actualmente con siete trabajadores.<\/em><\/p>\n<p style=\"text-align: justify;\">Un llamado a potenciar iniciativas que promuevan el acceso al agua potable y la generaci\u00f3n el\u00e9ctrica en la zona rural de la regi\u00f3n de Ays\u00e9n realiz\u00f3 el senador David Sandoval luego de visitar en los \u00faltimos d\u00edas la empresa Servicios Integrales H\u00eddricos (SIH), la cual funciona en el Km 67 de la Carretera Austral, a la entrada de la localidad de Villa Ma\u00f1ihuales.<\/p>\n<p style=\"text-align: justify;\">Esta empresa familiar opera hace cerca de 9 a\u00f1os en la zona, cuenta actualmente con siete trabajadores, e innova a trav\u00e9s de la fabricaci\u00f3n de sistemas de energ\u00eda renovable para la extracci\u00f3n de agua mediante energ\u00eda hidr\u00e1ulica, mec\u00e1nica y solar, sin utilizar combustibles f\u00f3siles ni electricidad, con el fin de proteger el medio ambiente.<\/p>\n<p style=\"text-align: justify;\">Al respecto, Sandoval dijo que se trata de un proyecto de innovaci\u00f3n muy importante para la regi\u00f3n, destacando que la iniciativa permite atender dos temas fundamentales para el mundo rural. \u201cPresta servicios a numerosas personas en un proyecto de generaci\u00f3n para el tema del agua potable, generaci\u00f3n para el tema de la electricidad con tecnolog\u00eda de ac\u00e1, con trabajadores de ac\u00e1, con esfuerzo de ac\u00e1\u201d, destac\u00f3.<\/p>\n<p style=\"text-align: justify;\">El parlamentario agreg\u00f3 que dada la relevancia que tiene este tipo de emprendimientos a nivel local, es fundamental que se puedan potenciar y avanzar en m\u00e1s instancias de este tipo. \u201cLlevan a\u00f1os trabajando en esta idea y esperamos que esto lo acoja todav\u00eda la regi\u00f3n con mucha m\u00e1s fuerza, porque esto hay que multiplicarlo porque hay mucha gente que tiene problemas de agua o tiene problemas de electricidad\u201d, subray\u00f3.<\/p>\n<p style=\"text-align: justify;\">En la misma l\u00ednea se refiri\u00f3 el due\u00f1o de la empresa Hugo Casas Williams. \u201cEstamos trabajando hace 9 a\u00f1os y la idea es mejorar la vida de la calidad de las personas en el campo y para eso trabajamos todos los d\u00edas y todo lo que es generaci\u00f3n de energ\u00eda, sistemas de riego tecnificado, riego para pradera, todo lo que es bombeo de agua solar, bombas de ariete\u201d, se\u00f1al\u00f3, agregando finalmente que \u201cestamos enfocados un poco en los particulares, lo que es agua potable para las parcelas\u201d.<\/p>\n<\/div><\/section><\/div><div  style='height:50px' class='hr hr-invisible   avia-builder-el-6  el_after_av_one_full  el_before_av_social_share '><span class='hr-inner ' ><span class='hr-inner-style'><\/span><\/span><\/div><\/p>\n<div  class='av-social-sharing-box  avia-builder-el-7  el_after_av_hr  el_before_av_hr  '><div class='av-share-box'><h5 class='av-share-link-description av-no-toc '>Compartir esta noticia<\/h5><ul class='av-share-box-list noLightbox'><li class='av-share-link av-social-link-facebook' ><a target=\"_blank\" aria-label=\"Compartir en Facebook\" href='https:\/\/www.facebook.com\/sharer.php?u=https:\/\/radiorevelacionfm.cl\/?p=57274&#038;t=Sandoval%20llama%20a%20potenciar%20iniciativas%20que%20promuevan%20acceso%20a%20agua%20potable%20y%20generaci%C3%B3n%20el%C3%A9ctrica%20en%20zona%20rural%20de%20la%20regi%C3%B3n' aria-hidden='false' data-av_icon='\ue8f3' data-av_iconfont='entypo-fontello' title='' data-avia-related-tooltip='Compartir en Facebook' rel=\"noopener\"><span class='avia_hidden_link_text'>Compartir en Facebook<\/span><\/a><\/li><li class='av-share-link av-social-link-twitter' ><a target=\"_blank\" aria-label=\"Compartir en Twitter\" href='https:\/\/twitter.com\/share?text=Sandoval%20llama%20a%20potenciar%20iniciativas%20que%20promuevan%20acceso%20a%20agua%20potable%20y%20generaci%C3%B3n%20el%C3%A9ctrica%20en%20zona%20rural%20de%20la%20regi%C3%B3n&#038;url=https:\/\/radiorevelacionfm.cl\/?p=57274' aria-hidden='false' data-av_icon='\ue8f1' data-av_iconfont='entypo-fontello' title='' data-avia-related-tooltip='Compartir en Twitter' rel=\"noopener\"><span class='avia_hidden_link_text'>Compartir en Twitter<\/span><\/a><\/li><li class='av-share-link av-social-link-whatsapp' ><a target=\"_blank\" aria-label=\"Compartir en Whatsapp\" href='https:\/\/api.whatsapp.com\/send?text=https:\/\/radiorevelacionfm.cl\/?p=57274' aria-hidden='false' data-av_icon='\uf232' data-av_iconfont='entypo-fontello' title='' data-avia-related-tooltip='Compartir en Whatsapp' rel=\"noopener\"><span class='avia_hidden_link_text'>Compartir en Whatsapp<\/span><\/a><\/li><li class='av-share-link av-social-link-linkedin' ><a target=\"_blank\" aria-label=\"Compartir en LinkedIn\" href='https:\/\/linkedin.com\/shareArticle?mini=true&#038;title=Sandoval%20llama%20a%20potenciar%20iniciativas%20que%20promuevan%20acceso%20a%20agua%20potable%20y%20generaci%C3%B3n%20el%C3%A9ctrica%20en%20zona%20rural%20de%20la%20regi%C3%B3n&#038;url=https:\/\/radiorevelacionfm.cl\/?p=57274' aria-hidden='false' data-av_icon='\ue8fc' data-av_iconfont='entypo-fontello' title='' data-avia-related-tooltip='Compartir en LinkedIn' rel=\"noopener\"><span class='avia_hidden_link_text'>Compartir en LinkedIn<\/span><\/a><\/li><li class='av-share-link av-social-link-mail' ><a  aria-label=\"Compartir por correo\" href='mailto:?subject=Sandoval%20llama%20a%20potenciar%20iniciativas%20que%20promuevan%20acceso%20a%20agua%20potable%20y%20generaci%C3%B3n%20el%C3%A9ctrica%20en%20zona%20rural%20de%20la%20regi%C3%B3n&#038;body=https:\/\/radiorevelacionfm.cl\/?p=57274' aria-hidden='false' data-av_icon='\ue805' data-av_iconfont='entypo-fontello' title='' data-avia-related-tooltip='Compartir por correo'><span class='avia_hidden_link_text'>Compartir por correo<\/span><\/a><\/li><\/ul><\/div><\/div>\n<div  style='height:50px' class='hr hr-invisible   avia-builder-el-8  el_after_av_social_share  el_before_av_comments_list '><span class='hr-inner ' ><span class='hr-inner-style'><\/span><\/span><\/div>\n<div  class='av-buildercomment  av-blog-meta-html-info-disabled av-blog-meta-tag-disabled  '><\/div>\n","protected":false},"excerpt":{"rendered":"","protected":false},"author":1,"featured_media":57275,"comment_status":"closed","ping_status":"closed","sticky":false,"template":"","format":"standard","meta":{"footnotes":""},"categories":[35],"tags":[],"class_list":["post-57274","post","type-post","status-publish","format-standard","has-post-thumbnail","hentry","category-politica"],"jetpack_featured_media_url":"https:\/\/radiorevelacionfm.cl\/wp-content\/uploads\/2025\/08\/visita-empresa-sih-1_optimized-1.jpg","_links":{"self":[{"href":"https:\/\/radiorevelacionfm.cl\/index.php?rest_route=\/wp\/v2\/posts\/57274","targetHints":{"allow":["GET"]}}],"collection":[{"href":"https:\/\/radiorevelacionfm.cl\/index.php?rest_route=\/wp\/v2\/posts"}],"about":[{"href":"https:\/\/radiorevelacionfm.cl\/index.php?rest_route=\/wp\/v2\/types\/post"}],"author":[{"embeddable":true,"href":"https:\/\/radiorevelacionfm.cl\/index.php?rest_route=\/wp\/v2\/users\/1"}],"replies":[{"embeddable":true,"href":"https:\/\/radiorevelacionfm.cl\/index.php?rest_route=%2Fwp%2Fv2%2Fcomments&post=57274"}],"version-history":[{"count":2,"href":"https:\/\/radiorevelacionfm.cl\/index.php?rest_route=\/wp\/v2\/posts\/57274\/revisions"}],"predecessor-version":[{"id":57287,"href":"https:\/\/radiorevelacionfm.cl\/index.php?rest_route=\/wp\/v2\/posts\/57274\/revisions\/57287"}],"wp:featuredmedia":[{"embeddable":true,"href":"https:\/\/radiorevelacionfm.cl\/index.php?rest_route=\/wp\/v2\/media\/57275"}],"wp:attachment":[{"href":"https:\/\/radiorevelacionfm.cl\/index.php?rest_route=%2Fwp%2Fv2%2Fmedia&parent=57274"}],"wp:term":[{"taxonomy":"category","embeddable":true,"href":"https:\/\/radiorevelacionfm.cl\/index.php?rest_route=%2Fwp%2Fv2%2Fcategories&post=57274"},{"taxonomy":"post_tag","embeddable":true,"href":"https:\/\/radiorevelacionfm.cl\/index.php?rest_route=%2Fwp%2Fv2%2Ftags&post=57274"}],"curies":[{"name":"wp","href":"https:\/\/api.w.org\/{rel}","templated":true}]}}