{"id":57271,"date":"2025-08-03T21:35:46","date_gmt":"2025-08-04T00:35:46","guid":{"rendered":"https:\/\/radiorevelacionfm.cl\/?p=57271"},"modified":"2025-08-03T21:35:46","modified_gmt":"2025-08-04T00:35:46","slug":"consejeros-valoran-que-el-gobierno-regional-realice-la-nueva-politica-para-zonas-extremas","status":"publish","type":"post","link":"https:\/\/radiorevelacionfm.cl\/?p=57271","title":{"rendered":"Consejeros valoran que el Gobierno Regional realice la nueva pol\u00edtica para Zonas Extremas"},"content":{"rendered":"<div class=\"flex_column av_one_full  flex_column_div av-zero-column-padding first  avia-builder-el-0  el_before_av_one_full  avia-builder-el-first  \" style='border-radius:0px; '><div  class='avia-image-container  av-styling-    avia-builder-el-1  avia-builder-el-no-sibling  avia-align-center '  itemprop=\"image\" itemscope=\"itemscope\" itemtype=\"https:\/\/schema.org\/ImageObject\"  ><div class='avia-image-container-inner'><div class='avia-image-overlay-wrap'><img decoding=\"async\" class='wp-image-57272 avia-img-lazy-loading-not-57272 avia_image' src=\"https:\/\/radiorevelacionfm.cl\/wp-content\/uploads\/2025\/08\/Copia-de-Nota1-1-1.jpg\" alt='' title='Copia de Nota1 (1) (1)' height=\"600\" width=\"810\"  itemprop=\"thumbnailUrl\" srcset=\"https:\/\/radiorevelacionfm.cl\/wp-content\/uploads\/2025\/08\/Copia-de-Nota1-1-1.jpg 810w, https:\/\/radiorevelacionfm.cl\/wp-content\/uploads\/2025\/08\/Copia-de-Nota1-1-1-300x222.jpg 300w, https:\/\/radiorevelacionfm.cl\/wp-content\/uploads\/2025\/08\/Copia-de-Nota1-1-1-768x569.jpg 768w, https:\/\/radiorevelacionfm.cl\/wp-content\/uploads\/2025\/08\/Copia-de-Nota1-1-1-705x522.jpg 705w, https:\/\/radiorevelacionfm.cl\/wp-content\/uploads\/2025\/08\/Copia-de-Nota1-1-1-450x333.jpg 450w, https:\/\/radiorevelacionfm.cl\/wp-content\/uploads\/2025\/08\/Copia-de-Nota1-1-1-600x444.jpg 600w\" sizes=\"(max-width: 810px) 100vw, 810px\" \/><\/div><\/div><\/div><\/div><div class=\"flex_column av_one_full  flex_column_div av-zero-column-padding first  avia-builder-el-2  el_after_av_one_full  el_before_av_one_full  column-top-margin\" style='border-radius:0px; '><section class=\"av_textblock_section \"  itemscope=\"itemscope\" itemtype=\"https:\/\/schema.org\/BlogPosting\" itemprop=\"blogPost\" ><div class='avia_textblock  '   itemprop=\"text\" ><p style=\"text-align: center;\"><span style=\"font-size: 18pt;\"><b>Consejeros valoran que el Gobierno Regional realice la nueva pol\u00edtica para Zonas Extremas<\/b><\/span><\/p>\n<div id=\"gtx-trans\" style=\"position: absolute; left: -50px; top: 4.31534px;\">\n<div class=\"gtx-trans-icon\"><\/div>\n<\/div>\n<\/div><\/section><\/div><div class=\"flex_column av_one_full  flex_column_div av-zero-column-padding first  avia-builder-el-4  el_after_av_one_full  el_before_av_hr  column-top-margin\" style='border-radius:0px; '><section class=\"av_textblock_section \"  itemscope=\"itemscope\" itemtype=\"https:\/\/schema.org\/BlogPosting\" itemprop=\"blogPost\" ><div class='avia_textblock  '   itemprop=\"text\" ><p dir=\"ltr\" style=\"text-align: justify;\">Este viernes 8 de agosto la Regi\u00f3n de Ays\u00e9n podr\u00eda aprovechar una gran oportunidad de inversi\u00f3n y desarrollo, aseguraron los consejeros regionales Gustavo Villarroel y Benjam\u00edn Infante, refiri\u00e9ndose a la votaci\u00f3n en el pr\u00f3ximo pleno CORE Ays\u00e9n del Plan de Desarrollo de Zonas Extremas, PDZE.<\/p>\n<p dir=\"ltr\" style=\"text-align: justify;\">El tambi\u00e9n conocido como PDZE 2.0 est\u00e1 siendo planificado y dise\u00f1ado desde 2023 por el Gobierno Regional y los distintos Ministerios o sectores del Gobierno de Chile, y con la colaboraci\u00f3n de los municipios y la misma gente de Ays\u00e9n, a trav\u00e9s de talleres de Participaci\u00f3n Ciudadana y varios meses de trabajo t\u00e9cnico y profesional en los distintos niveles del Estado.<\/p>\n<p dir=\"ltr\" style=\"text-align: justify;\">Seg\u00fan Villarroel se trata de un programa \u00abdonde ha existido una planificaci\u00f3n y ha existido priorizaci\u00f3n en virtud de las necesidades principales que tiene la Regi\u00f3n y nuestra gente, y que a trav\u00e9s de este programa nos brinda nuevamente como zona extrema, una gran oportunidad de poder hacer una inversi\u00f3n importante\u00bb.<\/p>\n<p dir=\"ltr\" style=\"text-align: justify;\">Asimismo ambos consejeros coincidieron en remarcar la decisi\u00f3n del Presidente Gabriel Boric de modificar el antiguo Plan Especial de Desarrollo de Zonas Extremas, para convertirlo en una pol\u00edtica permanente para enfrentar el rezago y las brechas de desarrollo que todav\u00eda arrastra Ays\u00e9n y que se inici\u00f3 con la gesti\u00f3n de la ex Gobernadora Andrea Mac\u00edas y que hoy puede materializar el actual Gobernador Marcelo Santana.<\/p>\n<p dir=\"ltr\" style=\"text-align: justify;\">En ese sentido calificaron al PDZE 2.0 como el resultado de la buena pol\u00edtica de este Gobierno y la acci\u00f3n unitaria de todo el Estado en la regi\u00f3n.<\/p>\n<p dir=\"ltr\" style=\"text-align: justify;\">El consejero Benjam\u00edn Infante detall\u00f3 que se trata de \u00abun plan de 10 a\u00f1os, con 173 iniciativas, que alcanzan 1,6 billones de pesos, donde el Gobierno Nacional pone un 70%. Todas las iniciativas se refieren a infraestructura habilitante para el desarrollo, y la mayor\u00eda de las iniciativas est\u00e1n relacionadas con la conectividad de nuestra regi\u00f3n, luego con el deporte con obras insignes como el Polideportivo de Ays\u00e9n y un Estadio para cada comuna, con educaci\u00f3n con la construcci\u00f3n del Campus de la Universidad de Ays\u00e9n, salud con la reposici\u00f3n del Hospital Regional y la construcci\u00f3n de una robusta red de asistencia primaria, adem\u00e1s de otras importantes obras en cultura, desarrollo social, fomento productivo y seguridad\u00bb.<\/p>\n<p dir=\"ltr\" style=\"text-align: justify;\">El nuevo Plan de Desarrollo de Zonas Extremas y toda su cartera de proyectos ser\u00e1 votado, primero en la comisi\u00f3n ampliada de Presupuesto e Inversi\u00f3n Regional del Consejo Regional de Ays\u00e9n este mi\u00e9rcoles 6 de agosto, para pasar luego al pleno del cuerpo colegiado el d\u00eda viernes 8.<\/p>\n<\/div><\/section><\/div><div  style='height:50px' class='hr hr-invisible   avia-builder-el-6  el_after_av_one_full  el_before_av_social_share '><span class='hr-inner ' ><span class='hr-inner-style'><\/span><\/span><\/div><\/p>\n<div  class='av-social-sharing-box  avia-builder-el-7  el_after_av_hr  el_before_av_hr  '><div class='av-share-box'><h5 class='av-share-link-description av-no-toc '>Compartir esta noticia<\/h5><ul class='av-share-box-list noLightbox'><li class='av-share-link av-social-link-facebook' ><a target=\"_blank\" aria-label=\"Compartir en Facebook\" href='https:\/\/www.facebook.com\/sharer.php?u=https:\/\/radiorevelacionfm.cl\/?p=57271&#038;t=Consejeros%20valoran%20que%20el%20Gobierno%20Regional%20realice%20la%20nueva%20pol%C3%ADtica%20para%20Zonas%20Extremas' aria-hidden='false' data-av_icon='\ue8f3' data-av_iconfont='entypo-fontello' title='' data-avia-related-tooltip='Compartir en Facebook' rel=\"noopener\"><span class='avia_hidden_link_text'>Compartir en Facebook<\/span><\/a><\/li><li class='av-share-link av-social-link-twitter' ><a target=\"_blank\" aria-label=\"Compartir en Twitter\" href='https:\/\/twitter.com\/share?text=Consejeros%20valoran%20que%20el%20Gobierno%20Regional%20realice%20la%20nueva%20pol%C3%ADtica%20para%20Zonas%20Extremas&#038;url=https:\/\/radiorevelacionfm.cl\/?p=57271' aria-hidden='false' data-av_icon='\ue8f1' data-av_iconfont='entypo-fontello' title='' data-avia-related-tooltip='Compartir en Twitter' rel=\"noopener\"><span class='avia_hidden_link_text'>Compartir en Twitter<\/span><\/a><\/li><li class='av-share-link av-social-link-whatsapp' ><a target=\"_blank\" aria-label=\"Compartir en Whatsapp\" href='https:\/\/api.whatsapp.com\/send?text=https:\/\/radiorevelacionfm.cl\/?p=57271' aria-hidden='false' data-av_icon='\uf232' data-av_iconfont='entypo-fontello' title='' data-avia-related-tooltip='Compartir en Whatsapp' rel=\"noopener\"><span class='avia_hidden_link_text'>Compartir en Whatsapp<\/span><\/a><\/li><li class='av-share-link av-social-link-linkedin' ><a target=\"_blank\" aria-label=\"Compartir en LinkedIn\" href='https:\/\/linkedin.com\/shareArticle?mini=true&#038;title=Consejeros%20valoran%20que%20el%20Gobierno%20Regional%20realice%20la%20nueva%20pol%C3%ADtica%20para%20Zonas%20Extremas&#038;url=https:\/\/radiorevelacionfm.cl\/?p=57271' aria-hidden='false' data-av_icon='\ue8fc' data-av_iconfont='entypo-fontello' title='' data-avia-related-tooltip='Compartir en LinkedIn' rel=\"noopener\"><span class='avia_hidden_link_text'>Compartir en LinkedIn<\/span><\/a><\/li><li class='av-share-link av-social-link-mail' ><a  aria-label=\"Compartir por correo\" href='mailto:?subject=Consejeros%20valoran%20que%20el%20Gobierno%20Regional%20realice%20la%20nueva%20pol%C3%ADtica%20para%20Zonas%20Extremas&#038;body=https:\/\/radiorevelacionfm.cl\/?p=57271' aria-hidden='false' data-av_icon='\ue805' data-av_iconfont='entypo-fontello' title='' data-avia-related-tooltip='Compartir por correo'><span class='avia_hidden_link_text'>Compartir por correo<\/span><\/a><\/li><\/ul><\/div><\/div>\n<div  style='height:50px' class='hr hr-invisible   avia-builder-el-8  el_after_av_social_share  el_before_av_comments_list '><span class='hr-inner ' ><span class='hr-inner-style'><\/span><\/span><\/div>\n<div  class='av-buildercomment  av-blog-meta-html-info-disabled av-blog-meta-tag-disabled  '><\/div>\n","protected":false},"excerpt":{"rendered":"","protected":false},"author":1,"featured_media":57272,"comment_status":"closed","ping_status":"closed","sticky":false,"template":"","format":"standard","meta":{"footnotes":""},"categories":[38],"tags":[],"class_list":["post-57271","post","type-post","status-publish","format-standard","has-post-thumbnail","hentry","category-regional"],"jetpack_featured_media_url":"https:\/\/radiorevelacionfm.cl\/wp-content\/uploads\/2025\/08\/Copia-de-Nota1-1-1.jpg","_links":{"self":[{"href":"https:\/\/radiorevelacionfm.cl\/index.php?rest_route=\/wp\/v2\/posts\/57271","targetHints":{"allow":["GET"]}}],"collection":[{"href":"https:\/\/radiorevelacionfm.cl\/index.php?rest_route=\/wp\/v2\/posts"}],"about":[{"href":"https:\/\/radiorevelacionfm.cl\/index.php?rest_route=\/wp\/v2\/types\/post"}],"author":[{"embeddable":true,"href":"https:\/\/radiorevelacionfm.cl\/index.php?rest_route=\/wp\/v2\/users\/1"}],"replies":[{"embeddable":true,"href":"https:\/\/radiorevelacionfm.cl\/index.php?rest_route=%2Fwp%2Fv2%2Fcomments&post=57271"}],"version-history":[{"count":2,"href":"https:\/\/radiorevelacionfm.cl\/index.php?rest_route=\/wp\/v2\/posts\/57271\/revisions"}],"predecessor-version":[{"id":57285,"href":"https:\/\/radiorevelacionfm.cl\/index.php?rest_route=\/wp\/v2\/posts\/57271\/revisions\/57285"}],"wp:featuredmedia":[{"embeddable":true,"href":"https:\/\/radiorevelacionfm.cl\/index.php?rest_route=\/wp\/v2\/media\/57272"}],"wp:attachment":[{"href":"https:\/\/radiorevelacionfm.cl\/index.php?rest_route=%2Fwp%2Fv2%2Fmedia&parent=57271"}],"wp:term":[{"taxonomy":"category","embeddable":true,"href":"https:\/\/radiorevelacionfm.cl\/index.php?rest_route=%2Fwp%2Fv2%2Fcategories&post=57271"},{"taxonomy":"post_tag","embeddable":true,"href":"https:\/\/radiorevelacionfm.cl\/index.php?rest_route=%2Fwp%2Fv2%2Ftags&post=57271"}],"curies":[{"name":"wp","href":"https:\/\/api.w.org\/{rel}","templated":true}]}}