{"id":57267,"date":"2025-08-03T17:18:19","date_gmt":"2025-08-03T20:18:19","guid":{"rendered":"https:\/\/radiorevelacionfm.cl\/?p=57267"},"modified":"2025-08-03T17:18:19","modified_gmt":"2025-08-03T20:18:19","slug":"sernatur-rinde-su-cuenta-publica-2025-en-aysen-y-destaca-crecimiento-turistico-de-la-region","status":"publish","type":"post","link":"https:\/\/radiorevelacionfm.cl\/?p=57267","title":{"rendered":"Sernatur rinde su Cuenta P\u00fablica 2025 en Ays\u00e9n y destaca crecimiento tur\u00edstico de la regi\u00f3n"},"content":{"rendered":"<div class=\"flex_column av_one_full  flex_column_div av-zero-column-padding first  avia-builder-el-0  el_before_av_one_full  avia-builder-el-first  \" style='border-radius:0px; '><div  class='avia-image-container  av-styling-    avia-builder-el-1  avia-builder-el-no-sibling  avia-align-center '  itemprop=\"image\" itemscope=\"itemscope\" itemtype=\"https:\/\/schema.org\/ImageObject\"  ><div class='avia-image-container-inner'><div class='avia-image-overlay-wrap'><img decoding=\"async\" class='wp-image-57269 avia-img-lazy-loading-not-57269 avia_image' src=\"https:\/\/radiorevelacionfm.cl\/wp-content\/uploads\/2025\/08\/foto-1-83-1_optimized.jpeg\" alt='' title='foto-1-(83)-(1)_optimized' height=\"600\" width=\"800\"  itemprop=\"thumbnailUrl\" srcset=\"https:\/\/radiorevelacionfm.cl\/wp-content\/uploads\/2025\/08\/foto-1-83-1_optimized.jpeg 800w, https:\/\/radiorevelacionfm.cl\/wp-content\/uploads\/2025\/08\/foto-1-83-1_optimized-300x225.jpeg 300w, https:\/\/radiorevelacionfm.cl\/wp-content\/uploads\/2025\/08\/foto-1-83-1_optimized-768x576.jpeg 768w, https:\/\/radiorevelacionfm.cl\/wp-content\/uploads\/2025\/08\/foto-1-83-1_optimized-705x529.jpeg 705w, https:\/\/radiorevelacionfm.cl\/wp-content\/uploads\/2025\/08\/foto-1-83-1_optimized-450x338.jpeg 450w, https:\/\/radiorevelacionfm.cl\/wp-content\/uploads\/2025\/08\/foto-1-83-1_optimized-600x450.jpeg 600w\" sizes=\"(max-width: 800px) 100vw, 800px\" \/><\/div><\/div><\/div><\/div><div class=\"flex_column av_one_full  flex_column_div av-zero-column-padding first  avia-builder-el-2  el_after_av_one_full  el_before_av_one_full  column-top-margin\" style='border-radius:0px; '><section class=\"av_textblock_section \"  itemscope=\"itemscope\" itemtype=\"https:\/\/schema.org\/BlogPosting\" itemprop=\"blogPost\" ><div class='avia_textblock  '   itemprop=\"text\" ><p style=\"text-align: center;\"><span style=\"font-size: 18pt;\"><strong>Sernatur rinde su Cuenta P\u00fablica 2025 en Ays\u00e9n y destaca crecimiento tur\u00edstico de la regi\u00f3n<\/strong><\/span><\/p>\n<div id=\"gtx-trans\" style=\"position: absolute; left: -50px; top: 4.31534px;\">\n<div class=\"gtx-trans-icon\"><\/div>\n<\/div>\n<\/div><\/section><\/div><div class=\"flex_column av_one_full  flex_column_div av-zero-column-padding first  avia-builder-el-4  el_after_av_one_full  el_before_av_hr  column-top-margin\" style='border-radius:0px; '><section class=\"av_textblock_section \"  itemscope=\"itemscope\" itemtype=\"https:\/\/schema.org\/BlogPosting\" itemprop=\"blogPost\" ><div class='avia_textblock  '   itemprop=\"text\" ><p style=\"text-align: justify;\"><em>Distintos actores regionales valoraron la realizaci\u00f3n de la Cuenta P\u00fablica de Sernatur 2025 en Coyhaique y, adem\u00e1s, destacaron los positivos resultados que muestra el sector tur\u00edstico en la zona, con un crecimiento de \u00a050,5% en llegadas internacionales y m\u00e1s de 411 mil viajes internos.<\/em><\/p>\n<p style=\"text-align: justify;\">Con un marco de p\u00fablico de m\u00e1s de cien personas, entre autoridades locales, prestadores de servicios tur\u00edsticos y miembros de la comunidad, el Servicio Nacional de Turismo realiz\u00f3 el pasado jueves 31 de julio su Cuenta P\u00fablica Participativa 2025 en la Regi\u00f3n de Ays\u00e9n, para detallar los logros m\u00e1s relevantes del 2024\u00a0 y los desaf\u00edos para el sector tur\u00edstico en Chile.<\/p>\n<p style=\"text-align: justify;\">Desde el auditorio MOP de Coyhaique, el director nacional de Sernatur, Crist\u00f3bal Ben\u00edtez, destac\u00f3 la notable recuperaci\u00f3n de la industria pospandemia, que posicion\u00f3 a Chile como el cuarto pa\u00eds de Sudam\u00e9rica que recibi\u00f3 m\u00e1s turistas en 2024, con 5,2 millones de visitantes; \u00a0una cifra que representa un incremento del 16% en comparaci\u00f3n con 2019 y un 40,4% sobre 2023.<\/p>\n<p style=\"text-align: justify;\">El director nacional de Sernatur, destac\u00f3 que \u201cestamos muy contentos de haber realizado nuestra Cuenta P\u00fablica en Ays\u00e9n, con un muy buen marco de p\u00fablico, donde se not\u00f3 mucho inter\u00e9s en los desaf\u00edos que vienen para la actividad tur\u00edstica y lo que hemos realizado. Con la participaci\u00f3n de distintos organismos p\u00fablicos, del gobierno regional, de las delegaciones, de los servicios, de los municipios y tambi\u00e9n del mundo privado, que es muy importante en el desarrollo de la industria\u201d.<\/p>\n<p style=\"text-align: justify;\">Adem\u00e1s, la autoridad nacional invit\u00f3 a la ciudadan\u00eda a revisar la presentaci\u00f3n de la Cuenta P\u00fablica del servicio en su sitio web y a realizar las consultas que estimen necesarias. \u201cQueremos agradecerles por la participaci\u00f3n, por el compromiso con esta cuenta p\u00fablica, que esperamos les haya sido de utilidad y tambi\u00e9n invitarlos a que nos hagan las consultas que tengan en nuestra p\u00e1gina web\u201d dijo.<\/p>\n<p style=\"text-align: justify;\">El delegado presidencial de Ays\u00e9n, Jorge D\u00edaz, coment\u00f3 que el desarrollo de este evento en la regi\u00f3n \u201cdemuestra que el destino tur\u00edstico de Ays\u00e9n Patagonia hoy es de relevancia nacional en la industria del turismo y que contribuye crecientemente al desarrollo econ\u00f3mico de Ays\u00e9n; hoy esta industria es la segunda actividad m\u00e1s importante de nuestra regi\u00f3n. La cuenta que nos ha entregado el director nacional de Sernatur, demuestra que el destino sigue creciendo constantemente y eso nos motiva a seguir trabajando para el desarrollo de la Regi\u00f3n de Ays\u00e9n y del turismo\u201d.<\/p>\n<p style=\"text-align: justify;\"><strong>Ays\u00e9n: positivas cifras locales<\/strong><\/p>\n<p style=\"text-align: justify;\">De acuerdo con las cifras entregadas por Sernatur, en 2024, la Regi\u00f3n de Ays\u00e9n marc\u00f3 una variaci\u00f3n interanual de +50,5% en las llegadas internacionales respecto a 2023, con 108.703 visitantes; mientras los viajes tur\u00edsticos internos con pernoctaci\u00f3n fueron 411.949. Adem\u00e1s, los ocupados en las Actividades Caracter\u00edsticas del Turismo (ACT) alcanzaron m\u00e1s de 5 mil personas, con una variaci\u00f3n interanual de +20,4%; y las visitas a \u00e1reas silvestres protegidas fueron 86.117.<\/p>\n<p style=\"text-align: justify;\">Al respecto, el director regional de Sernatur Ays\u00e9n, Claudio Montecinos, agreg\u00f3 que \u201cha sido una cuenta p\u00fablica muy robusta, con n\u00fameros muy positivos para el desarrollo de la actividad turistica a nivel pa\u00eds y a nivel regional. Creemos que contribuimos significativamente a las buenas cifras que present\u00f3 el servicio en esta oportunidad y quisiera destacar las acciones relevadas por el propio director nacional de la Regi\u00f3n de Ays\u00e9n, particularmente, en materia de marketing e infraestructura tur\u00edstica, como por ejemplo, los 7 miradores tur\u00edsticos que se comenzar\u00e1n a construir el presente a\u00f1o\u201d.<\/p>\n<p style=\"text-align: justify;\">En tanto, el presidente de la Asociaci\u00f3n de Gu\u00edas de la Patagonia (AGAP), Diego Gallardo, adem\u00e1s de valorar los positivos indicadores entregados por Sernatur sobre la regi\u00f3n, asegur\u00f3 que la realizaci\u00f3n de la Cuenta P\u00fablica en la zona, \u201ces algo que marca un antes y un despu\u00e9s, porque como somos una regi\u00f3n tan aislada, nos quejamos mucho del centralismo. Por eso, que venga un servicio como Sernatur a dar su cuenta p\u00fablica nacional ac\u00e1 es una se\u00f1al de que se est\u00e1 aportando a la descentralizaci\u00f3n\u201d.<\/p>\n<\/div><\/section><\/div><div  style='height:50px' class='hr hr-invisible   avia-builder-el-6  el_after_av_one_full  el_before_av_social_share '><span class='hr-inner ' ><span class='hr-inner-style'><\/span><\/span><\/div><\/p>\n<div  class='av-social-sharing-box  avia-builder-el-7  el_after_av_hr  el_before_av_hr  '><div class='av-share-box'><h5 class='av-share-link-description av-no-toc '>Compartir esta noticia<\/h5><ul class='av-share-box-list noLightbox'><li class='av-share-link av-social-link-facebook' ><a target=\"_blank\" aria-label=\"Compartir en Facebook\" href='https:\/\/www.facebook.com\/sharer.php?u=https:\/\/radiorevelacionfm.cl\/?p=57267&#038;t=Sernatur%20rinde%20su%20Cuenta%20P%C3%BAblica%202025%20en%20Ays%C3%A9n%20y%20destaca%20crecimiento%20tur%C3%ADstico%20de%20la%20regi%C3%B3n' aria-hidden='false' data-av_icon='\ue8f3' data-av_iconfont='entypo-fontello' title='' data-avia-related-tooltip='Compartir en Facebook' rel=\"noopener\"><span class='avia_hidden_link_text'>Compartir en Facebook<\/span><\/a><\/li><li class='av-share-link av-social-link-twitter' ><a target=\"_blank\" aria-label=\"Compartir en Twitter\" href='https:\/\/twitter.com\/share?text=Sernatur%20rinde%20su%20Cuenta%20P%C3%BAblica%202025%20en%20Ays%C3%A9n%20y%20destaca%20crecimiento%20tur%C3%ADstico%20de%20la%20regi%C3%B3n&#038;url=https:\/\/radiorevelacionfm.cl\/?p=57267' aria-hidden='false' data-av_icon='\ue8f1' data-av_iconfont='entypo-fontello' title='' data-avia-related-tooltip='Compartir en Twitter' rel=\"noopener\"><span class='avia_hidden_link_text'>Compartir en Twitter<\/span><\/a><\/li><li class='av-share-link av-social-link-whatsapp' ><a target=\"_blank\" aria-label=\"Compartir en Whatsapp\" href='https:\/\/api.whatsapp.com\/send?text=https:\/\/radiorevelacionfm.cl\/?p=57267' aria-hidden='false' data-av_icon='\uf232' data-av_iconfont='entypo-fontello' title='' data-avia-related-tooltip='Compartir en Whatsapp' rel=\"noopener\"><span class='avia_hidden_link_text'>Compartir en Whatsapp<\/span><\/a><\/li><li class='av-share-link av-social-link-linkedin' ><a target=\"_blank\" aria-label=\"Compartir en LinkedIn\" href='https:\/\/linkedin.com\/shareArticle?mini=true&#038;title=Sernatur%20rinde%20su%20Cuenta%20P%C3%BAblica%202025%20en%20Ays%C3%A9n%20y%20destaca%20crecimiento%20tur%C3%ADstico%20de%20la%20regi%C3%B3n&#038;url=https:\/\/radiorevelacionfm.cl\/?p=57267' aria-hidden='false' data-av_icon='\ue8fc' data-av_iconfont='entypo-fontello' title='' data-avia-related-tooltip='Compartir en LinkedIn' rel=\"noopener\"><span class='avia_hidden_link_text'>Compartir en LinkedIn<\/span><\/a><\/li><li class='av-share-link av-social-link-mail' ><a  aria-label=\"Compartir por correo\" href='mailto:?subject=Sernatur%20rinde%20su%20Cuenta%20P%C3%BAblica%202025%20en%20Ays%C3%A9n%20y%20destaca%20crecimiento%20tur%C3%ADstico%20de%20la%20regi%C3%B3n&#038;body=https:\/\/radiorevelacionfm.cl\/?p=57267' aria-hidden='false' data-av_icon='\ue805' data-av_iconfont='entypo-fontello' title='' data-avia-related-tooltip='Compartir por correo'><span class='avia_hidden_link_text'>Compartir por correo<\/span><\/a><\/li><\/ul><\/div><\/div>\n<div  style='height:50px' class='hr hr-invisible   avia-builder-el-8  el_after_av_social_share  el_before_av_comments_list '><span class='hr-inner ' ><span class='hr-inner-style'><\/span><\/span><\/div>\n<div  class='av-buildercomment  av-blog-meta-html-info-disabled av-blog-meta-tag-disabled  '><\/div>\n","protected":false},"excerpt":{"rendered":"","protected":false},"author":1,"featured_media":57269,"comment_status":"closed","ping_status":"closed","sticky":false,"template":"","format":"standard","meta":{"footnotes":""},"categories":[54],"tags":[],"class_list":["post-57267","post","type-post","status-publish","format-standard","has-post-thumbnail","hentry","category-turismo"],"jetpack_featured_media_url":"https:\/\/radiorevelacionfm.cl\/wp-content\/uploads\/2025\/08\/foto-1-83-1_optimized.jpeg","_links":{"self":[{"href":"https:\/\/radiorevelacionfm.cl\/index.php?rest_route=\/wp\/v2\/posts\/57267","targetHints":{"allow":["GET"]}}],"collection":[{"href":"https:\/\/radiorevelacionfm.cl\/index.php?rest_route=\/wp\/v2\/posts"}],"about":[{"href":"https:\/\/radiorevelacionfm.cl\/index.php?rest_route=\/wp\/v2\/types\/post"}],"author":[{"embeddable":true,"href":"https:\/\/radiorevelacionfm.cl\/index.php?rest_route=\/wp\/v2\/users\/1"}],"replies":[{"embeddable":true,"href":"https:\/\/radiorevelacionfm.cl\/index.php?rest_route=%2Fwp%2Fv2%2Fcomments&post=57267"}],"version-history":[{"count":2,"href":"https:\/\/radiorevelacionfm.cl\/index.php?rest_route=\/wp\/v2\/posts\/57267\/revisions"}],"predecessor-version":[{"id":57277,"href":"https:\/\/radiorevelacionfm.cl\/index.php?rest_route=\/wp\/v2\/posts\/57267\/revisions\/57277"}],"wp:featuredmedia":[{"embeddable":true,"href":"https:\/\/radiorevelacionfm.cl\/index.php?rest_route=\/wp\/v2\/media\/57269"}],"wp:attachment":[{"href":"https:\/\/radiorevelacionfm.cl\/index.php?rest_route=%2Fwp%2Fv2%2Fmedia&parent=57267"}],"wp:term":[{"taxonomy":"category","embeddable":true,"href":"https:\/\/radiorevelacionfm.cl\/index.php?rest_route=%2Fwp%2Fv2%2Fcategories&post=57267"},{"taxonomy":"post_tag","embeddable":true,"href":"https:\/\/radiorevelacionfm.cl\/index.php?rest_route=%2Fwp%2Fv2%2Ftags&post=57267"}],"curies":[{"name":"wp","href":"https:\/\/api.w.org\/{rel}","templated":true}]}}