{"id":57264,"date":"2025-08-03T16:44:52","date_gmt":"2025-08-03T19:44:52","guid":{"rendered":"https:\/\/radiorevelacionfm.cl\/?p=57264"},"modified":"2025-08-03T16:44:52","modified_gmt":"2025-08-03T19:44:52","slug":"corte-de-apelaciones-de-coyhaique-define-audiencia-publica-para-elaborar-terna-para-el-cargo-de-fiscal-regional-de-aysen","status":"publish","type":"post","link":"https:\/\/radiorevelacionfm.cl\/?p=57264","title":{"rendered":"Corte de Apelaciones de Coyhaique define audiencia p\u00fablica para elaborar terna para el cargo de Fiscal Regional de Ays\u00e9n"},"content":{"rendered":"<div class=\"flex_column av_one_full  flex_column_div av-zero-column-padding first  avia-builder-el-0  el_before_av_one_full  avia-builder-el-first  \" style='border-radius:0px; '><div  class='avia-image-container  av-styling-    avia-builder-el-1  avia-builder-el-no-sibling  avia-align-center '  itemprop=\"image\" itemscope=\"itemscope\" itemtype=\"https:\/\/schema.org\/ImageObject\"  ><div class='avia-image-container-inner'><div class='avia-image-overlay-wrap'><img decoding=\"async\" class='wp-image-5552 avia-img-lazy-loading-not-5552 avia_image' src=\"https:\/\/radiorevelacionfm.cl\/wp-content\/uploads\/2021\/06\/Foto-10-Corte-COYHAIQUE-1-1-1.jpg\" alt='' title='Foto 10 Corte COYHAIQUE (1) (1) (1)' height=\"600\" width=\"1169\"  itemprop=\"thumbnailUrl\" srcset=\"https:\/\/radiorevelacionfm.cl\/wp-content\/uploads\/2021\/06\/Foto-10-Corte-COYHAIQUE-1-1-1.jpg 1169w, https:\/\/radiorevelacionfm.cl\/wp-content\/uploads\/2021\/06\/Foto-10-Corte-COYHAIQUE-1-1-1-300x154.jpg 300w, https:\/\/radiorevelacionfm.cl\/wp-content\/uploads\/2021\/06\/Foto-10-Corte-COYHAIQUE-1-1-1-1030x529.jpg 1030w, https:\/\/radiorevelacionfm.cl\/wp-content\/uploads\/2021\/06\/Foto-10-Corte-COYHAIQUE-1-1-1-768x394.jpg 768w, https:\/\/radiorevelacionfm.cl\/wp-content\/uploads\/2021\/06\/Foto-10-Corte-COYHAIQUE-1-1-1-705x362.jpg 705w, https:\/\/radiorevelacionfm.cl\/wp-content\/uploads\/2021\/06\/Foto-10-Corte-COYHAIQUE-1-1-1-600x308.jpg 600w\" sizes=\"(max-width: 1169px) 100vw, 1169px\" \/><\/div><\/div><\/div><\/div><div class=\"flex_column av_one_full  flex_column_div av-zero-column-padding first  avia-builder-el-2  el_after_av_one_full  el_before_av_one_full  column-top-margin\" style='border-radius:0px; '><section class=\"av_textblock_section \"  itemscope=\"itemscope\" itemtype=\"https:\/\/schema.org\/BlogPosting\" itemprop=\"blogPost\" ><div class='avia_textblock  '   itemprop=\"text\" ><p style=\"text-align: center;\"><span style=\"font-size: 18pt;\"><b>Corte de Apelaciones de Coyhaique define audiencia p\u00fablica para elaborar terna para el cargo de Fiscal Regional de Ays\u00e9n<\/b><\/span><\/p>\n<div id=\"gtx-trans\" style=\"position: absolute; left: -50px; top: 4.31534px;\">\n<div class=\"gtx-trans-icon\"><\/div>\n<\/div>\n<\/div><\/section><\/div><div class=\"flex_column av_one_full  flex_column_div av-zero-column-padding first  avia-builder-el-4  el_after_av_one_full  el_before_av_hr  column-top-margin\" style='border-radius:0px; '><section class=\"av_textblock_section \"  itemscope=\"itemscope\" itemtype=\"https:\/\/schema.org\/BlogPosting\" itemprop=\"blogPost\" ><div class='avia_textblock  '   itemprop=\"text\" ><p class=\"v1MsoNormal\" style=\"text-align: justify;\">La Corte de Apelaciones de Coyhaique fij\u00f3 -para el pr\u00f3ximo mi\u00e9rcoles 6 de agosto de 2025- la realizaci\u00f3n de la audiencia p\u00fablica para escuchar las propuestas de los y las postulantes al cargo de Fiscal Regional de Ays\u00e9n del Ministerio P\u00fablico.<\/p>\n<p class=\"v1MsoNormal\" style=\"text-align: justify;\">El acuerdo de pleno (32-2025) se\u00f1ala que la audiencia se desarrollar\u00e1 en la sala de alegatos del tribunal de alzada, a contar de las 10:00 horas, con los diez abogados y abogadas que cumplieron con la entrega de la documentaci\u00f3n respectiva, entre quienes el tribunal de alzada conformar\u00e1 una terna para remitirla al fiscal nacional, que deber\u00e1 nombrar al nuevo fiscal regional.<\/p>\n<p class=\"v1MsoNormal\" style=\"text-align: justify;\">Los oponentes al cargo que tendr\u00e1n que exponer ante el pleno de ministros son: Rodrigo Abelardo Barrera San Martin, Miguel \u00c1ngel Vel\u00e1squez Droguett, Hern\u00e1n Marcos Libedinsky Moscovich, Jos\u00e9 Teodoro Moris Ferrando, Ximena Guti\u00e9rrez Jaramillo, \u00c1lvaro Santiago P\u00e9rez D&#8217;alencon, Luis Ernesto Gonz\u00e1lez Aracena, Francisco Javier Ortega Acevedo, Ximena Jesabeth Valenzuela G\u00e1lvez y Miguel \u00c1ngel Riquelme Cortes.<\/p>\n<p class=\"v1MsoNormal\" style=\"text-align: justify;\">En la audiencia se dar\u00e1 lectura a la n\u00f3mina de los postulantes al concurso que cumplieron con los requisitos legales, luego se proceder\u00e1 a efectuar un sorteo entre los candidatos para determinar el orden en que sus antecedentes se dar\u00e1n a conocer al pleno, con una s\u00edntesis de lo m\u00e1s relevante presentados por ellos.<\/p>\n<p class=\"v1MsoNormal\" style=\"text-align: justify;\">Esta audiencia ser\u00e1 transmitida por el Canal Judicial, a trav\u00e9s de\u00a0<a href=\"http:\/\/www.poderjudicialtv.cl\/\" target=\"_blank\" rel=\"noopener noreferrer\">www.poderjudicialtv.cl<\/a><\/p>\n<\/div><\/section><\/div><div  style='height:50px' class='hr hr-invisible   avia-builder-el-6  el_after_av_one_full  el_before_av_social_share '><span class='hr-inner ' ><span class='hr-inner-style'><\/span><\/span><\/div><\/p>\n<div  class='av-social-sharing-box  avia-builder-el-7  el_after_av_hr  el_before_av_hr  '><div class='av-share-box'><h5 class='av-share-link-description av-no-toc '>Compartir esta noticia<\/h5><ul class='av-share-box-list noLightbox'><li class='av-share-link av-social-link-facebook' ><a target=\"_blank\" aria-label=\"Compartir en Facebook\" href='https:\/\/www.facebook.com\/sharer.php?u=https:\/\/radiorevelacionfm.cl\/?p=57264&#038;t=Corte%20de%20Apelaciones%20de%20Coyhaique%20define%20audiencia%20p%C3%BAblica%20para%20elaborar%20terna%20para%20el%20cargo%20de%20Fiscal%20Regional%20de%20Ays%C3%A9n' aria-hidden='false' data-av_icon='\ue8f3' data-av_iconfont='entypo-fontello' title='' data-avia-related-tooltip='Compartir en Facebook' rel=\"noopener\"><span class='avia_hidden_link_text'>Compartir en Facebook<\/span><\/a><\/li><li class='av-share-link av-social-link-twitter' ><a target=\"_blank\" aria-label=\"Compartir en Twitter\" href='https:\/\/twitter.com\/share?text=Corte%20de%20Apelaciones%20de%20Coyhaique%20define%20audiencia%20p%C3%BAblica%20para%20elaborar%20terna%20para%20el%20cargo%20de%20Fiscal%20Regional%20de%20Ays%C3%A9n&#038;url=https:\/\/radiorevelacionfm.cl\/?p=57264' aria-hidden='false' data-av_icon='\ue8f1' data-av_iconfont='entypo-fontello' title='' data-avia-related-tooltip='Compartir en Twitter' rel=\"noopener\"><span class='avia_hidden_link_text'>Compartir en Twitter<\/span><\/a><\/li><li class='av-share-link av-social-link-whatsapp' ><a target=\"_blank\" aria-label=\"Compartir en Whatsapp\" href='https:\/\/api.whatsapp.com\/send?text=https:\/\/radiorevelacionfm.cl\/?p=57264' aria-hidden='false' data-av_icon='\uf232' data-av_iconfont='entypo-fontello' title='' data-avia-related-tooltip='Compartir en Whatsapp' rel=\"noopener\"><span class='avia_hidden_link_text'>Compartir en Whatsapp<\/span><\/a><\/li><li class='av-share-link av-social-link-linkedin' ><a target=\"_blank\" aria-label=\"Compartir en LinkedIn\" href='https:\/\/linkedin.com\/shareArticle?mini=true&#038;title=Corte%20de%20Apelaciones%20de%20Coyhaique%20define%20audiencia%20p%C3%BAblica%20para%20elaborar%20terna%20para%20el%20cargo%20de%20Fiscal%20Regional%20de%20Ays%C3%A9n&#038;url=https:\/\/radiorevelacionfm.cl\/?p=57264' aria-hidden='false' data-av_icon='\ue8fc' data-av_iconfont='entypo-fontello' title='' data-avia-related-tooltip='Compartir en LinkedIn' rel=\"noopener\"><span class='avia_hidden_link_text'>Compartir en LinkedIn<\/span><\/a><\/li><li class='av-share-link av-social-link-mail' ><a  aria-label=\"Compartir por correo\" href='mailto:?subject=Corte%20de%20Apelaciones%20de%20Coyhaique%20define%20audiencia%20p%C3%BAblica%20para%20elaborar%20terna%20para%20el%20cargo%20de%20Fiscal%20Regional%20de%20Ays%C3%A9n&#038;body=https:\/\/radiorevelacionfm.cl\/?p=57264' aria-hidden='false' data-av_icon='\ue805' data-av_iconfont='entypo-fontello' title='' data-avia-related-tooltip='Compartir por correo'><span class='avia_hidden_link_text'>Compartir por correo<\/span><\/a><\/li><\/ul><\/div><\/div>\n<div  style='height:50px' class='hr hr-invisible   avia-builder-el-8  el_after_av_social_share  el_before_av_comments_list '><span class='hr-inner ' ><span class='hr-inner-style'><\/span><\/span><\/div>\n<div  class='av-buildercomment  av-blog-meta-html-info-disabled av-blog-meta-tag-disabled  '><\/div>\n","protected":false},"excerpt":{"rendered":"","protected":false},"author":1,"featured_media":5552,"comment_status":"closed","ping_status":"closed","sticky":false,"template":"","format":"standard","meta":{"footnotes":""},"categories":[55],"tags":[],"class_list":["post-57264","post","type-post","status-publish","format-standard","has-post-thumbnail","hentry","category-justicia"],"jetpack_featured_media_url":"https:\/\/radiorevelacionfm.cl\/wp-content\/uploads\/2021\/06\/Foto-10-Corte-COYHAIQUE-1-1-1.jpg","_links":{"self":[{"href":"https:\/\/radiorevelacionfm.cl\/index.php?rest_route=\/wp\/v2\/posts\/57264","targetHints":{"allow":["GET"]}}],"collection":[{"href":"https:\/\/radiorevelacionfm.cl\/index.php?rest_route=\/wp\/v2\/posts"}],"about":[{"href":"https:\/\/radiorevelacionfm.cl\/index.php?rest_route=\/wp\/v2\/types\/post"}],"author":[{"embeddable":true,"href":"https:\/\/radiorevelacionfm.cl\/index.php?rest_route=\/wp\/v2\/users\/1"}],"replies":[{"embeddable":true,"href":"https:\/\/radiorevelacionfm.cl\/index.php?rest_route=%2Fwp%2Fv2%2Fcomments&post=57264"}],"version-history":[{"count":2,"href":"https:\/\/radiorevelacionfm.cl\/index.php?rest_route=\/wp\/v2\/posts\/57264\/revisions"}],"predecessor-version":[{"id":57266,"href":"https:\/\/radiorevelacionfm.cl\/index.php?rest_route=\/wp\/v2\/posts\/57264\/revisions\/57266"}],"wp:featuredmedia":[{"embeddable":true,"href":"https:\/\/radiorevelacionfm.cl\/index.php?rest_route=\/wp\/v2\/media\/5552"}],"wp:attachment":[{"href":"https:\/\/radiorevelacionfm.cl\/index.php?rest_route=%2Fwp%2Fv2%2Fmedia&parent=57264"}],"wp:term":[{"taxonomy":"category","embeddable":true,"href":"https:\/\/radiorevelacionfm.cl\/index.php?rest_route=%2Fwp%2Fv2%2Fcategories&post=57264"},{"taxonomy":"post_tag","embeddable":true,"href":"https:\/\/radiorevelacionfm.cl\/index.php?rest_route=%2Fwp%2Fv2%2Ftags&post=57264"}],"curies":[{"name":"wp","href":"https:\/\/api.w.org\/{rel}","templated":true}]}}