{"id":5726,"date":"2021-06-29T16:27:40","date_gmt":"2021-06-29T19:27:40","guid":{"rendered":"https:\/\/radiorevelacionfm.cl\/?p=5726"},"modified":"2021-06-29T16:27:40","modified_gmt":"2021-06-29T19:27:40","slug":"nueva-asignacion-permite-a-mas-de-795-mil-jovenes-contar-con-beneficios-estudiantiles-para-la-educacion-superior-en-2021","status":"publish","type":"post","link":"https:\/\/radiorevelacionfm.cl\/?p=5726","title":{"rendered":"Nueva asignaci\u00f3n permite a m\u00e1s de 795 mil j\u00f3venes contar con beneficios estudiantiles para la Educaci\u00f3n Superior en 2021"},"content":{"rendered":"<div class=\"flex_column av_one_full  flex_column_div av-zero-column-padding first  avia-builder-el-0  el_before_av_one_full  avia-builder-el-first  \" style='border-radius:0px; '><div  class='avia-image-container  av-styling-    avia-builder-el-1  avia-builder-el-no-sibling  avia-align-center '  itemprop=\"image\" itemscope=\"itemscope\" itemtype=\"https:\/\/schema.org\/ImageObject\"  ><div class='avia-image-container-inner'><div class='avia-image-overlay-wrap'><img decoding=\"async\" class='wp-image-5727 avia-img-lazy-loading-not-5727 avia_image' src=\"https:\/\/radiorevelacionfm.cl\/wp-content\/uploads\/2021\/06\/educacion-superior-1-1.jpg\" alt='' title='educaci\u00f3n superior (1) (1)' height=\"600\" width=\"800\"  itemprop=\"thumbnailUrl\" srcset=\"https:\/\/radiorevelacionfm.cl\/wp-content\/uploads\/2021\/06\/educacion-superior-1-1.jpg 800w, https:\/\/radiorevelacionfm.cl\/wp-content\/uploads\/2021\/06\/educacion-superior-1-1-300x225.jpg 300w, https:\/\/radiorevelacionfm.cl\/wp-content\/uploads\/2021\/06\/educacion-superior-1-1-768x576.jpg 768w, https:\/\/radiorevelacionfm.cl\/wp-content\/uploads\/2021\/06\/educacion-superior-1-1-705x529.jpg 705w, https:\/\/radiorevelacionfm.cl\/wp-content\/uploads\/2021\/06\/educacion-superior-1-1-600x450.jpg 600w\" sizes=\"(max-width: 800px) 100vw, 800px\" \/><\/div><\/div><\/div><\/div><div class=\"flex_column av_one_full  flex_column_div av-zero-column-padding first  avia-builder-el-2  el_after_av_one_full  el_before_av_one_full  column-top-margin\" style='border-radius:0px; '><section class=\"av_textblock_section \"  itemscope=\"itemscope\" itemtype=\"https:\/\/schema.org\/BlogPosting\" itemprop=\"blogPost\" ><div class='avia_textblock  '   itemprop=\"text\" ><p style=\"text-align: center;\"><strong><span style=\"font-size: 18pt;\">Nueva asignaci\u00f3n permite a m\u00e1s de 795 mil j\u00f3venes contar con beneficios estudiantiles para la Educaci\u00f3n Superior en 2021<\/span><\/strong><\/p>\n<div id=\"gtx-trans\" style=\"position: absolute; left: -50px; top: 4.31534px;\">\n<div class=\"gtx-trans-icon\"><\/div>\n<\/div>\n<\/div><\/section><\/div><div class=\"flex_column av_one_full  flex_column_div av-zero-column-padding first  avia-builder-el-4  el_after_av_one_full  el_before_av_hr  column-top-margin\" style='border-radius:0px; '><section class=\"av_textblock_section \"  itemscope=\"itemscope\" itemtype=\"https:\/\/schema.org\/BlogPosting\" itemprop=\"blogPost\" ><div class='avia_textblock  '   itemprop=\"text\" ><p style=\"font-weight: 400; text-align: justify;\">El Ministerio de Educaci\u00f3n entreg\u00f3 los resultados de la segunda asignaci\u00f3n de beneficios estudiantiles 2021, la cual contempla resultados de alumnos que postularon en el segundo periodo (realizada en los meses de febrero y marzo), de alumnos que renuevan beneficios y tambi\u00e9n de j\u00f3venes que apelaron luego de recibir su primera asignaci\u00f3n en abril. Tras este proceso y a\u00fan restando por conocerse la situaci\u00f3n de quienes apelen a estos resultados, 795.948 j\u00f3venes estudiar\u00e1n con gratuidad, becas y\/o cr\u00e9ditos.<\/p>\n<p style=\"font-weight: 400; text-align: justify;\">De este total, m\u00e1s de 403 mil acceder\u00e1n a gratuidad lo que representa m\u00e1s de la mitad de los beneficiarios y un aumento de casi un 9% con respecto al a\u00f1o pasado en el n\u00famero de ellos. \u201cEstamos contentos de poder comunicar que m\u00e1s de 795 mil j\u00f3venes cuentan hoy con apoyo del Estado para poder financiar sus estudios, m\u00e1s de la mitad de ellos con gratuidad, lo que representa un esfuerzo enorme que hace el pa\u00eds para apoyar a quienes m\u00e1s lo necesitan\u201d, explic\u00f3 el subsecretario de Educaci\u00f3n Superior, Juan Eduardo Vargas, quien destac\u00f3 que con esta nueva asignaci\u00f3n, 2 de cada 3 estudiantes que actualmente est\u00e1n en educaci\u00f3n superior financian total o parcialmente sus estudios gracias al apoyo financiero del Estado. \u201cTambi\u00e9n es importante destacar que la cantidad de beneficiarios por gratuidad sigue aumentando, tal como ha sido la tendencia en los \u00faltimos a\u00f1os, explicado principalmente por la adscripci\u00f3n de nuevas instituciones a esta pol\u00edtica\u201d, puntualiz\u00f3 la autoridad.<\/p>\n<p style=\"font-weight: 400; text-align: justify;\">Respecto de los beneficios otorgados por el Mineduc (gratuidad, becas y cr\u00e9dito Fondo Solidario), un 29% se entreg\u00f3 a j\u00f3venes matriculados en institutos profesionales, 14% en centros de formaci\u00f3n t\u00e9cnica, y 56% a estudiantes matriculados en universidades. Tambi\u00e9n es interesante destacar que del total de beneficiarios de gratuidad, becas y cr\u00e9dito Fondo Solidario, el 57% corresponde a mujeres.<\/p>\n<p style=\"font-weight: 400; text-align: justify;\">Todos los estudiantes pueden revisar sus resultados de gratuidad, becas y cr\u00e9dito Fondo Solidario, desde hoy en\u00a0resultados.beneficiosestudiantiles.cl. En tanto, el detalle de la asignaci\u00f3n sobre el Cr\u00e9dito con Garant\u00eda Estatal (CAE), ser\u00e1 entregado por Comisi\u00f3n Ingresa, a trav\u00e9s del sitio\u00a0<a href=\"http:\/\/www.ingresa.cl\/\" data-saferedirecturl=\"https:\/\/www.google.com\/url?q=http:\/\/www.ingresa.cl&amp;source=gmail&amp;ust=1625079712421000&amp;usg=AFQjCNFku0lEPadvGsyWAnJSuLcFzRE8zQ\">www.ingresa.cl<\/a><\/p>\n<p style=\"font-weight: 400; text-align: justify;\"><strong>Apelaci\u00f3n online<\/strong><\/p>\n<p style=\"font-weight: 400; text-align: justify;\">Adicionalmente, el Mineduc abri\u00f3 hoy un nuevo proceso de apelaci\u00f3n\u00a0<em>online<\/em> para aquellos que no hayan quedado conformes con el resultado informado, el cual se extender\u00e1 hasta el viernes 9 de julio a las 23:59 horas. Para esto, los estudiantes deben ingresar al portal de resultados en\u00a0<a href=\"http:\/\/www.beneficiosestudiantiles.cl\/\" data-saferedirecturl=\"https:\/\/www.google.com\/url?q=http:\/\/www.beneficiosestudiantiles.cl&amp;source=gmail&amp;ust=1625079712421000&amp;usg=AFQjCNGHy-J_0AnUg3ZzmFep6LG3gzjVpA\">resultados.beneficiosestudiantiles.cl\u00a0<\/a>\u00a0y apelar en la misma plataforma en la que postularon, con su RUT y contrase\u00f1a.<\/p>\n<p style=\"font-weight: 400; text-align: justify;\">En este proceso podr\u00e1n apelar tanto aquellos j\u00f3venes que postularon en octubre y noviembre de 2020, y no lo hicieron en abril, as\u00ed como quienes postularon entre febrero y marzo de este a\u00f1o. Para apelar, hay 13 causales distintas, entre ellas, los cambios en los ingresos de las familias o la cesant\u00eda de alguno de sus integrantes. \u201cLlamamos a los j\u00f3venes cuyas familias se han visto afectadas econ\u00f3micamente por la emergencia que estamos viviendo, a que puedan apelar y actualizar su informaci\u00f3n econ\u00f3mica, y as\u00ed el Ministerio pueda evaluar la asignaci\u00f3n de beneficios de acuerdo a esa nueva realidad\u201d, enfatiz\u00f3 el subsecretario Vargas, quien aclar\u00f3 que luego de este proceso probablemente aumentar\u00e1 el n\u00famero total de beneficiados. La gu\u00eda paso a paso para apelar se puede encontrar <a href=\"https:\/\/portal.beneficiosestudiantiles.cl\/sites\/default\/files\/manualapelacion2021.pdf\" data-saferedirecturl=\"https:\/\/www.google.com\/url?q=https:\/\/portal.beneficiosestudiantiles.cl\/sites\/default\/files\/manualapelacion2021.pdf&amp;source=gmail&amp;ust=1625079712421000&amp;usg=AFQjCNHy4GCRGCHEfdQt6uEO-mheNL1GpQ\">aqu\u00ed<\/a>.<\/p>\n<\/div><\/section><\/div><div  style='height:50px' class='hr hr-invisible   avia-builder-el-6  el_after_av_one_full  el_before_av_social_share '><span class='hr-inner ' ><span class='hr-inner-style'><\/span><\/span><\/div><\/p>\n<div  class='av-social-sharing-box  avia-builder-el-7  el_after_av_hr  el_before_av_hr  '><div class='av-share-box'><h5 class='av-share-link-description av-no-toc '>Compartir esta noticia<\/h5><ul class='av-share-box-list noLightbox'><li class='av-share-link av-social-link-facebook' ><a target=\"_blank\" aria-label=\"Compartir en Facebook\" href='https:\/\/www.facebook.com\/sharer.php?u=https:\/\/radiorevelacionfm.cl\/?p=5726&#038;t=Nueva%20asignaci%C3%B3n%20permite%20a%20m%C3%A1s%20de%20795%20mil%20j%C3%B3venes%20contar%20con%20beneficios%20estudiantiles%20para%20la%20Educaci%C3%B3n%20Superior%20en%202021' aria-hidden='false' data-av_icon='\ue8f3' data-av_iconfont='entypo-fontello' title='' data-avia-related-tooltip='Compartir en Facebook' rel=\"noopener\"><span class='avia_hidden_link_text'>Compartir en Facebook<\/span><\/a><\/li><li class='av-share-link av-social-link-twitter' ><a target=\"_blank\" aria-label=\"Compartir en Twitter\" href='https:\/\/twitter.com\/share?text=Nueva%20asignaci%C3%B3n%20permite%20a%20m%C3%A1s%20de%20795%20mil%20j%C3%B3venes%20contar%20con%20beneficios%20estudiantiles%20para%20la%20Educaci%C3%B3n%20Superior%20en%202021&#038;url=https:\/\/radiorevelacionfm.cl\/?p=5726' aria-hidden='false' data-av_icon='\ue8f1' data-av_iconfont='entypo-fontello' title='' data-avia-related-tooltip='Compartir en Twitter' rel=\"noopener\"><span class='avia_hidden_link_text'>Compartir en Twitter<\/span><\/a><\/li><li class='av-share-link av-social-link-whatsapp' ><a target=\"_blank\" aria-label=\"Compartir en Whatsapp\" href='https:\/\/api.whatsapp.com\/send?text=https:\/\/radiorevelacionfm.cl\/?p=5726' aria-hidden='false' data-av_icon='\uf232' data-av_iconfont='entypo-fontello' title='' data-avia-related-tooltip='Compartir en Whatsapp' rel=\"noopener\"><span class='avia_hidden_link_text'>Compartir en Whatsapp<\/span><\/a><\/li><li class='av-share-link av-social-link-linkedin' ><a target=\"_blank\" aria-label=\"Compartir en LinkedIn\" href='https:\/\/linkedin.com\/shareArticle?mini=true&#038;title=Nueva%20asignaci%C3%B3n%20permite%20a%20m%C3%A1s%20de%20795%20mil%20j%C3%B3venes%20contar%20con%20beneficios%20estudiantiles%20para%20la%20Educaci%C3%B3n%20Superior%20en%202021&#038;url=https:\/\/radiorevelacionfm.cl\/?p=5726' aria-hidden='false' data-av_icon='\ue8fc' data-av_iconfont='entypo-fontello' title='' data-avia-related-tooltip='Compartir en LinkedIn' rel=\"noopener\"><span class='avia_hidden_link_text'>Compartir en LinkedIn<\/span><\/a><\/li><li class='av-share-link av-social-link-mail' ><a  aria-label=\"Compartir por correo\" href='mailto:?subject=Nueva%20asignaci%C3%B3n%20permite%20a%20m%C3%A1s%20de%20795%20mil%20j%C3%B3venes%20contar%20con%20beneficios%20estudiantiles%20para%20la%20Educaci%C3%B3n%20Superior%20en%202021&#038;body=https:\/\/radiorevelacionfm.cl\/?p=5726' aria-hidden='false' data-av_icon='\ue805' data-av_iconfont='entypo-fontello' title='' data-avia-related-tooltip='Compartir por correo'><span class='avia_hidden_link_text'>Compartir por correo<\/span><\/a><\/li><\/ul><\/div><\/div>\n<div  style='height:50px' class='hr hr-invisible   avia-builder-el-8  el_after_av_social_share  el_before_av_comments_list '><span class='hr-inner ' ><span class='hr-inner-style'><\/span><\/span><\/div>\n<div  class='av-buildercomment  av-blog-meta-html-info-disabled av-blog-meta-tag-disabled  '><\/div>\n","protected":false},"excerpt":{"rendered":"","protected":false},"author":1,"featured_media":5727,"comment_status":"open","ping_status":"open","sticky":false,"template":"","format":"standard","meta":{"footnotes":""},"categories":[49],"tags":[],"class_list":["post-5726","post","type-post","status-publish","format-standard","has-post-thumbnail","hentry","category-educacion"],"jetpack_featured_media_url":"https:\/\/radiorevelacionfm.cl\/wp-content\/uploads\/2021\/06\/educacion-superior-1-1.jpg","_links":{"self":[{"href":"https:\/\/radiorevelacionfm.cl\/index.php?rest_route=\/wp\/v2\/posts\/5726","targetHints":{"allow":["GET"]}}],"collection":[{"href":"https:\/\/radiorevelacionfm.cl\/index.php?rest_route=\/wp\/v2\/posts"}],"about":[{"href":"https:\/\/radiorevelacionfm.cl\/index.php?rest_route=\/wp\/v2\/types\/post"}],"author":[{"embeddable":true,"href":"https:\/\/radiorevelacionfm.cl\/index.php?rest_route=\/wp\/v2\/users\/1"}],"replies":[{"embeddable":true,"href":"https:\/\/radiorevelacionfm.cl\/index.php?rest_route=%2Fwp%2Fv2%2Fcomments&post=5726"}],"version-history":[{"count":1,"href":"https:\/\/radiorevelacionfm.cl\/index.php?rest_route=\/wp\/v2\/posts\/5726\/revisions"}],"predecessor-version":[{"id":5728,"href":"https:\/\/radiorevelacionfm.cl\/index.php?rest_route=\/wp\/v2\/posts\/5726\/revisions\/5728"}],"wp:featuredmedia":[{"embeddable":true,"href":"https:\/\/radiorevelacionfm.cl\/index.php?rest_route=\/wp\/v2\/media\/5727"}],"wp:attachment":[{"href":"https:\/\/radiorevelacionfm.cl\/index.php?rest_route=%2Fwp%2Fv2%2Fmedia&parent=5726"}],"wp:term":[{"taxonomy":"category","embeddable":true,"href":"https:\/\/radiorevelacionfm.cl\/index.php?rest_route=%2Fwp%2Fv2%2Fcategories&post=5726"},{"taxonomy":"post_tag","embeddable":true,"href":"https:\/\/radiorevelacionfm.cl\/index.php?rest_route=%2Fwp%2Fv2%2Ftags&post=5726"}],"curies":[{"name":"wp","href":"https:\/\/api.w.org\/{rel}","templated":true}]}}