{"id":57258,"date":"2025-08-03T15:04:17","date_gmt":"2025-08-03T18:04:17","guid":{"rendered":"https:\/\/radiorevelacionfm.cl\/?p=57258"},"modified":"2025-08-03T15:04:17","modified_gmt":"2025-08-03T18:04:17","slug":"firman-convenios-para-iniciar-la-ejecucion-de-importantes-obras-en-la-comuna-de-lago-verde","status":"publish","type":"post","link":"https:\/\/radiorevelacionfm.cl\/?p=57258","title":{"rendered":"Firman convenios para iniciar la ejecuci\u00f3n de importantes obras en la comuna de Lago Verde"},"content":{"rendered":"<div class=\"flex_column av_one_full  flex_column_div av-zero-column-padding first  avia-builder-el-0  el_before_av_one_full  avia-builder-el-first  \" style='border-radius:0px; '><div  class='avia-image-container  av-styling-    avia-builder-el-1  avia-builder-el-no-sibling  avia-align-center '  itemprop=\"image\" itemscope=\"itemscope\" itemtype=\"https:\/\/schema.org\/ImageObject\"  ><div class='avia-image-container-inner'><div class='avia-image-overlay-wrap'><img decoding=\"async\" class='wp-image-57259 avia-img-lazy-loading-not-57259 avia_image' src=\"https:\/\/radiorevelacionfm.cl\/wp-content\/uploads\/2025\/08\/Alcaldesa-de-Lago-Verde-y-Seremi-de-Vivienda-firmaron-convenio-para-iniciar-obras-en-localidades-de-esa-comuna-1-1.jpeg\" alt='' title='Alcaldesa de Lago Verde y Seremi de Vivienda firmaron convenio para iniciar obras en localidades de esa comuna (1) (1)' height=\"600\" width=\"810\"  itemprop=\"thumbnailUrl\" srcset=\"https:\/\/radiorevelacionfm.cl\/wp-content\/uploads\/2025\/08\/Alcaldesa-de-Lago-Verde-y-Seremi-de-Vivienda-firmaron-convenio-para-iniciar-obras-en-localidades-de-esa-comuna-1-1.jpeg 810w, https:\/\/radiorevelacionfm.cl\/wp-content\/uploads\/2025\/08\/Alcaldesa-de-Lago-Verde-y-Seremi-de-Vivienda-firmaron-convenio-para-iniciar-obras-en-localidades-de-esa-comuna-1-1-300x222.jpeg 300w, https:\/\/radiorevelacionfm.cl\/wp-content\/uploads\/2025\/08\/Alcaldesa-de-Lago-Verde-y-Seremi-de-Vivienda-firmaron-convenio-para-iniciar-obras-en-localidades-de-esa-comuna-1-1-768x569.jpeg 768w, https:\/\/radiorevelacionfm.cl\/wp-content\/uploads\/2025\/08\/Alcaldesa-de-Lago-Verde-y-Seremi-de-Vivienda-firmaron-convenio-para-iniciar-obras-en-localidades-de-esa-comuna-1-1-705x522.jpeg 705w, https:\/\/radiorevelacionfm.cl\/wp-content\/uploads\/2025\/08\/Alcaldesa-de-Lago-Verde-y-Seremi-de-Vivienda-firmaron-convenio-para-iniciar-obras-en-localidades-de-esa-comuna-1-1-450x333.jpeg 450w, https:\/\/radiorevelacionfm.cl\/wp-content\/uploads\/2025\/08\/Alcaldesa-de-Lago-Verde-y-Seremi-de-Vivienda-firmaron-convenio-para-iniciar-obras-en-localidades-de-esa-comuna-1-1-600x444.jpeg 600w\" sizes=\"(max-width: 810px) 100vw, 810px\" \/><\/div><\/div><\/div><\/div><div class=\"flex_column av_one_full  flex_column_div av-zero-column-padding first  avia-builder-el-2  el_after_av_one_full  el_before_av_one_full  column-top-margin\" style='border-radius:0px; '><section class=\"av_textblock_section \"  itemscope=\"itemscope\" itemtype=\"https:\/\/schema.org\/BlogPosting\" itemprop=\"blogPost\" ><div class='avia_textblock  '   itemprop=\"text\" ><p style=\"text-align: center;\"><strong><span style=\"font-size: 18pt;\">Firman convenios para iniciar la ejecuci\u00f3n de importantes obras en la comuna de Lago Verde <\/span><\/strong><\/p>\n<div id=\"gtx-trans\" style=\"position: absolute; left: -50px; top: 4.31534px;\">\n<div class=\"gtx-trans-icon\"><\/div>\n<\/div>\n<\/div><\/section><\/div><div class=\"flex_column av_one_full  flex_column_div av-zero-column-padding first  avia-builder-el-4  el_after_av_one_full  el_before_av_hr  column-top-margin\" style='border-radius:0px; '><section class=\"av_textblock_section \"  itemscope=\"itemscope\" itemtype=\"https:\/\/schema.org\/BlogPosting\" itemprop=\"blogPost\" ><div class='avia_textblock  '   itemprop=\"text\" ><p style=\"text-align: justify;\">En el marco del Programa para Peque\u00f1as Localidades del Minvu, la comuna de Lago Verde marc\u00f3 un nuevo hito que les permitir\u00e1 iniciar en las pr\u00f3ximas semanas la ejecuci\u00f3n de su obra detonante, denominada \u00abConstrucci\u00f3n de Equipamiento de Uso P\u00fablico en Villa Amengual\u00bb. La iniciativa fue adjudicada a la empresa Constructora Camilo Rogel Alvarado E.I.R.L. por un monto de 74 millones 936 mil pesos y permitir\u00e1 concretar la anhelada sala multiuso para la comunidad, respondiendo a una sentida necesidad de los vecinos y vecinas.<\/p>\n<p style=\"text-align: justify;\">La infraestructura contempla una extensi\u00f3n techada de la sede comunitaria, la cual servir\u00e1 como refugio de pasajeros, ba\u00f1os con accesibilidad universal, y un espacio comunitario de usos m\u00faltiples, fortaleciendo el desarrollo tur\u00edstico y comunitario de Villa Amengual. Se trata de una obra que fue priorizada por la propia comunidad durante el desarrollo del programa, a trav\u00e9s de un proceso participativo que defini\u00f3 las principales carencias y oportunidades del territorio.<\/p>\n<p style=\"text-align: justify;\">La alcaldesa de Lago Verde, Claudia Vald\u00e9s, destac\u00f3 este logro como parte de una trabajo serio y responsable que lleva adelante el municipio y su Concejo junto al Ministerio de Vivienda y Urbanismo, donde ya se empiezan a ver resultados concretos. \u201cTal como dice la Seremi, para nosotros como municipio es muy importante haber adjudicado ya una importante obra en el marco de la ejecuci\u00f3n del Programa de Peque\u00f1as Localidades para Villa Amengual. Esto nos va a permitir la implementaci\u00f3n de una sala multiuso que tiene gran relevancia en el marco de lo que es el desarrollo tur\u00edstico en nuestra comuna. As\u00ed es que muy contentos de que esta obra se pueda ejecutar pronto, lo hemos logrado. Esto es fruto del trabajo conjunto entre los equipos municipales, el Ministerio y la propia comunidad, que ha sido protagonista del desarrollo de su territorio. As\u00ed es que muchas gracias tambi\u00e9n al apoyo que hemos tenido por parte de la Seremi de Vivienda y Urbanismo de nuestra regi\u00f3n de Ays\u00e9n\u201d, sostuvo.<\/p>\n<p style=\"text-align: justify;\">Esta noticia se suma a la firma de dos nuevos convenios de transferencia para el dise\u00f1o de iniciativas del Componente Urbano del Programa: el \u00abMejoramiento Plaza de Borde Urbano Villa Amengual\u00bb y la \u00abConstrucci\u00f3n Edificio Multiprop\u00f3sito Cerro La Cruz, Villa La Tapera\u00bb, que suman m\u00e1s de 79 millones de pesos en inversi\u00f3n para la etapa de dise\u00f1o. Ambos proyectos consideran una duraci\u00f3n estimada de cuatro meses y permitir\u00e1n seguir impulsando mejoras urbanas de alto impacto para las vecinas y vecinos de la comuna.<\/p>\n<p style=\"text-align: justify;\">Por su parte la Seremi de Vivienda y Urbanismo, Paulina Ruz Delf\u00edn, recalc\u00f3 la importancia de estos convenios que potencian la gran labor que venido desarrollando el Gobierno en todo el territorio, que como en este caso se traducen en obras concretas para mejorar la vida de cientos de familias. \u00abEn diez a\u00f1os del programa en la regi\u00f3n de Ays\u00e9n, llevamos seis localidades seleccionadas y hemos realizado un importante trabajo con cada una de ellas. Pero quiero reconocer el impulso que le ha dado en este \u00faltimo tiempo el municipio de Lago Verde a sacar adelante las iniciativas para mejorar la calidad de vida de las vecinas y vecinos de su comuna. Esto para nosotros es tremendamente significativo ya que por una parte descentraliza los beneficios del Estado, trabajamos con las comunidades y tambi\u00e9n vemos c\u00f3mo hay un trabajo colaborativo importante y una intenci\u00f3n de querer ayudar realmente a la comunidad, que es algo que nos motiva y nos compromete para seguir avanzando\u201d, acot\u00f3.<\/p>\n<p style=\"text-align: justify;\">El Programa para Peque\u00f1as Localidades del Ministerio de Vivienda busca mejorar la calidad de vida de comunidades de menos de 20 mil habitantes a trav\u00e9s de una inversi\u00f3n integral y multisectorial que se extiende por cinco a\u00f1os. En el caso del sistema de localidades de Lago Verde, Villa Amengual y La Tapera, el trabajo ha sido liderado por el municipio con acompa\u00f1amiento del Minvu y considera tanto proyectos de infraestructura como fortalecimiento de la gesti\u00f3n local.<\/p>\n<\/div><\/section><\/div><div  style='height:50px' class='hr hr-invisible   avia-builder-el-6  el_after_av_one_full  el_before_av_social_share '><span class='hr-inner ' ><span class='hr-inner-style'><\/span><\/span><\/div><\/p>\n<div  class='av-social-sharing-box  avia-builder-el-7  el_after_av_hr  el_before_av_hr  '><div class='av-share-box'><h5 class='av-share-link-description av-no-toc '>Compartir esta noticia<\/h5><ul class='av-share-box-list noLightbox'><li class='av-share-link av-social-link-facebook' ><a target=\"_blank\" aria-label=\"Compartir en Facebook\" href='https:\/\/www.facebook.com\/sharer.php?u=https:\/\/radiorevelacionfm.cl\/?p=57258&#038;t=Firman%20convenios%20para%20iniciar%20la%20ejecuci%C3%B3n%20de%20importantes%20obras%20en%20la%20comuna%20de%20Lago%20Verde' aria-hidden='false' data-av_icon='\ue8f3' data-av_iconfont='entypo-fontello' title='' data-avia-related-tooltip='Compartir en Facebook' rel=\"noopener\"><span class='avia_hidden_link_text'>Compartir en Facebook<\/span><\/a><\/li><li class='av-share-link av-social-link-twitter' ><a target=\"_blank\" aria-label=\"Compartir en Twitter\" href='https:\/\/twitter.com\/share?text=Firman%20convenios%20para%20iniciar%20la%20ejecuci%C3%B3n%20de%20importantes%20obras%20en%20la%20comuna%20de%20Lago%20Verde&#038;url=https:\/\/radiorevelacionfm.cl\/?p=57258' aria-hidden='false' data-av_icon='\ue8f1' data-av_iconfont='entypo-fontello' title='' data-avia-related-tooltip='Compartir en Twitter' rel=\"noopener\"><span class='avia_hidden_link_text'>Compartir en Twitter<\/span><\/a><\/li><li class='av-share-link av-social-link-whatsapp' ><a target=\"_blank\" aria-label=\"Compartir en Whatsapp\" href='https:\/\/api.whatsapp.com\/send?text=https:\/\/radiorevelacionfm.cl\/?p=57258' aria-hidden='false' data-av_icon='\uf232' data-av_iconfont='entypo-fontello' title='' data-avia-related-tooltip='Compartir en Whatsapp' rel=\"noopener\"><span class='avia_hidden_link_text'>Compartir en Whatsapp<\/span><\/a><\/li><li class='av-share-link av-social-link-linkedin' ><a target=\"_blank\" aria-label=\"Compartir en LinkedIn\" href='https:\/\/linkedin.com\/shareArticle?mini=true&#038;title=Firman%20convenios%20para%20iniciar%20la%20ejecuci%C3%B3n%20de%20importantes%20obras%20en%20la%20comuna%20de%20Lago%20Verde&#038;url=https:\/\/radiorevelacionfm.cl\/?p=57258' aria-hidden='false' data-av_icon='\ue8fc' data-av_iconfont='entypo-fontello' title='' data-avia-related-tooltip='Compartir en LinkedIn' rel=\"noopener\"><span class='avia_hidden_link_text'>Compartir en LinkedIn<\/span><\/a><\/li><li class='av-share-link av-social-link-mail' ><a  aria-label=\"Compartir por correo\" href='mailto:?subject=Firman%20convenios%20para%20iniciar%20la%20ejecuci%C3%B3n%20de%20importantes%20obras%20en%20la%20comuna%20de%20Lago%20Verde&#038;body=https:\/\/radiorevelacionfm.cl\/?p=57258' aria-hidden='false' data-av_icon='\ue805' data-av_iconfont='entypo-fontello' title='' data-avia-related-tooltip='Compartir por correo'><span class='avia_hidden_link_text'>Compartir por correo<\/span><\/a><\/li><\/ul><\/div><\/div>\n<div  style='height:50px' class='hr hr-invisible   avia-builder-el-8  el_after_av_social_share  el_before_av_comments_list '><span class='hr-inner ' ><span class='hr-inner-style'><\/span><\/span><\/div>\n<div  class='av-buildercomment  av-blog-meta-html-info-disabled av-blog-meta-tag-disabled  '><\/div>\n","protected":false},"excerpt":{"rendered":"","protected":false},"author":1,"featured_media":57259,"comment_status":"closed","ping_status":"closed","sticky":false,"template":"","format":"standard","meta":{"footnotes":""},"categories":[57],"tags":[],"class_list":["post-57258","post","type-post","status-publish","format-standard","has-post-thumbnail","hentry","category-vivienda"],"jetpack_featured_media_url":"https:\/\/radiorevelacionfm.cl\/wp-content\/uploads\/2025\/08\/Alcaldesa-de-Lago-Verde-y-Seremi-de-Vivienda-firmaron-convenio-para-iniciar-obras-en-localidades-de-esa-comuna-1-1.jpeg","_links":{"self":[{"href":"https:\/\/radiorevelacionfm.cl\/index.php?rest_route=\/wp\/v2\/posts\/57258","targetHints":{"allow":["GET"]}}],"collection":[{"href":"https:\/\/radiorevelacionfm.cl\/index.php?rest_route=\/wp\/v2\/posts"}],"about":[{"href":"https:\/\/radiorevelacionfm.cl\/index.php?rest_route=\/wp\/v2\/types\/post"}],"author":[{"embeddable":true,"href":"https:\/\/radiorevelacionfm.cl\/index.php?rest_route=\/wp\/v2\/users\/1"}],"replies":[{"embeddable":true,"href":"https:\/\/radiorevelacionfm.cl\/index.php?rest_route=%2Fwp%2Fv2%2Fcomments&post=57258"}],"version-history":[{"count":2,"href":"https:\/\/radiorevelacionfm.cl\/index.php?rest_route=\/wp\/v2\/posts\/57258\/revisions"}],"predecessor-version":[{"id":57262,"href":"https:\/\/radiorevelacionfm.cl\/index.php?rest_route=\/wp\/v2\/posts\/57258\/revisions\/57262"}],"wp:featuredmedia":[{"embeddable":true,"href":"https:\/\/radiorevelacionfm.cl\/index.php?rest_route=\/wp\/v2\/media\/57259"}],"wp:attachment":[{"href":"https:\/\/radiorevelacionfm.cl\/index.php?rest_route=%2Fwp%2Fv2%2Fmedia&parent=57258"}],"wp:term":[{"taxonomy":"category","embeddable":true,"href":"https:\/\/radiorevelacionfm.cl\/index.php?rest_route=%2Fwp%2Fv2%2Fcategories&post=57258"},{"taxonomy":"post_tag","embeddable":true,"href":"https:\/\/radiorevelacionfm.cl\/index.php?rest_route=%2Fwp%2Fv2%2Ftags&post=57258"}],"curies":[{"name":"wp","href":"https:\/\/api.w.org\/{rel}","templated":true}]}}