{"id":57244,"date":"2025-08-02T19:42:54","date_gmt":"2025-08-02T22:42:54","guid":{"rendered":"https:\/\/radiorevelacionfm.cl\/?p=57244"},"modified":"2025-08-02T19:42:54","modified_gmt":"2025-08-02T22:42:54","slug":"carabineros-de-coyhaique-detuvo-a-sujeto-por-robo-en-parcela-siendo-vinculado-a-segundo-delito-en-el-mismo-lugar-gracias-a-investigacion-multidisciplinaria","status":"publish","type":"post","link":"https:\/\/radiorevelacionfm.cl\/?p=57244","title":{"rendered":"Carabineros de Coyhaique detuvo a sujeto por robo en parcela siendo vinculado a segundo delito en el mismo lugar gracias a investigaci\u00f3n multidisciplinaria"},"content":{"rendered":"<div class=\"flex_column av_one_full  flex_column_div av-zero-column-padding first  avia-builder-el-0  el_before_av_one_full  avia-builder-el-first  \" style='border-radius:0px; '><div  class='avia-image-container  av-styling-    avia-builder-el-1  avia-builder-el-no-sibling  avia-align-center '  itemprop=\"image\" itemscope=\"itemscope\" itemtype=\"https:\/\/schema.org\/ImageObject\"  ><div class='avia-image-container-inner'><div class='avia-image-overlay-wrap'><img decoding=\"async\" class='wp-image-57245 avia-img-lazy-loading-not-57245 avia_image' src=\"https:\/\/radiorevelacionfm.cl\/wp-content\/uploads\/2025\/08\/detenido-carabineros-1-1.jpg\" alt='' title='detenido carabineros (1) (1)' height=\"600\" width=\"899\"  itemprop=\"thumbnailUrl\" srcset=\"https:\/\/radiorevelacionfm.cl\/wp-content\/uploads\/2025\/08\/detenido-carabineros-1-1.jpg 899w, https:\/\/radiorevelacionfm.cl\/wp-content\/uploads\/2025\/08\/detenido-carabineros-1-1-300x200.jpg 300w, https:\/\/radiorevelacionfm.cl\/wp-content\/uploads\/2025\/08\/detenido-carabineros-1-1-768x513.jpg 768w, https:\/\/radiorevelacionfm.cl\/wp-content\/uploads\/2025\/08\/detenido-carabineros-1-1-705x471.jpg 705w, https:\/\/radiorevelacionfm.cl\/wp-content\/uploads\/2025\/08\/detenido-carabineros-1-1-450x300.jpg 450w, https:\/\/radiorevelacionfm.cl\/wp-content\/uploads\/2025\/08\/detenido-carabineros-1-1-600x400.jpg 600w\" sizes=\"(max-width: 899px) 100vw, 899px\" \/><\/div><\/div><\/div><\/div><div class=\"flex_column av_one_full  flex_column_div av-zero-column-padding first  avia-builder-el-2  el_after_av_one_full  el_before_av_one_full  column-top-margin\" style='border-radius:0px; '><section class=\"av_textblock_section \"  itemscope=\"itemscope\" itemtype=\"https:\/\/schema.org\/BlogPosting\" itemprop=\"blogPost\" ><div class='avia_textblock  '   itemprop=\"text\" ><p style=\"text-align: center;\"><strong><span style=\"font-size: 18pt;\">Carabineros de Coyhaique detuvo a sujeto por robo en parcela siendo vinculado a segundo delito en el mismo lugar gracias a investigaci\u00f3n multidisciplinaria<\/span><\/strong><\/p>\n<div id=\"gtx-trans\" style=\"position: absolute; left: -50px; top: 4.31534px;\">\n<div class=\"gtx-trans-icon\"><\/div>\n<\/div>\n<\/div><\/section><\/div><div class=\"flex_column av_one_full  flex_column_div av-zero-column-padding first  avia-builder-el-4  el_after_av_one_full  el_before_av_hr  column-top-margin\" style='border-radius:0px; '><section class=\"av_textblock_section \"  itemscope=\"itemscope\" itemtype=\"https:\/\/schema.org\/BlogPosting\" itemprop=\"blogPost\" ><div class='avia_textblock  '   itemprop=\"text\" ><ul>\n<li dir=\"ltr\">\n<p dir=\"ltr\" style=\"text-align: justify;\"><em>El sujeto de 40 a\u00f1os hab\u00eda llegado a bordo de un veh\u00edculo, siendo sorprendido con candados y cadenas del predio, cortadas.<\/em><\/p>\n<\/li>\n<li dir=\"ltr\" style=\"text-align: justify;\">\n<p dir=\"ltr\"><em>Las diligencias y peritajes est\u00e1n a cargo de la SIP y LABOCAR en coordinaci\u00f3n con la Fiscal\u00eda.<\/em><\/p>\n<\/li>\n<\/ul>\n<p style=\"text-align: justify;\">Diligencias desarrolladas por Carabineros de la 1ra Comisar\u00eda de Coyhaique culminaron con la detenci\u00f3n de un sujeto que fue sorprendido robando especies al interior de un inmueble en el sector rural de Panguilemu.<\/p>\n<p dir=\"ltr\" style=\"text-align: justify;\">Gracias a un r\u00e1pido operativo policial, sumado al trabajo desarrollado por personal de la Secci\u00f3n de Investigaci\u00f3n Policial (SIP) de esta Unidad -en coordinaci\u00f3n con el Ministerio P\u00fablico- el imputado fue vinculado adem\u00e1s a otro delito de similares caracter\u00edsticas ocurrido d\u00edas atr\u00e1s en este mismo domicilio.<\/p>\n<p dir=\"ltr\" style=\"text-align: justify;\">El hecho se registr\u00f3 alrededor de las 11:00 horas del viernes, instante en que Carabineros recibi\u00f3 un llamado al tel\u00e9fono del n\u00famero del cuadrante, siendo alertados sobre un posible robo en curso.<\/p>\n<p dir=\"ltr\" style=\"text-align: justify;\">Al llegar al domicilio del sector Panguilemu, el personal policial se entrevist\u00f3 con la v\u00edctima, quien se\u00f1al\u00f3 haber observado a trav\u00e9s de c\u00e1maras de seguridad c\u00f3mo un veh\u00edculo ingresaba al terreno de su vecino para aparentemente sustraer especies.<\/p>\n<p dir=\"ltr\" style=\"text-align: justify;\">Gracias a la oportuna respuesta, se logr\u00f3 la detenci\u00f3n de un hombre chileno de 40 a\u00f1os de edad, quien manten\u00eda en su poder los candados y cadenas del cierre perimetral cortados con una herramienta tipo galletera, encontrada al interior del m\u00f3vil utilizado.<\/p>\n<p dir=\"ltr\" style=\"text-align: justify;\"><strong>Diligencias y peritajes<\/strong><\/p>\n<p dir=\"ltr\" style=\"text-align: justify;\">Por instrucci\u00f3n del Ministerio P\u00fablico, se dispuso la concurrencia de la Secci\u00f3n de Investigaci\u00f3n Policial (SIP) y del Laboratorio de Criminal\u00edstica de Carabineros (LABOCAR), quienes trabajaron en el sitio del suceso levantando evidencia y recopilando antecedentes.\u00a0 \u00a0 En este contexto, personal especializado de LABOCAR realiz\u00f3 un trabajo pericial detallado en el lugar, logrando establecer posteriormente que el imputado manten\u00eda en su poder las herramientas con las cuales se habr\u00eda provocado el da\u00f1o en el sistema de seguridad del cierre perimetral del inmueble de la v\u00edctima.<\/p>\n<p dir=\"ltr\" style=\"text-align: justify;\"><strong>Vinculan a sujeto con anterior robo<\/strong><\/p>\n<p dir=\"ltr\" style=\"text-align: justify;\">Como resultado de un trabajo multidisciplinario entre personal territorial, SIP, LABOCAR y la Fiscal\u00eda Local, se logr\u00f3 establecer que el detenido tambi\u00e9n estar\u00eda implicado en un robo similar ocurrido el pasado 28 de julio en el mismo domicilio, lo que fue confirmado mediante registros de videovigilancia que ubicaban al imputado y su veh\u00edculo en el lugar de los hechos.<\/p>\n<p dir=\"ltr\" style=\"text-align: justify;\">El sujeto fue puesto a disposici\u00f3n del Juzgado de Garant\u00eda para control de detenci\u00f3n por el delito de robo en lugar habitado. En tanto, Carabineros contin\u00faa reforzando su trabajo preventivo y de investigaci\u00f3n en la comuna, destacando la coordinaci\u00f3n efectiva entre unidades especializadas y el Ministerio P\u00fablico para entregar respuestas concretas a la ciudadan\u00eda frente a este tipo de hechos delictuales.<\/p>\n<\/div><\/section><\/div><div  style='height:50px' class='hr hr-invisible   avia-builder-el-6  el_after_av_one_full  el_before_av_social_share '><span class='hr-inner ' ><span class='hr-inner-style'><\/span><\/span><\/div><\/p>\n<div  class='av-social-sharing-box  avia-builder-el-7  el_after_av_hr  el_before_av_hr  '><div class='av-share-box'><h5 class='av-share-link-description av-no-toc '>Compartir esta noticia<\/h5><ul class='av-share-box-list noLightbox'><li class='av-share-link av-social-link-facebook' ><a target=\"_blank\" aria-label=\"Compartir en Facebook\" href='https:\/\/www.facebook.com\/sharer.php?u=https:\/\/radiorevelacionfm.cl\/?p=57244&#038;t=Carabineros%20de%20Coyhaique%20detuvo%20a%20sujeto%20por%20robo%20en%20parcela%20siendo%20vinculado%20a%20segundo%20delito%20en%20el%20mismo%20lugar%20gracias%20a%20investigaci%C3%B3n%20multidisciplinaria' aria-hidden='false' data-av_icon='\ue8f3' data-av_iconfont='entypo-fontello' title='' data-avia-related-tooltip='Compartir en Facebook' rel=\"noopener\"><span class='avia_hidden_link_text'>Compartir en Facebook<\/span><\/a><\/li><li class='av-share-link av-social-link-twitter' ><a target=\"_blank\" aria-label=\"Compartir en Twitter\" href='https:\/\/twitter.com\/share?text=Carabineros%20de%20Coyhaique%20detuvo%20a%20sujeto%20por%20robo%20en%20parcela%20siendo%20vinculado%20a%20segundo%20delito%20en%20el%20mismo%20lugar%20gracias%20a%20investigaci%C3%B3n%20multidisciplinaria&#038;url=https:\/\/radiorevelacionfm.cl\/?p=57244' aria-hidden='false' data-av_icon='\ue8f1' data-av_iconfont='entypo-fontello' title='' data-avia-related-tooltip='Compartir en Twitter' rel=\"noopener\"><span class='avia_hidden_link_text'>Compartir en Twitter<\/span><\/a><\/li><li class='av-share-link av-social-link-whatsapp' ><a target=\"_blank\" aria-label=\"Compartir en Whatsapp\" href='https:\/\/api.whatsapp.com\/send?text=https:\/\/radiorevelacionfm.cl\/?p=57244' aria-hidden='false' data-av_icon='\uf232' data-av_iconfont='entypo-fontello' title='' data-avia-related-tooltip='Compartir en Whatsapp' rel=\"noopener\"><span class='avia_hidden_link_text'>Compartir en Whatsapp<\/span><\/a><\/li><li class='av-share-link av-social-link-linkedin' ><a target=\"_blank\" aria-label=\"Compartir en LinkedIn\" href='https:\/\/linkedin.com\/shareArticle?mini=true&#038;title=Carabineros%20de%20Coyhaique%20detuvo%20a%20sujeto%20por%20robo%20en%20parcela%20siendo%20vinculado%20a%20segundo%20delito%20en%20el%20mismo%20lugar%20gracias%20a%20investigaci%C3%B3n%20multidisciplinaria&#038;url=https:\/\/radiorevelacionfm.cl\/?p=57244' aria-hidden='false' data-av_icon='\ue8fc' data-av_iconfont='entypo-fontello' title='' data-avia-related-tooltip='Compartir en LinkedIn' rel=\"noopener\"><span class='avia_hidden_link_text'>Compartir en LinkedIn<\/span><\/a><\/li><li class='av-share-link av-social-link-mail' ><a  aria-label=\"Compartir por correo\" href='mailto:?subject=Carabineros%20de%20Coyhaique%20detuvo%20a%20sujeto%20por%20robo%20en%20parcela%20siendo%20vinculado%20a%20segundo%20delito%20en%20el%20mismo%20lugar%20gracias%20a%20investigaci%C3%B3n%20multidisciplinaria&#038;body=https:\/\/radiorevelacionfm.cl\/?p=57244' aria-hidden='false' data-av_icon='\ue805' data-av_iconfont='entypo-fontello' title='' data-avia-related-tooltip='Compartir por correo'><span class='avia_hidden_link_text'>Compartir por correo<\/span><\/a><\/li><\/ul><\/div><\/div>\n<div  style='height:50px' class='hr hr-invisible   avia-builder-el-8  el_after_av_social_share  el_before_av_comments_list '><span class='hr-inner ' ><span class='hr-inner-style'><\/span><\/span><\/div>\n<div  class='av-buildercomment  av-blog-meta-html-info-disabled av-blog-meta-tag-disabled  '><\/div>\n","protected":false},"excerpt":{"rendered":"","protected":false},"author":1,"featured_media":57245,"comment_status":"closed","ping_status":"closed","sticky":false,"template":"","format":"standard","meta":{"footnotes":""},"categories":[36],"tags":[],"class_list":["post-57244","post","type-post","status-publish","format-standard","has-post-thumbnail","hentry","category-policial"],"jetpack_featured_media_url":"https:\/\/radiorevelacionfm.cl\/wp-content\/uploads\/2025\/08\/detenido-carabineros-1-1.jpg","_links":{"self":[{"href":"https:\/\/radiorevelacionfm.cl\/index.php?rest_route=\/wp\/v2\/posts\/57244","targetHints":{"allow":["GET"]}}],"collection":[{"href":"https:\/\/radiorevelacionfm.cl\/index.php?rest_route=\/wp\/v2\/posts"}],"about":[{"href":"https:\/\/radiorevelacionfm.cl\/index.php?rest_route=\/wp\/v2\/types\/post"}],"author":[{"embeddable":true,"href":"https:\/\/radiorevelacionfm.cl\/index.php?rest_route=\/wp\/v2\/users\/1"}],"replies":[{"embeddable":true,"href":"https:\/\/radiorevelacionfm.cl\/index.php?rest_route=%2Fwp%2Fv2%2Fcomments&post=57244"}],"version-history":[{"count":2,"href":"https:\/\/radiorevelacionfm.cl\/index.php?rest_route=\/wp\/v2\/posts\/57244\/revisions"}],"predecessor-version":[{"id":57247,"href":"https:\/\/radiorevelacionfm.cl\/index.php?rest_route=\/wp\/v2\/posts\/57244\/revisions\/57247"}],"wp:featuredmedia":[{"embeddable":true,"href":"https:\/\/radiorevelacionfm.cl\/index.php?rest_route=\/wp\/v2\/media\/57245"}],"wp:attachment":[{"href":"https:\/\/radiorevelacionfm.cl\/index.php?rest_route=%2Fwp%2Fv2%2Fmedia&parent=57244"}],"wp:term":[{"taxonomy":"category","embeddable":true,"href":"https:\/\/radiorevelacionfm.cl\/index.php?rest_route=%2Fwp%2Fv2%2Fcategories&post=57244"},{"taxonomy":"post_tag","embeddable":true,"href":"https:\/\/radiorevelacionfm.cl\/index.php?rest_route=%2Fwp%2Fv2%2Ftags&post=57244"}],"curies":[{"name":"wp","href":"https:\/\/api.w.org\/{rel}","templated":true}]}}