{"id":57238,"date":"2025-08-02T12:42:46","date_gmt":"2025-08-02T15:42:46","guid":{"rendered":"https:\/\/radiorevelacionfm.cl\/?p=57238"},"modified":"2025-08-02T12:49:32","modified_gmt":"2025-08-02T15:49:32","slug":"seremi-de-educacion-katherine-miqueles-sobre-agresion-a-estudiantes-del-liceo-manihuales","status":"publish","type":"post","link":"https:\/\/radiorevelacionfm.cl\/?p=57238","title":{"rendered":"Seremi de Educaci\u00f3n Katherine Miqueles sobre agresi\u00f3n a estudiante del Liceo Ma\u00f1ihuales"},"content":{"rendered":"<div class=\"flex_column av_one_full  flex_column_div av-zero-column-padding first  avia-builder-el-0  el_before_av_one_full  avia-builder-el-first  \" style='border-radius:0px; '><div  class='avia-image-container  av-styling-    avia-builder-el-1  avia-builder-el-no-sibling  avia-align-center '  itemprop=\"image\" itemscope=\"itemscope\" itemtype=\"https:\/\/schema.org\/ImageObject\"  ><div class='avia-image-container-inner'><div class='avia-image-overlay-wrap'><img decoding=\"async\" class='wp-image-57212 avia-img-lazy-loading-not-57212 avia_image' src=\"https:\/\/radiorevelacionfm.cl\/wp-content\/uploads\/2025\/08\/liceo-de-manihuales_optimized.jpg\" alt='' title='liceo-de-ma\u00f1ihuales_optimized' height=\"600\" width=\"800\"  itemprop=\"thumbnailUrl\" srcset=\"https:\/\/radiorevelacionfm.cl\/wp-content\/uploads\/2025\/08\/liceo-de-manihuales_optimized.jpg 800w, https:\/\/radiorevelacionfm.cl\/wp-content\/uploads\/2025\/08\/liceo-de-manihuales_optimized-300x225.jpg 300w, https:\/\/radiorevelacionfm.cl\/wp-content\/uploads\/2025\/08\/liceo-de-manihuales_optimized-768x576.jpg 768w, https:\/\/radiorevelacionfm.cl\/wp-content\/uploads\/2025\/08\/liceo-de-manihuales_optimized-705x529.jpg 705w, https:\/\/radiorevelacionfm.cl\/wp-content\/uploads\/2025\/08\/liceo-de-manihuales_optimized-450x338.jpg 450w, https:\/\/radiorevelacionfm.cl\/wp-content\/uploads\/2025\/08\/liceo-de-manihuales_optimized-600x450.jpg 600w\" sizes=\"(max-width: 800px) 100vw, 800px\" \/><\/div><\/div><\/div><\/div>\n<div class=\"flex_column av_one_full  flex_column_div av-zero-column-padding first  avia-builder-el-2  el_after_av_one_full  el_before_av_one_full  column-top-margin\" style='border-radius:0px; '><section class=\"av_textblock_section \"  itemscope=\"itemscope\" itemtype=\"https:\/\/schema.org\/BlogPosting\" itemprop=\"blogPost\" ><div class='avia_textblock  '   itemprop=\"text\" ><p style=\"text-align: center;\"><strong><span style=\"font-size: 18pt;\">Seremi de Educaci\u00f3n Katherine Miqueles sobre agresi\u00f3n a estudiante del Liceo Ma\u00f1ihuales<\/span><\/strong><\/p>\n<div id=\"gtx-trans\" style=\"position: absolute; left: -50px; top: 4.31534px;\">\n<div class=\"gtx-trans-icon\"><\/div>\n<\/div>\n<\/div><\/section><\/div><div class=\"flex_column av_one_full  flex_column_div av-zero-column-padding first  avia-builder-el-4  el_after_av_one_full  el_before_av_hr  column-top-margin\" style='border-radius:0px; '><section class=\"av_textblock_section \"  itemscope=\"itemscope\" itemtype=\"https:\/\/schema.org\/BlogPosting\" itemprop=\"blogPost\" ><div class='avia_textblock  '   itemprop=\"text\" ><p style=\"text-align: justify;\">Condenamos la situaci\u00f3n vivida el jueves 31 de julio en el Liceo Ma\u00f1ihuales de Ays\u00e9n y esperamos la pronta recuperaci\u00f3n del estudiante agredido. Las causas del hecho son materia de investigaci\u00f3n por equipos interdisciplinarios.<\/p>\n<p style=\"text-align: justify;\">Una de nuestras prioridades es que las escuelas y liceos sean espacios seguros y de bienestar, por lo tanto, es inaceptable que hechos como estos ocurran al interior de los establecimientos educacionales.<\/p>\n<p style=\"text-align: justify;\">Desde la Seremi de Educaci\u00f3n y el Servicio Local de Educaci\u00f3n P\u00fablica de Ays\u00e9n nos hemos puesto a disposici\u00f3n de la familia y de la comunidad educativa, que est\u00e1 afectada por este incidente.<\/p>\n<p style=\"text-align: justify;\">Tras el incidente, el director ejecutivo del SLEP Ays\u00e9n se reuni\u00f3 con los padres, madres y apoderados del curso afectado, ocasi\u00f3n en la que se comprometieron acciones de contenci\u00f3n y apoyo para todos los integrantes de la comunidad educativa. En este contexto, el Servicio Local dispuso el apoyo de un equipo multidisciplinario de funcionarios, para el abordaje de la contingencia.<\/p>\n<p style=\"text-align: justify;\">Tambi\u00e9n continuamos impulsando en el territorio la Estrategia Nacional de Salud Mental, la formaci\u00f3n regional en Convivencia Educativa de los asistentes de la educaci\u00f3n y se ha presentado la Actualizaci\u00f3n de la Pol\u00edtica Nacional de Convivencia Educativa.<\/p>\n<p style=\"text-align: justify;\">Otra iniciativa es el Programa Comunidades Educativas Protegidas, que se enfoca en la prevenci\u00f3n y abordaje de la violencia en contextos educativos de 66 comunas priorizadas, trabajando para fortalecer la convivencia escolar y promover el bienestar socioemocional.<\/p>\n<p style=\"text-align: justify;\">En el \u00e1mbito legislativo, estamos impulsando el proyecto de ley de convivencia, buen trato y bienestar de las comunidades educativas, que est\u00e1 en tramitaci\u00f3n en el Congreso y que propone un nuevo est\u00e1ndar para la gesti\u00f3n interna de la convivencia.<\/p>\n<p style=\"text-align: justify;\">Resulta crucial propiciar espacios formativos amplios, de encuentro y di\u00e1logo, pues entre todos y todas debemos trabajar para que los establecimientos educativos sean siempre espacios de cuidado, bienestar y protecci\u00f3n.<\/p>\n<p style=\"text-align: justify;\">Desde Mineduc hemos invitado a todos los establecimientos del pa\u00eds a participar en la jornada nacional de reflexi\u00f3n denominada \u201cPresentes contra la Violencia\u201d. Reiteramos nuestro compromiso en la regi\u00f3n con esta iniciativa y convocamos permanentemente a los establecimientos educacionales a incorporar en su quehacer espacios de reflexi\u00f3n, que fortalezcan a la escuela como un espacio seguro para el desarrollo de los aprendizajes y formaci\u00f3n integral de ni\u00f1as, ni\u00f1os y adolescentes.<\/p>\n<\/div><\/section><\/div><\/p>\n<div  style='height:50px' class='hr hr-invisible   avia-builder-el-6  el_after_av_one_full  el_before_av_social_share '><span class='hr-inner ' ><span class='hr-inner-style'><\/span><\/span><\/div>\n<div  class='av-social-sharing-box  avia-builder-el-7  el_after_av_hr  el_before_av_hr  '><div class='av-share-box'><h5 class='av-share-link-description av-no-toc '>Compartir esta noticia<\/h5><ul class='av-share-box-list noLightbox'><li class='av-share-link av-social-link-facebook' ><a target=\"_blank\" aria-label=\"Compartir en Facebook\" href='https:\/\/www.facebook.com\/sharer.php?u=https:\/\/radiorevelacionfm.cl\/?p=57238&#038;t=Seremi%20de%20Educaci%C3%B3n%20Katherine%20Miqueles%20sobre%20agresi%C3%B3n%20a%20estudiante%20del%20Liceo%20Ma%C3%B1ihuales' aria-hidden='false' data-av_icon='\ue8f3' data-av_iconfont='entypo-fontello' title='' data-avia-related-tooltip='Compartir en Facebook' rel=\"noopener\"><span class='avia_hidden_link_text'>Compartir en Facebook<\/span><\/a><\/li><li class='av-share-link av-social-link-twitter' ><a target=\"_blank\" aria-label=\"Compartir en Twitter\" href='https:\/\/twitter.com\/share?text=Seremi%20de%20Educaci%C3%B3n%20Katherine%20Miqueles%20sobre%20agresi%C3%B3n%20a%20estudiante%20del%20Liceo%20Ma%C3%B1ihuales&#038;url=https:\/\/radiorevelacionfm.cl\/?p=57238' aria-hidden='false' data-av_icon='\ue8f1' data-av_iconfont='entypo-fontello' title='' data-avia-related-tooltip='Compartir en Twitter' rel=\"noopener\"><span class='avia_hidden_link_text'>Compartir en Twitter<\/span><\/a><\/li><li class='av-share-link av-social-link-whatsapp' ><a target=\"_blank\" aria-label=\"Compartir en Whatsapp\" href='https:\/\/api.whatsapp.com\/send?text=https:\/\/radiorevelacionfm.cl\/?p=57238' aria-hidden='false' data-av_icon='\uf232' data-av_iconfont='entypo-fontello' title='' data-avia-related-tooltip='Compartir en Whatsapp' rel=\"noopener\"><span class='avia_hidden_link_text'>Compartir en Whatsapp<\/span><\/a><\/li><li class='av-share-link av-social-link-linkedin' ><a target=\"_blank\" aria-label=\"Compartir en LinkedIn\" href='https:\/\/linkedin.com\/shareArticle?mini=true&#038;title=Seremi%20de%20Educaci%C3%B3n%20Katherine%20Miqueles%20sobre%20agresi%C3%B3n%20a%20estudiante%20del%20Liceo%20Ma%C3%B1ihuales&#038;url=https:\/\/radiorevelacionfm.cl\/?p=57238' aria-hidden='false' data-av_icon='\ue8fc' data-av_iconfont='entypo-fontello' title='' data-avia-related-tooltip='Compartir en LinkedIn' rel=\"noopener\"><span class='avia_hidden_link_text'>Compartir en LinkedIn<\/span><\/a><\/li><li class='av-share-link av-social-link-mail' ><a  aria-label=\"Compartir por correo\" href='mailto:?subject=Seremi%20de%20Educaci%C3%B3n%20Katherine%20Miqueles%20sobre%20agresi%C3%B3n%20a%20estudiante%20del%20Liceo%20Ma%C3%B1ihuales&#038;body=https:\/\/radiorevelacionfm.cl\/?p=57238' aria-hidden='false' data-av_icon='\ue805' data-av_iconfont='entypo-fontello' title='' data-avia-related-tooltip='Compartir por correo'><span class='avia_hidden_link_text'>Compartir por correo<\/span><\/a><\/li><\/ul><\/div><\/div>\n<div  style='height:50px' class='hr hr-invisible   avia-builder-el-8  el_after_av_social_share  el_before_av_comments_list '><span class='hr-inner ' ><span class='hr-inner-style'><\/span><\/span><\/div>\n<div  class='av-buildercomment  av-blog-meta-html-info-disabled av-blog-meta-tag-disabled  '><\/div>\n","protected":false},"excerpt":{"rendered":"","protected":false},"author":1,"featured_media":57212,"comment_status":"closed","ping_status":"closed","sticky":false,"template":"","format":"standard","meta":{"footnotes":""},"categories":[49],"tags":[],"class_list":["post-57238","post","type-post","status-publish","format-standard","has-post-thumbnail","hentry","category-educacion"],"jetpack_featured_media_url":"https:\/\/radiorevelacionfm.cl\/wp-content\/uploads\/2025\/08\/liceo-de-manihuales_optimized.jpg","_links":{"self":[{"href":"https:\/\/radiorevelacionfm.cl\/index.php?rest_route=\/wp\/v2\/posts\/57238","targetHints":{"allow":["GET"]}}],"collection":[{"href":"https:\/\/radiorevelacionfm.cl\/index.php?rest_route=\/wp\/v2\/posts"}],"about":[{"href":"https:\/\/radiorevelacionfm.cl\/index.php?rest_route=\/wp\/v2\/types\/post"}],"author":[{"embeddable":true,"href":"https:\/\/radiorevelacionfm.cl\/index.php?rest_route=\/wp\/v2\/users\/1"}],"replies":[{"embeddable":true,"href":"https:\/\/radiorevelacionfm.cl\/index.php?rest_route=%2Fwp%2Fv2%2Fcomments&post=57238"}],"version-history":[{"count":3,"href":"https:\/\/radiorevelacionfm.cl\/index.php?rest_route=\/wp\/v2\/posts\/57238\/revisions"}],"predecessor-version":[{"id":57240,"href":"https:\/\/radiorevelacionfm.cl\/index.php?rest_route=\/wp\/v2\/posts\/57238\/revisions\/57240"}],"wp:featuredmedia":[{"embeddable":true,"href":"https:\/\/radiorevelacionfm.cl\/index.php?rest_route=\/wp\/v2\/media\/57212"}],"wp:attachment":[{"href":"https:\/\/radiorevelacionfm.cl\/index.php?rest_route=%2Fwp%2Fv2%2Fmedia&parent=57238"}],"wp:term":[{"taxonomy":"category","embeddable":true,"href":"https:\/\/radiorevelacionfm.cl\/index.php?rest_route=%2Fwp%2Fv2%2Fcategories&post=57238"},{"taxonomy":"post_tag","embeddable":true,"href":"https:\/\/radiorevelacionfm.cl\/index.php?rest_route=%2Fwp%2Fv2%2Ftags&post=57238"}],"curies":[{"name":"wp","href":"https:\/\/api.w.org\/{rel}","templated":true}]}}