{"id":57231,"date":"2025-08-01T19:23:11","date_gmt":"2025-08-01T22:23:11","guid":{"rendered":"https:\/\/radiorevelacionfm.cl\/?p=57231"},"modified":"2025-08-01T19:23:11","modified_gmt":"2025-08-01T22:23:11","slug":"armada-despliega-operativo-por-derrame-de-hidrocarburos-en-canal-goni-en-aysen","status":"publish","type":"post","link":"https:\/\/radiorevelacionfm.cl\/?p=57231","title":{"rendered":"Armada despliega operativo por derrame de hidrocarburos en Canal Go\u00f1i en Ays\u00e9n"},"content":{"rendered":"<div class=\"flex_column av_one_full  flex_column_div av-zero-column-padding first  avia-builder-el-0  el_before_av_one_full  avia-builder-el-first  \" style='border-radius:0px; '><div  class='avia-image-container  av-styling-    avia-builder-el-1  avia-builder-el-no-sibling  avia-align-center '  itemprop=\"image\" itemscope=\"itemscope\" itemtype=\"https:\/\/schema.org\/ImageObject\"  ><div class='avia-image-container-inner'><div class='avia-image-overlay-wrap'><img decoding=\"async\" class='wp-image-57232 avia-img-lazy-loading-not-57232 avia_image' src=\"https:\/\/radiorevelacionfm.cl\/wp-content\/uploads\/2025\/08\/Armada-1-3.jpg\" alt='' title='Armada 1 (3)' height=\"600\" width=\"800\"  itemprop=\"thumbnailUrl\" srcset=\"https:\/\/radiorevelacionfm.cl\/wp-content\/uploads\/2025\/08\/Armada-1-3.jpg 800w, https:\/\/radiorevelacionfm.cl\/wp-content\/uploads\/2025\/08\/Armada-1-3-300x225.jpg 300w, https:\/\/radiorevelacionfm.cl\/wp-content\/uploads\/2025\/08\/Armada-1-3-768x576.jpg 768w, https:\/\/radiorevelacionfm.cl\/wp-content\/uploads\/2025\/08\/Armada-1-3-705x529.jpg 705w, https:\/\/radiorevelacionfm.cl\/wp-content\/uploads\/2025\/08\/Armada-1-3-450x338.jpg 450w, https:\/\/radiorevelacionfm.cl\/wp-content\/uploads\/2025\/08\/Armada-1-3-600x450.jpg 600w\" sizes=\"(max-width: 800px) 100vw, 800px\" \/><\/div><\/div><\/div><\/div><div class=\"flex_column av_one_full  flex_column_div av-zero-column-padding first  avia-builder-el-2  el_after_av_one_full  el_before_av_one_full  column-top-margin\" style='border-radius:0px; '><section class=\"av_textblock_section \"  itemscope=\"itemscope\" itemtype=\"https:\/\/schema.org\/BlogPosting\" itemprop=\"blogPost\" ><div class='avia_textblock  '   itemprop=\"text\" ><p style=\"text-align: center;\"><strong><span style=\"font-size: 18pt;\">Armada despliega operativo por derrame de hidrocarburos en Canal Go\u00f1i en Ays\u00e9n<\/span><\/strong><\/p>\n<div id=\"gtx-trans\" style=\"position: absolute; left: -50px; top: 4.31534px;\">\n<div class=\"gtx-trans-icon\"><\/div>\n<\/div>\n<\/div><\/section><\/div><div class=\"flex_column av_one_full  flex_column_div av-zero-column-padding first  avia-builder-el-4  el_after_av_one_full  el_before_av_hr  column-top-margin\" style='border-radius:0px; '><section class=\"av_textblock_section \"  itemscope=\"itemscope\" itemtype=\"https:\/\/schema.org\/BlogPosting\" itemprop=\"blogPost\" ><div class='avia_textblock  '   itemprop=\"text\" ><p style=\"text-align: justify;\">La Gobernaci\u00f3n Mar\u00edtima de Puerto Ays\u00e9n informa que, durante esta jornada, se despleg\u00f3 un operativo multidimensional tras la recepci\u00f3n de antecedentes que daban cuenta de un derrame de hidrocarburos por parte de la M\/N Cecilia, en el \u00e1rea del Canal Go\u00f1i, Regi\u00f3n de Ays\u00e9n.<\/p>\n<p style=\"text-align: justify;\">La alerta fue recibida por la Autoridad Mar\u00edtima, durante la ma\u00f1ana del 01 de agosto, a trav\u00e9s del Capit\u00e1n de la embarcaci\u00f3n, qui\u00e9n se\u00f1al\u00f3 que, durante la noche del d\u00eda 31 de julio, aproximadamente a las 23:30 horas, mientras se efectuaba trasvasije de combustible entre los estanques propios de la nave, se habr\u00eda generado un posible rebalse.<\/p>\n<p style=\"text-align: justify;\">La Autoridad Mar\u00edtima dispuso las primeras acciones ordenando el zarpe de dos unidades mar\u00edtimas al \u00e1rea, con material de contenci\u00f3n y recuperaci\u00f3n de derrames de hidrocarburo consistente de barreras y pa\u00f1os absorventes, adem\u00e1s de personal especialista de la Gobernaci\u00f3n Mar\u00edtima de Ays\u00e9n.<\/p>\n<p style=\"text-align: justify;\">La Autoridad Mar\u00edtima ha activado los protocolos correspondientes para este tipo de emergencias, iniciando la investigaci\u00f3n que permita establecer el origen, la cantidad y las circunstancias del derrame.<\/p>\n<p style=\"text-align: justify;\">Actualmente, las unidades mar\u00edtimas LSR-4425 y LPM-4411, junto a personal especialista de la Gobernaci\u00f3n Mar\u00edtima de Ays\u00e9n, Capitan\u00eda de Puerto de Puerto Chacabuco y Capitan\u00eda de Puerto de Puerto Aguirre, se encuentran en el \u00e1rea verificando la magnitud de la emergencia.<\/p>\n<p style=\"text-align: justify;\">La Autoridad Mar\u00edtima mantendr\u00e1 monitoreo constante del incidente, en coordinaci\u00f3n con otras entidades con competencia ambiental, asegurando una respuesta interagencial eficaz para el control de la emergencia.<\/p>\n<\/div><\/section><\/div><div  style='height:50px' class='hr hr-invisible   avia-builder-el-6  el_after_av_one_full  el_before_av_social_share '><span class='hr-inner ' ><span class='hr-inner-style'><\/span><\/span><\/div><\/p>\n<div  class='av-social-sharing-box  avia-builder-el-7  el_after_av_hr  el_before_av_hr  '><div class='av-share-box'><h5 class='av-share-link-description av-no-toc '>Compartir esta noticia<\/h5><ul class='av-share-box-list noLightbox'><li class='av-share-link av-social-link-facebook' ><a target=\"_blank\" aria-label=\"Compartir en Facebook\" href='https:\/\/www.facebook.com\/sharer.php?u=https:\/\/radiorevelacionfm.cl\/?p=57231&#038;t=Armada%20despliega%20operativo%20por%20derrame%20de%20hidrocarburos%20en%20Canal%20Go%C3%B1i%20en%20Ays%C3%A9n' aria-hidden='false' data-av_icon='\ue8f3' data-av_iconfont='entypo-fontello' title='' data-avia-related-tooltip='Compartir en Facebook' rel=\"noopener\"><span class='avia_hidden_link_text'>Compartir en Facebook<\/span><\/a><\/li><li class='av-share-link av-social-link-twitter' ><a target=\"_blank\" aria-label=\"Compartir en Twitter\" href='https:\/\/twitter.com\/share?text=Armada%20despliega%20operativo%20por%20derrame%20de%20hidrocarburos%20en%20Canal%20Go%C3%B1i%20en%20Ays%C3%A9n&#038;url=https:\/\/radiorevelacionfm.cl\/?p=57231' aria-hidden='false' data-av_icon='\ue8f1' data-av_iconfont='entypo-fontello' title='' data-avia-related-tooltip='Compartir en Twitter' rel=\"noopener\"><span class='avia_hidden_link_text'>Compartir en Twitter<\/span><\/a><\/li><li class='av-share-link av-social-link-whatsapp' ><a target=\"_blank\" aria-label=\"Compartir en Whatsapp\" href='https:\/\/api.whatsapp.com\/send?text=https:\/\/radiorevelacionfm.cl\/?p=57231' aria-hidden='false' data-av_icon='\uf232' data-av_iconfont='entypo-fontello' title='' data-avia-related-tooltip='Compartir en Whatsapp' rel=\"noopener\"><span class='avia_hidden_link_text'>Compartir en Whatsapp<\/span><\/a><\/li><li class='av-share-link av-social-link-linkedin' ><a target=\"_blank\" aria-label=\"Compartir en LinkedIn\" href='https:\/\/linkedin.com\/shareArticle?mini=true&#038;title=Armada%20despliega%20operativo%20por%20derrame%20de%20hidrocarburos%20en%20Canal%20Go%C3%B1i%20en%20Ays%C3%A9n&#038;url=https:\/\/radiorevelacionfm.cl\/?p=57231' aria-hidden='false' data-av_icon='\ue8fc' data-av_iconfont='entypo-fontello' title='' data-avia-related-tooltip='Compartir en LinkedIn' rel=\"noopener\"><span class='avia_hidden_link_text'>Compartir en LinkedIn<\/span><\/a><\/li><li class='av-share-link av-social-link-mail' ><a  aria-label=\"Compartir por correo\" href='mailto:?subject=Armada%20despliega%20operativo%20por%20derrame%20de%20hidrocarburos%20en%20Canal%20Go%C3%B1i%20en%20Ays%C3%A9n&#038;body=https:\/\/radiorevelacionfm.cl\/?p=57231' aria-hidden='false' data-av_icon='\ue805' data-av_iconfont='entypo-fontello' title='' data-avia-related-tooltip='Compartir por correo'><span class='avia_hidden_link_text'>Compartir por correo<\/span><\/a><\/li><\/ul><\/div><\/div>\n<div  style='height:50px' class='hr hr-invisible   avia-builder-el-8  el_after_av_social_share  el_before_av_comments_list '><span class='hr-inner ' ><span class='hr-inner-style'><\/span><\/span><\/div>\n<div  class='av-buildercomment  av-blog-meta-html-info-disabled av-blog-meta-tag-disabled  '><\/div>\n","protected":false},"excerpt":{"rendered":"","protected":false},"author":1,"featured_media":57232,"comment_status":"closed","ping_status":"closed","sticky":false,"template":"","format":"standard","meta":{"footnotes":""},"categories":[38],"tags":[],"class_list":["post-57231","post","type-post","status-publish","format-standard","has-post-thumbnail","hentry","category-regional"],"jetpack_featured_media_url":"https:\/\/radiorevelacionfm.cl\/wp-content\/uploads\/2025\/08\/Armada-1-3.jpg","_links":{"self":[{"href":"https:\/\/radiorevelacionfm.cl\/index.php?rest_route=\/wp\/v2\/posts\/57231","targetHints":{"allow":["GET"]}}],"collection":[{"href":"https:\/\/radiorevelacionfm.cl\/index.php?rest_route=\/wp\/v2\/posts"}],"about":[{"href":"https:\/\/radiorevelacionfm.cl\/index.php?rest_route=\/wp\/v2\/types\/post"}],"author":[{"embeddable":true,"href":"https:\/\/radiorevelacionfm.cl\/index.php?rest_route=\/wp\/v2\/users\/1"}],"replies":[{"embeddable":true,"href":"https:\/\/radiorevelacionfm.cl\/index.php?rest_route=%2Fwp%2Fv2%2Fcomments&post=57231"}],"version-history":[{"count":2,"href":"https:\/\/radiorevelacionfm.cl\/index.php?rest_route=\/wp\/v2\/posts\/57231\/revisions"}],"predecessor-version":[{"id":57235,"href":"https:\/\/radiorevelacionfm.cl\/index.php?rest_route=\/wp\/v2\/posts\/57231\/revisions\/57235"}],"wp:featuredmedia":[{"embeddable":true,"href":"https:\/\/radiorevelacionfm.cl\/index.php?rest_route=\/wp\/v2\/media\/57232"}],"wp:attachment":[{"href":"https:\/\/radiorevelacionfm.cl\/index.php?rest_route=%2Fwp%2Fv2%2Fmedia&parent=57231"}],"wp:term":[{"taxonomy":"category","embeddable":true,"href":"https:\/\/radiorevelacionfm.cl\/index.php?rest_route=%2Fwp%2Fv2%2Fcategories&post=57231"},{"taxonomy":"post_tag","embeddable":true,"href":"https:\/\/radiorevelacionfm.cl\/index.php?rest_route=%2Fwp%2Fv2%2Ftags&post=57231"}],"curies":[{"name":"wp","href":"https:\/\/api.w.org\/{rel}","templated":true}]}}