{"id":5723,"date":"2021-06-29T15:53:06","date_gmt":"2021-06-29T18:53:06","guid":{"rendered":"https:\/\/radiorevelacionfm.cl\/?p=5723"},"modified":"2021-06-29T15:53:06","modified_gmt":"2021-06-29T18:53:06","slug":"vecinos-de-la-comuna-de-rio-ibanez-conocieron-detalles-sobre-proceso-de-solicitud-del-bono-pymes","status":"publish","type":"post","link":"https:\/\/radiorevelacionfm.cl\/?p=5723","title":{"rendered":"Vecinos de la comuna de R\u00edo Ib\u00e1\u00f1ez conocieron detalles sobre proceso de solicitud del Bono Pymes"},"content":{"rendered":"<div class=\"flex_column av_one_full  flex_column_div av-zero-column-padding first  avia-builder-el-0  el_before_av_one_full  avia-builder-el-first  \" style='border-radius:0px; '><div  class='avia-image-container  av-styling-    avia-builder-el-1  avia-builder-el-no-sibling  avia-align-center '  itemprop=\"image\" itemscope=\"itemscope\" itemtype=\"https:\/\/schema.org\/ImageObject\"  ><div class='avia-image-container-inner'><div class='avia-image-overlay-wrap'><img decoding=\"async\" class='wp-image-0 avia-img-lazy-loading-not-0 avia_image' src=\"https:\/\/radiorevelacionfm.cl\/wp-content\/uploads\/2021\/06\/GOBIERNIO-EN-TERRENO-GOBERNACION-GRAL-CARRERA-ECONOMIA-Y-HACIENDA-2-1-1.jpeg\" alt='' title=''   itemprop=\"thumbnailUrl\"  \/><\/div><\/div><\/div><\/div><div class=\"flex_column av_one_full  flex_column_div av-zero-column-padding first  avia-builder-el-2  el_after_av_one_full  el_before_av_one_full  column-top-margin\" style='border-radius:0px; '><section class=\"av_textblock_section \"  itemscope=\"itemscope\" itemtype=\"https:\/\/schema.org\/BlogPosting\" itemprop=\"blogPost\" ><div class='avia_textblock  '   itemprop=\"text\" ><p style=\"text-align: center;\"><strong><span style=\"font-size: 18pt;\">Vecinos de la comuna de R\u00edo Ib\u00e1\u00f1ez conocieron detalles sobre proceso de solicitud del Bono Pymes<\/span><\/strong><\/p>\n<div id=\"gtx-trans\" style=\"position: absolute; left: -50px; top: 4.31534px;\">\n<div class=\"gtx-trans-icon\"><\/div>\n<\/div>\n<\/div><\/section><\/div><div class=\"flex_column av_one_full  flex_column_div av-zero-column-padding first  avia-builder-el-4  el_after_av_one_full  el_before_av_hr  column-top-margin\" style='border-radius:0px; '><section class=\"av_textblock_section \"  itemscope=\"itemscope\" itemtype=\"https:\/\/schema.org\/BlogPosting\" itemprop=\"blogPost\" ><div class='avia_textblock  '   itemprop=\"text\" ><p style=\"font-weight: 400; text-align: justify;\">Bah\u00eda Murta, Puerto R\u00edo Tranquilo y Puerto S\u00e1nchez fueron las localidades visitadas en un nuevo Gobierno en Terreno realizado en la Provincia General Carrera y donde las autoridades de Econom\u00eda Carlos Pacheco, Hacienda Fernando Camiruaga y la propia Gobernadora Vanessa V\u00e1squez apoyaron en la entrega de informaci\u00f3n sobre el IFE Universal y el proceso de solicitud del Bono Pyme y otras ayudas por los efectos de la pandemia, informaci\u00f3n que se entreg\u00f3 directamente a los vecinos de estas localidades que se encuentran apartadas de los grandes centros urbanos de la regi\u00f3n.<\/p>\n<p style=\"font-weight: 400; text-align: justify;\">Elia Abello, vecina y propietaria de un hospedaje en bah\u00eda Murta indic\u00f3 que \u201cLa pandemia nos ha afectado mucho a nosotros. En mi caso tengo un hospedaje, pero lo ha pasado cerrado. Es por eso que tuve que reinventarme y actualmente fabrico mermeladas y productos de reposter\u00eda. Por eso es muy bueno que sean las propias autoridades que se acerquen a nosotros y nos cuenten de los bonos, especialmente el que viene para las Pymes. Lo hemos pasado mal y esto aliviar\u00eda en parte las p\u00e9rdidas que hemos sufrido especialmente en el sector turismo\u201d.<\/p>\n<p style=\"font-weight: 400; text-align: justify;\">Por su parte la Gobernadora Vanessa V\u00e1squez explic\u00f3 en qu\u00e9 consisti\u00f3 la iniciativa realizada en terreno \u201cDebido a m\u00faltiples solicitudes de los vecinos de las localidades de la cuenca del Lago, fuimos a apoyarlos para realizar los tr\u00e1mites de acceso de clave \u00fanica, pase de movilidad y resolver todo tipo de dudas de acceso al Ingreso Familiar de Emergencia. Adem\u00e1s, nos acompa\u00f1aron las autoridades de Econom\u00eda para reforzar la convocatoria y solicitudes para acceder al Bono Pyme, medidas que sin duda fueron bien recibidas por la ciudadan\u00eda.\u201d.<\/p>\n<p style=\"font-weight: 400; text-align: justify;\">El Seremi de Econom\u00eda Carlos Pacheco por su parte, entreg\u00f3 detalles de esta visita e indic\u00f3 que \u201cTrasladarnos a sectores tan apartados como Bah\u00eda Murta, Tranquilo y Puerto S\u00e1nchez es parte de nuestro compromiso con la comunidad de llevar informaci\u00f3n respecto de las pol\u00edticas p\u00fablicas de apoyo en pandemia. En la localidad de Puerto R\u00edo Tranquilo, por ejemplo, nos reunimos con varios operadores tur\u00edsticos que entregan servicios hacia las Capillas de M\u00e1rmol y ellos nos plantearon la necesidad de aportes directos ya que su rubro se ha visto afectado fuertemente por la pandemia. A ellos que tienen inicio de actividades y que pagan impuestos en primera categor\u00eda est\u00e1n incluidos en el Bono Pyme y otras ayudas de alivio. Es por ello que los invitamos a solicitar el beneficio a la p\u00e1gina del Servicio de Impuestos Internos que estar\u00e1 habilitada desde este viernes 2 de julio y as\u00ed poder acceder a esta iniciativa\u201d.<\/p>\n<p style=\"font-weight: 400; text-align: justify;\">El asesor de Hacienda Fernando Camiroaga por su parte valor\u00f3 que \u201cLas personas se acercaran a nosotros y nos permitieran resolver sus dudas, muchas de ellas son emprendedores, desarrollan labores productivas relacionadas al turismo, el comercio local y otros rubros y estamos muy contentos de ir con medidas concretas que pueden acceder para paliar, en parte, sus p\u00e9rdidas por la pandemia por ejemplo a trav\u00e9s del Bono Pyme\u201d.<\/p>\n<p style=\"font-weight: 400; text-align: justify;\"><strong>Bono Pyme<\/strong><\/p>\n<p style=\"font-weight: 400; text-align: justify;\">Podr\u00e1 ser solicitado por micros, peque\u00f1as o medianas empresas, sean \u00e9stas, de personas naturales o jur\u00eddicas con inicio de actividades antes del 31 de marzo de 2020 y que no superen las 25 mil UF en ventas anuales (cerca de $750 millones) y que tributen en primera categor\u00eda.<\/p>\n<p style=\"font-weight: 400; text-align: justify;\">Estas deber\u00e1n contar con al menos un trabajador contratado durante 2020, o haber declarado ingresos o ventas en al menos dos meses en 2020 y 2021. Sin embargo, existen excepciones para los rubros m\u00e1s golpeados por la pandemia. Si la due\u00f1a de la Pyme es mujer recibir\u00e1 un monto mayor al mill\u00f3n de pesos con un aumento de un 20% (bono variable).<\/p>\n<p style=\"font-weight: 400; text-align: justify;\">Tambi\u00e9n podr\u00e1 ser recibido por las Pymes que tengan trabajadores suspendidos tras haberse acogido a la Ley de Protecci\u00f3n al Empleo.<\/p>\n<p style=\"font-weight: 400; text-align: justify;\">Cabe destacar que el beneficio recibi\u00f3 una nueva actualizaci\u00f3n y finalmente se incluy\u00f3 a los trabajadores feriantes para que reciban el aporte. Para ello, Contralor\u00eda inform\u00f3 que solo necesitar\u00e1n contar con permiso municipal al d\u00eda.<\/p>\n<p style=\"font-weight: 400; text-align: justify;\">La plataforma para\u00a0solicitar\u00a0el beneficio se habilitar\u00e1 este viernes 2 de julio en la web del Servicio de Impuestos Internos (SII) o en su home principal\u00a0<a href=\"https:\/\/homer.sii.cl\/\" data-saferedirecturl=\"https:\/\/www.google.com\/url?q=https:\/\/homer.sii.cl&amp;source=gmail&amp;ust=1625074970534000&amp;usg=AFQjCNHwqoUT2GZ0yfSVCFjLvGqzPh6_oQ\">https:\/\/homer.sii.cl<\/a><\/p>\n<\/div><\/section><\/div><div  style='height:50px' class='hr hr-invisible   avia-builder-el-6  el_after_av_one_full  el_before_av_social_share '><span class='hr-inner ' ><span class='hr-inner-style'><\/span><\/span><\/div><\/p>\n<div  class='av-social-sharing-box  avia-builder-el-7  el_after_av_hr  el_before_av_hr  '><div class='av-share-box'><h5 class='av-share-link-description av-no-toc '>Compartir esta noticia<\/h5><ul class='av-share-box-list noLightbox'><li class='av-share-link av-social-link-facebook' ><a target=\"_blank\" aria-label=\"Compartir en Facebook\" href='https:\/\/www.facebook.com\/sharer.php?u=https:\/\/radiorevelacionfm.cl\/?p=5723&#038;t=Vecinos%20de%20la%20comuna%20de%20R%C3%ADo%20Ib%C3%A1%C3%B1ez%20conocieron%20detalles%20sobre%20proceso%20de%20solicitud%20del%20Bono%20Pymes' aria-hidden='false' data-av_icon='\ue8f3' data-av_iconfont='entypo-fontello' title='' data-avia-related-tooltip='Compartir en Facebook' rel=\"noopener\"><span class='avia_hidden_link_text'>Compartir en Facebook<\/span><\/a><\/li><li class='av-share-link av-social-link-twitter' ><a target=\"_blank\" aria-label=\"Compartir en Twitter\" href='https:\/\/twitter.com\/share?text=Vecinos%20de%20la%20comuna%20de%20R%C3%ADo%20Ib%C3%A1%C3%B1ez%20conocieron%20detalles%20sobre%20proceso%20de%20solicitud%20del%20Bono%20Pymes&#038;url=https:\/\/radiorevelacionfm.cl\/?p=5723' aria-hidden='false' data-av_icon='\ue8f1' data-av_iconfont='entypo-fontello' title='' data-avia-related-tooltip='Compartir en Twitter' rel=\"noopener\"><span class='avia_hidden_link_text'>Compartir en Twitter<\/span><\/a><\/li><li class='av-share-link av-social-link-whatsapp' ><a target=\"_blank\" aria-label=\"Compartir en Whatsapp\" href='https:\/\/api.whatsapp.com\/send?text=https:\/\/radiorevelacionfm.cl\/?p=5723' aria-hidden='false' data-av_icon='\uf232' data-av_iconfont='entypo-fontello' title='' data-avia-related-tooltip='Compartir en Whatsapp' rel=\"noopener\"><span class='avia_hidden_link_text'>Compartir en Whatsapp<\/span><\/a><\/li><li class='av-share-link av-social-link-linkedin' ><a target=\"_blank\" aria-label=\"Compartir en LinkedIn\" href='https:\/\/linkedin.com\/shareArticle?mini=true&#038;title=Vecinos%20de%20la%20comuna%20de%20R%C3%ADo%20Ib%C3%A1%C3%B1ez%20conocieron%20detalles%20sobre%20proceso%20de%20solicitud%20del%20Bono%20Pymes&#038;url=https:\/\/radiorevelacionfm.cl\/?p=5723' aria-hidden='false' data-av_icon='\ue8fc' data-av_iconfont='entypo-fontello' title='' data-avia-related-tooltip='Compartir en LinkedIn' rel=\"noopener\"><span class='avia_hidden_link_text'>Compartir en LinkedIn<\/span><\/a><\/li><li class='av-share-link av-social-link-mail' ><a  aria-label=\"Compartir por correo\" href='mailto:?subject=Vecinos%20de%20la%20comuna%20de%20R%C3%ADo%20Ib%C3%A1%C3%B1ez%20conocieron%20detalles%20sobre%20proceso%20de%20solicitud%20del%20Bono%20Pymes&#038;body=https:\/\/radiorevelacionfm.cl\/?p=5723' aria-hidden='false' data-av_icon='\ue805' data-av_iconfont='entypo-fontello' title='' data-avia-related-tooltip='Compartir por correo'><span class='avia_hidden_link_text'>Compartir por correo<\/span><\/a><\/li><\/ul><\/div><\/div>\n<div  style='height:50px' class='hr hr-invisible   avia-builder-el-8  el_after_av_social_share  el_before_av_comments_list '><span class='hr-inner ' ><span class='hr-inner-style'><\/span><\/span><\/div>\n<div  class='av-buildercomment  av-blog-meta-html-info-disabled av-blog-meta-tag-disabled  '><\/div>\n","protected":false},"excerpt":{"rendered":"","protected":false},"author":1,"featured_media":0,"comment_status":"open","ping_status":"open","sticky":false,"template":"","format":"standard","meta":{"footnotes":""},"categories":[37],"tags":[],"class_list":["post-5723","post","type-post","status-publish","format-standard","hentry","category-economia"],"jetpack_featured_media_url":"","_links":{"self":[{"href":"https:\/\/radiorevelacionfm.cl\/index.php?rest_route=\/wp\/v2\/posts\/5723","targetHints":{"allow":["GET"]}}],"collection":[{"href":"https:\/\/radiorevelacionfm.cl\/index.php?rest_route=\/wp\/v2\/posts"}],"about":[{"href":"https:\/\/radiorevelacionfm.cl\/index.php?rest_route=\/wp\/v2\/types\/post"}],"author":[{"embeddable":true,"href":"https:\/\/radiorevelacionfm.cl\/index.php?rest_route=\/wp\/v2\/users\/1"}],"replies":[{"embeddable":true,"href":"https:\/\/radiorevelacionfm.cl\/index.php?rest_route=%2Fwp%2Fv2%2Fcomments&post=5723"}],"version-history":[{"count":1,"href":"https:\/\/radiorevelacionfm.cl\/index.php?rest_route=\/wp\/v2\/posts\/5723\/revisions"}],"predecessor-version":[{"id":5725,"href":"https:\/\/radiorevelacionfm.cl\/index.php?rest_route=\/wp\/v2\/posts\/5723\/revisions\/5725"}],"wp:attachment":[{"href":"https:\/\/radiorevelacionfm.cl\/index.php?rest_route=%2Fwp%2Fv2%2Fmedia&parent=5723"}],"wp:term":[{"taxonomy":"category","embeddable":true,"href":"https:\/\/radiorevelacionfm.cl\/index.php?rest_route=%2Fwp%2Fv2%2Fcategories&post=5723"},{"taxonomy":"post_tag","embeddable":true,"href":"https:\/\/radiorevelacionfm.cl\/index.php?rest_route=%2Fwp%2Fv2%2Ftags&post=5723"}],"curies":[{"name":"wp","href":"https:\/\/api.w.org\/{rel}","templated":true}]}}