{"id":57228,"date":"2025-08-01T21:19:50","date_gmt":"2025-08-02T00:19:50","guid":{"rendered":"https:\/\/radiorevelacionfm.cl\/?p=57228"},"modified":"2025-08-01T21:19:50","modified_gmt":"2025-08-02T00:19:50","slug":"marcia-raphael-estamos-trabajando-hace-tiempo-en-medidas-de-seguridad-escolar-y-necesitamos-que-el-gobierno-se-haga-parte","status":"publish","type":"post","link":"https:\/\/radiorevelacionfm.cl\/?p=57228","title":{"rendered":"Marcia Raphael: \u201cEstamos trabajando hace tiempo en medidas de seguridad escolar y necesitamos que el gobierno se haga parte\u201d"},"content":{"rendered":"<div class=\"flex_column av_one_full  flex_column_div av-zero-column-padding first  avia-builder-el-0  el_before_av_one_full  avia-builder-el-first  \" style='border-radius:0px; '><div  class='avia-image-container  av-styling-    avia-builder-el-1  avia-builder-el-no-sibling  avia-align-center '  itemprop=\"image\" itemscope=\"itemscope\" itemtype=\"https:\/\/schema.org\/ImageObject\"  ><div class='avia-image-container-inner'><div class='avia-image-overlay-wrap'><img decoding=\"async\" class='wp-image-57229 avia-img-lazy-loading-not-57229 avia_image' src=\"https:\/\/radiorevelacionfm.cl\/wp-content\/uploads\/2025\/08\/DIPUTADA-RAPHAEL_MINISTRO-CATALDO-02-1-1.jpg\" alt='' title='DIPUTADA RAPHAEL_MINISTRO CATALDO 02 (1) (1)' height=\"600\" width=\"949\"  itemprop=\"thumbnailUrl\" srcset=\"https:\/\/radiorevelacionfm.cl\/wp-content\/uploads\/2025\/08\/DIPUTADA-RAPHAEL_MINISTRO-CATALDO-02-1-1.jpg 949w, https:\/\/radiorevelacionfm.cl\/wp-content\/uploads\/2025\/08\/DIPUTADA-RAPHAEL_MINISTRO-CATALDO-02-1-1-300x190.jpg 300w, https:\/\/radiorevelacionfm.cl\/wp-content\/uploads\/2025\/08\/DIPUTADA-RAPHAEL_MINISTRO-CATALDO-02-1-1-768x486.jpg 768w, https:\/\/radiorevelacionfm.cl\/wp-content\/uploads\/2025\/08\/DIPUTADA-RAPHAEL_MINISTRO-CATALDO-02-1-1-705x446.jpg 705w, https:\/\/radiorevelacionfm.cl\/wp-content\/uploads\/2025\/08\/DIPUTADA-RAPHAEL_MINISTRO-CATALDO-02-1-1-450x285.jpg 450w, https:\/\/radiorevelacionfm.cl\/wp-content\/uploads\/2025\/08\/DIPUTADA-RAPHAEL_MINISTRO-CATALDO-02-1-1-600x379.jpg 600w\" sizes=\"(max-width: 949px) 100vw, 949px\" \/><\/div><\/div><\/div><\/div><div class=\"flex_column av_one_full  flex_column_div av-zero-column-padding first  avia-builder-el-2  el_after_av_one_full  el_before_av_one_full  column-top-margin\" style='border-radius:0px; '><section class=\"av_textblock_section \"  itemscope=\"itemscope\" itemtype=\"https:\/\/schema.org\/BlogPosting\" itemprop=\"blogPost\" ><div class='avia_textblock  '   itemprop=\"text\" ><p style=\"text-align: center;\"><strong><span style=\"font-size: 18pt;\">Marcia Raphael: \u201cEstamos trabajando hace tiempo en medidas de seguridad escolar y necesitamos que el gobierno se haga parte\u201d<\/span><\/strong><\/p>\n<div id=\"gtx-trans\" style=\"position: absolute; left: -50px; top: 4.31534px;\">\n<div class=\"gtx-trans-icon\"><\/div>\n<\/div>\n<\/div><\/section><\/div><div class=\"flex_column av_one_full  flex_column_div av-zero-column-padding first  avia-builder-el-4  el_after_av_one_full  el_before_av_hr  column-top-margin\" style='border-radius:0px; '><section class=\"av_textblock_section \"  itemscope=\"itemscope\" itemtype=\"https:\/\/schema.org\/BlogPosting\" itemprop=\"blogPost\" ><div class='avia_textblock  '   itemprop=\"text\" ><p style=\"font-weight: 400; text-align: justify;\"><em>La diputada de la Regi\u00f3n de Ays\u00e9n detall\u00f3 que hay iniciativas que apuntan a la implementaci\u00f3n de tecnolog\u00edas como medidas preventivas y que requieren de la voluntad del Ministerio de Educaci\u00f3n para su implementaci\u00f3n.<\/em><\/p>\n<p style=\"font-weight: 400; text-align: justify;\">Ante el lamentable caso de violencia entre escolares, registrado en la localidad de Villa Ma\u00f1ihuales y que mantiene grave a un menor de 14 a\u00f1os tras ser herido con arma blanca por otro compa\u00f1ero de curso (13), la diputada, Marcia Raphael Mora, lament\u00f3 la situaci\u00f3n ocurrida y resalt\u00f3 que se est\u00e1 trabajando hace tiempo en iniciativas que apuntan a reforzar la seguridad de los establecimientos educacionales, instando al gobierno a incorporarlas con celeridad.<\/p>\n<p style=\"font-weight: 400; text-align: justify;\">Al respecto la diputada, Marcia Raphael, manifest\u00f3 que \u201cla escalada de violencia escolar que se est\u00e1 dando dentro y fuera de los establecimientos educacionales, nos preocupa y ocupa. Hoy tenemos que lamentar este hecho que mantiene grave a un menor en el Hospital Regional y sobre estas materias hemos estado abocados en nuestra labor parlamentaria, canalizando las inquietudes de las organizaciones de padres y apoderados, as\u00ed como tambi\u00e9n de profesores y directivos de establecimientos, por ello, nos encontramos impulsando iniciativas que requieren de la voluntad multisectorial para sacarlas adelante\u201d.<\/p>\n<p style=\"font-weight: 400; text-align: justify;\">\u201cAqu\u00ed no s\u00f3lo se requiere de la apertura del Ministerio de Educaci\u00f3n a avanzar en la implementaci\u00f3n de tecnolog\u00edas de seguridad como detectores de metales en los accesos de los establecimientos como acciones preventivas (ante el ingreso de armas blancas y otros elementos a colegios), y ah\u00ed reitero nuestro llamado al Ministro Cataldo a concretar esto, sino tambi\u00e9n se debe acompa\u00f1ar de una estrategia multisectorial, que entregue las herramientas y recursos a los equipos docentes, al \u00e1rea de convivencia escolar y directivos sobre c\u00f3mo enfrentar estos hechos, que se est\u00e1n dando en el aula de clases y fuera de esta\u201d, agreg\u00f3 la diputada de Renovaci\u00f3n Nacional.<\/p>\n<p style=\"font-weight: 400; text-align: justify;\">\u201cNos preocupa c\u00f3mo se est\u00e1 afectando la salud mental de los estudiantes y profesores por este tipo de situaciones, que terminan por afectar de igual manera a sus familias, por ende, lo que requieren y demandan las comunidades educativas es que les entreguemos soluciones r\u00e1pidas y urge que el Ministerio de Educaci\u00f3n tome acci\u00f3n\u201d, concluy\u00f3 Marcia Raphael.<\/p>\n<\/div><\/section><\/div><div  style='height:50px' class='hr hr-invisible   avia-builder-el-6  el_after_av_one_full  el_before_av_social_share '><span class='hr-inner ' ><span class='hr-inner-style'><\/span><\/span><\/div><\/p>\n<div  class='av-social-sharing-box  avia-builder-el-7  el_after_av_hr  el_before_av_hr  '><div class='av-share-box'><h5 class='av-share-link-description av-no-toc '>Compartir esta noticia<\/h5><ul class='av-share-box-list noLightbox'><li class='av-share-link av-social-link-facebook' ><a target=\"_blank\" aria-label=\"Compartir en Facebook\" href='https:\/\/www.facebook.com\/sharer.php?u=https:\/\/radiorevelacionfm.cl\/?p=57228&#038;t=Marcia%20Raphael%3A%20%E2%80%9CEstamos%20trabajando%20hace%20tiempo%20en%20medidas%20de%20seguridad%20escolar%20y%20necesitamos%20que%20el%20gobierno%20se%20haga%20parte%E2%80%9D' aria-hidden='false' data-av_icon='\ue8f3' data-av_iconfont='entypo-fontello' title='' data-avia-related-tooltip='Compartir en Facebook' rel=\"noopener\"><span class='avia_hidden_link_text'>Compartir en Facebook<\/span><\/a><\/li><li class='av-share-link av-social-link-twitter' ><a target=\"_blank\" aria-label=\"Compartir en Twitter\" href='https:\/\/twitter.com\/share?text=Marcia%20Raphael%3A%20%E2%80%9CEstamos%20trabajando%20hace%20tiempo%20en%20medidas%20de%20seguridad%20escolar%20y%20necesitamos%20que%20el%20gobierno%20se%20haga%20parte%E2%80%9D&#038;url=https:\/\/radiorevelacionfm.cl\/?p=57228' aria-hidden='false' data-av_icon='\ue8f1' data-av_iconfont='entypo-fontello' title='' data-avia-related-tooltip='Compartir en Twitter' rel=\"noopener\"><span class='avia_hidden_link_text'>Compartir en Twitter<\/span><\/a><\/li><li class='av-share-link av-social-link-whatsapp' ><a target=\"_blank\" aria-label=\"Compartir en Whatsapp\" href='https:\/\/api.whatsapp.com\/send?text=https:\/\/radiorevelacionfm.cl\/?p=57228' aria-hidden='false' data-av_icon='\uf232' data-av_iconfont='entypo-fontello' title='' data-avia-related-tooltip='Compartir en Whatsapp' rel=\"noopener\"><span class='avia_hidden_link_text'>Compartir en Whatsapp<\/span><\/a><\/li><li class='av-share-link av-social-link-linkedin' ><a target=\"_blank\" aria-label=\"Compartir en LinkedIn\" href='https:\/\/linkedin.com\/shareArticle?mini=true&#038;title=Marcia%20Raphael%3A%20%E2%80%9CEstamos%20trabajando%20hace%20tiempo%20en%20medidas%20de%20seguridad%20escolar%20y%20necesitamos%20que%20el%20gobierno%20se%20haga%20parte%E2%80%9D&#038;url=https:\/\/radiorevelacionfm.cl\/?p=57228' aria-hidden='false' data-av_icon='\ue8fc' data-av_iconfont='entypo-fontello' title='' data-avia-related-tooltip='Compartir en LinkedIn' rel=\"noopener\"><span class='avia_hidden_link_text'>Compartir en LinkedIn<\/span><\/a><\/li><li class='av-share-link av-social-link-mail' ><a  aria-label=\"Compartir por correo\" href='mailto:?subject=Marcia%20Raphael%3A%20%E2%80%9CEstamos%20trabajando%20hace%20tiempo%20en%20medidas%20de%20seguridad%20escolar%20y%20necesitamos%20que%20el%20gobierno%20se%20haga%20parte%E2%80%9D&#038;body=https:\/\/radiorevelacionfm.cl\/?p=57228' aria-hidden='false' data-av_icon='\ue805' data-av_iconfont='entypo-fontello' title='' data-avia-related-tooltip='Compartir por correo'><span class='avia_hidden_link_text'>Compartir por correo<\/span><\/a><\/li><\/ul><\/div><\/div>\n<div  style='height:50px' class='hr hr-invisible   avia-builder-el-8  el_after_av_social_share  el_before_av_comments_list '><span class='hr-inner ' ><span class='hr-inner-style'><\/span><\/span><\/div>\n<div  class='av-buildercomment  av-blog-meta-html-info-disabled av-blog-meta-tag-disabled  '><\/div>\n","protected":false},"excerpt":{"rendered":"","protected":false},"author":1,"featured_media":57229,"comment_status":"closed","ping_status":"closed","sticky":false,"template":"","format":"standard","meta":{"footnotes":""},"categories":[35],"tags":[],"class_list":["post-57228","post","type-post","status-publish","format-standard","has-post-thumbnail","hentry","category-politica"],"jetpack_featured_media_url":"https:\/\/radiorevelacionfm.cl\/wp-content\/uploads\/2025\/08\/DIPUTADA-RAPHAEL_MINISTRO-CATALDO-02-1-1.jpg","_links":{"self":[{"href":"https:\/\/radiorevelacionfm.cl\/index.php?rest_route=\/wp\/v2\/posts\/57228","targetHints":{"allow":["GET"]}}],"collection":[{"href":"https:\/\/radiorevelacionfm.cl\/index.php?rest_route=\/wp\/v2\/posts"}],"about":[{"href":"https:\/\/radiorevelacionfm.cl\/index.php?rest_route=\/wp\/v2\/types\/post"}],"author":[{"embeddable":true,"href":"https:\/\/radiorevelacionfm.cl\/index.php?rest_route=\/wp\/v2\/users\/1"}],"replies":[{"embeddable":true,"href":"https:\/\/radiorevelacionfm.cl\/index.php?rest_route=%2Fwp%2Fv2%2Fcomments&post=57228"}],"version-history":[{"count":2,"href":"https:\/\/radiorevelacionfm.cl\/index.php?rest_route=\/wp\/v2\/posts\/57228\/revisions"}],"predecessor-version":[{"id":57237,"href":"https:\/\/radiorevelacionfm.cl\/index.php?rest_route=\/wp\/v2\/posts\/57228\/revisions\/57237"}],"wp:featuredmedia":[{"embeddable":true,"href":"https:\/\/radiorevelacionfm.cl\/index.php?rest_route=\/wp\/v2\/media\/57229"}],"wp:attachment":[{"href":"https:\/\/radiorevelacionfm.cl\/index.php?rest_route=%2Fwp%2Fv2%2Fmedia&parent=57228"}],"wp:term":[{"taxonomy":"category","embeddable":true,"href":"https:\/\/radiorevelacionfm.cl\/index.php?rest_route=%2Fwp%2Fv2%2Fcategories&post=57228"},{"taxonomy":"post_tag","embeddable":true,"href":"https:\/\/radiorevelacionfm.cl\/index.php?rest_route=%2Fwp%2Fv2%2Ftags&post=57228"}],"curies":[{"name":"wp","href":"https:\/\/api.w.org\/{rel}","templated":true}]}}