{"id":57224,"date":"2025-08-01T18:15:34","date_gmt":"2025-08-01T21:15:34","guid":{"rendered":"https:\/\/radiorevelacionfm.cl\/?p=57224"},"modified":"2025-08-01T18:15:34","modified_gmt":"2025-08-01T21:15:34","slug":"junji-lanza-moderna-plataforma-digital-para-postular-a-mas-de-un-jardin-infantil-de-preferencia","status":"publish","type":"post","link":"https:\/\/radiorevelacionfm.cl\/?p=57224","title":{"rendered":"JUNJI lanza moderna plataforma digital para postular a m\u00e1s de un jard\u00edn infantil de preferencia"},"content":{"rendered":"<div class=\"flex_column av_one_full  flex_column_div av-zero-column-padding first  avia-builder-el-0  el_before_av_one_full  avia-builder-el-first  \" style='border-radius:0px; '><div  class='avia-image-container  av-styling-    avia-builder-el-1  avia-builder-el-no-sibling  avia-align-center '  itemprop=\"image\" itemscope=\"itemscope\" itemtype=\"https:\/\/schema.org\/ImageObject\"  ><div class='avia-image-container-inner'><div class='avia-image-overlay-wrap'><img decoding=\"async\" class='wp-image-57225 avia-img-lazy-loading-not-57225 avia_image' src=\"https:\/\/radiorevelacionfm.cl\/wp-content\/uploads\/2025\/08\/img_5214-1_optimized.jpg\" alt='' title='img_5214-(1)_optimized' height=\"600\" width=\"1067\"  itemprop=\"thumbnailUrl\" srcset=\"https:\/\/radiorevelacionfm.cl\/wp-content\/uploads\/2025\/08\/img_5214-1_optimized.jpg 1067w, https:\/\/radiorevelacionfm.cl\/wp-content\/uploads\/2025\/08\/img_5214-1_optimized-300x169.jpg 300w, https:\/\/radiorevelacionfm.cl\/wp-content\/uploads\/2025\/08\/img_5214-1_optimized-1030x579.jpg 1030w, https:\/\/radiorevelacionfm.cl\/wp-content\/uploads\/2025\/08\/img_5214-1_optimized-768x432.jpg 768w, https:\/\/radiorevelacionfm.cl\/wp-content\/uploads\/2025\/08\/img_5214-1_optimized-705x396.jpg 705w, https:\/\/radiorevelacionfm.cl\/wp-content\/uploads\/2025\/08\/img_5214-1_optimized-450x253.jpg 450w, https:\/\/radiorevelacionfm.cl\/wp-content\/uploads\/2025\/08\/img_5214-1_optimized-600x337.jpg 600w\" sizes=\"(max-width: 1067px) 100vw, 1067px\" \/><\/div><\/div><\/div><\/div><div class=\"flex_column av_one_full  flex_column_div av-zero-column-padding first  avia-builder-el-2  el_after_av_one_full  el_before_av_one_full  column-top-margin\" style='border-radius:0px; '><section class=\"av_textblock_section \"  itemscope=\"itemscope\" itemtype=\"https:\/\/schema.org\/BlogPosting\" itemprop=\"blogPost\" ><div class='avia_textblock  '   itemprop=\"text\" ><p style=\"text-align: center;\"><strong><span style=\"font-size: 18pt;\">JUNJI lanza moderna plataforma digital para postular a m\u00e1s de un jard\u00edn infantil de preferencia<\/span><\/strong><\/p>\n<div id=\"gtx-trans\" style=\"position: absolute; left: -50px; top: 4.31534px;\">\n<div class=\"gtx-trans-icon\"><\/div>\n<\/div>\n<\/div><\/section><\/div><div class=\"flex_column av_one_full  flex_column_div av-zero-column-padding first  avia-builder-el-4  el_after_av_one_full  el_before_av_hr  column-top-margin\" style='border-radius:0px; '><section class=\"av_textblock_section \"  itemscope=\"itemscope\" itemtype=\"https:\/\/schema.org\/BlogPosting\" itemprop=\"blogPost\" ><div class='avia_textblock  '   itemprop=\"text\" ><p style=\"text-align: justify;\">El llamado SIM-Multipostulador simplifica los procesos de inscripci\u00f3n y matr\u00edcula en Educaci\u00f3n Parvularia. La regi\u00f3n de Ays\u00e9n es una de las tres donde se pilotea este nuevo sistema que comienza este lunes 04 de agosto.<\/p>\n<p style=\"text-align: justify;\">Los equipos de Junta Nacional de Jardines Infantiles de Ays\u00e9n han estado capacit\u00e1ndose para implementar una nueva plataforma digital que modernizar\u00e1 el proceso de inscripci\u00f3n y matr\u00edcula a los jardines infantiles: el SIM-Multipostulador.<\/p>\n<p style=\"text-align: justify;\">Funcionarias y funcionarios de los establecimientos educativos, as\u00ed como de oficinas de la Direcci\u00f3n Regional, han asistido a jornadas con profesionales del nivel central para poner en marcha esta nueva herramienta tecnol\u00f3gica, que se comenzar\u00e1 a implementar desde el 04 de agosto y a trav\u00e9s de la cual las familias podr\u00e1n postular a sus hijas e hijos a jardines infantiles de administraci\u00f3n directa de la JUNJI \u2012tanto programas cl\u00e1sicos como alternativos\u2012, adem\u00e1s de aquellos administrados por terceros (VTF) y dependientes de los Servicios Locales de Educaci\u00f3n P\u00fablica (SLEP).<\/p>\n<p style=\"text-align: justify;\">El nuevo Sistema de Inscripci\u00f3n y Matr\u00edcula (SIM) Multipostulador moderniza el proceso, ofreciendo la posibilidad de postular a m\u00e1s de un jard\u00edn infantil de preferencia sin un m\u00e1ximo de tope. Adem\u00e1s, la plataforma dispondr\u00e1 de un buscador de jardines infantiles para explorar seg\u00fan ubicaci\u00f3n geogr\u00e1fica, comparar alternativas, conocer si cuenta con vacantes disponibles y elegir seg\u00fan sus preferencias, todo desde una sola plataforma. As\u00ed, se busca optimizar el proceso de inscripci\u00f3n y matr\u00edcula a la educaci\u00f3n inicial p\u00fablica de la JUNJI, haci\u00e9ndola m\u00e1s simple, eficiente y transparente.<\/p>\n<p style=\"text-align: justify;\">Juan Eduardo Lorca Valdivia, director regional de Junji Ays\u00e9n, coment\u00f3 importantes beneficios respecto de este novedoso sistema: \u00abUna vez desarrollado el proceso de inscripci\u00f3n y matr\u00edcula a trav\u00e9s de nuestra p\u00e1gina web, solo restar\u00e1 asistir a la entrevista final con la directora del jard\u00edn infantil. Es muy importante se\u00f1alar que tenemos unidades educativas con <em>asignaci\u00f3n inmediata de cupo<\/em>, cuya priorizaci\u00f3n, como lo dice su nombre, es inmediata, permitiendo el ingreso del ni\u00f1o o la ni\u00f1a al jard\u00edn infantil en un tiempo mucho m\u00e1s corto de espera\u00bb dijo.<\/p>\n<p style=\"text-align: justify;\">La encargada regional de JUNJI Ays\u00e9n del SIM-Multipostulador, Diana Levicoy Uribe, se\u00f1al\u00f3 que se contempla una etapa de implementaci\u00f3n inicial gradual, donde Ays\u00e9n, \u00d1uble y Maule ser\u00e1n pioneras. \u201cPor eso nuestros equipos que cumplen funciones importantes en el proceso de inscripci\u00f3n y de matr\u00edcula fueron capacitados en esta nueva herramienta que reemplazar\u00e1 al actual sistema\u201d.<\/p>\n<p style=\"text-align: justify;\">\u201cContamos con vacantes disponibles para ni\u00f1as y ni\u00f1os en edad parvularia desde Puerto Ra\u00fal Mar\u00edn Balmaceda hasta Chile Chico. Invitamos a las familias de la regi\u00f3n de Ays\u00e9n a visitar nuestra nueva plataforma, que contendr\u00e1 informaci\u00f3n detallada sobre los cupos, programas educativos y horarios de atenci\u00f3n de cada establecimiento, asegur\u00f3 el director regional de Junji.<\/p>\n<p style=\"text-align: justify;\">El desarrollo se ha realizado en conjunto con el Laboratorio de Gobierno y la Secretar\u00eda de Modernizaci\u00f3n, y ha contado con el acompa\u00f1amiento de la Subsecretar\u00eda de Educaci\u00f3n Parvularia, Direcci\u00f3n de Educaci\u00f3n P\u00fablica (DEP), Sostenedores de jardines V\u00eda Transferencia de Fondos (VTF) y asociaciones de funcionarios.<\/p>\n<p style=\"text-align: justify;\">Para m\u00e1s informaci\u00f3n de los jardines infantiles de JUNJI en la regi\u00f3n de Ays\u00e9n, comun\u00edcate con la plataforma SIAC: 672577307- 672577371 o escribiendo a mjarar@junji.cl o snaguelquin@junji.cl.<\/p>\n<\/div><\/section><\/div><div  style='height:50px' class='hr hr-invisible   avia-builder-el-6  el_after_av_one_full  el_before_av_social_share '><span class='hr-inner ' ><span class='hr-inner-style'><\/span><\/span><\/div><\/p>\n<div  class='av-social-sharing-box  avia-builder-el-7  el_after_av_hr  el_before_av_hr  '><div class='av-share-box'><h5 class='av-share-link-description av-no-toc '>Compartir esta noticia<\/h5><ul class='av-share-box-list noLightbox'><li class='av-share-link av-social-link-facebook' ><a target=\"_blank\" aria-label=\"Compartir en Facebook\" href='https:\/\/www.facebook.com\/sharer.php?u=https:\/\/radiorevelacionfm.cl\/?p=57224&#038;t=JUNJI%20lanza%20moderna%20plataforma%20digital%20para%20postular%20a%20m%C3%A1s%20de%20un%20jard%C3%ADn%20infantil%20de%20preferencia' aria-hidden='false' data-av_icon='\ue8f3' data-av_iconfont='entypo-fontello' title='' data-avia-related-tooltip='Compartir en Facebook' rel=\"noopener\"><span class='avia_hidden_link_text'>Compartir en Facebook<\/span><\/a><\/li><li class='av-share-link av-social-link-twitter' ><a target=\"_blank\" aria-label=\"Compartir en Twitter\" href='https:\/\/twitter.com\/share?text=JUNJI%20lanza%20moderna%20plataforma%20digital%20para%20postular%20a%20m%C3%A1s%20de%20un%20jard%C3%ADn%20infantil%20de%20preferencia&#038;url=https:\/\/radiorevelacionfm.cl\/?p=57224' aria-hidden='false' data-av_icon='\ue8f1' data-av_iconfont='entypo-fontello' title='' data-avia-related-tooltip='Compartir en Twitter' rel=\"noopener\"><span class='avia_hidden_link_text'>Compartir en Twitter<\/span><\/a><\/li><li class='av-share-link av-social-link-whatsapp' ><a target=\"_blank\" aria-label=\"Compartir en Whatsapp\" href='https:\/\/api.whatsapp.com\/send?text=https:\/\/radiorevelacionfm.cl\/?p=57224' aria-hidden='false' data-av_icon='\uf232' data-av_iconfont='entypo-fontello' title='' data-avia-related-tooltip='Compartir en Whatsapp' rel=\"noopener\"><span class='avia_hidden_link_text'>Compartir en Whatsapp<\/span><\/a><\/li><li class='av-share-link av-social-link-linkedin' ><a target=\"_blank\" aria-label=\"Compartir en LinkedIn\" href='https:\/\/linkedin.com\/shareArticle?mini=true&#038;title=JUNJI%20lanza%20moderna%20plataforma%20digital%20para%20postular%20a%20m%C3%A1s%20de%20un%20jard%C3%ADn%20infantil%20de%20preferencia&#038;url=https:\/\/radiorevelacionfm.cl\/?p=57224' aria-hidden='false' data-av_icon='\ue8fc' data-av_iconfont='entypo-fontello' title='' data-avia-related-tooltip='Compartir en LinkedIn' rel=\"noopener\"><span class='avia_hidden_link_text'>Compartir en LinkedIn<\/span><\/a><\/li><li class='av-share-link av-social-link-mail' ><a  aria-label=\"Compartir por correo\" href='mailto:?subject=JUNJI%20lanza%20moderna%20plataforma%20digital%20para%20postular%20a%20m%C3%A1s%20de%20un%20jard%C3%ADn%20infantil%20de%20preferencia&#038;body=https:\/\/radiorevelacionfm.cl\/?p=57224' aria-hidden='false' data-av_icon='\ue805' data-av_iconfont='entypo-fontello' title='' data-avia-related-tooltip='Compartir por correo'><span class='avia_hidden_link_text'>Compartir por correo<\/span><\/a><\/li><\/ul><\/div><\/div>\n<div  style='height:50px' class='hr hr-invisible   avia-builder-el-8  el_after_av_social_share  el_before_av_comments_list '><span class='hr-inner ' ><span class='hr-inner-style'><\/span><\/span><\/div>\n<div  class='av-buildercomment  av-blog-meta-html-info-disabled av-blog-meta-tag-disabled  '><\/div>\n","protected":false},"excerpt":{"rendered":"","protected":false},"author":1,"featured_media":57225,"comment_status":"closed","ping_status":"closed","sticky":false,"template":"","format":"standard","meta":{"footnotes":""},"categories":[49],"tags":[],"class_list":["post-57224","post","type-post","status-publish","format-standard","has-post-thumbnail","hentry","category-educacion"],"jetpack_featured_media_url":"https:\/\/radiorevelacionfm.cl\/wp-content\/uploads\/2025\/08\/img_5214-1_optimized.jpg","_links":{"self":[{"href":"https:\/\/radiorevelacionfm.cl\/index.php?rest_route=\/wp\/v2\/posts\/57224","targetHints":{"allow":["GET"]}}],"collection":[{"href":"https:\/\/radiorevelacionfm.cl\/index.php?rest_route=\/wp\/v2\/posts"}],"about":[{"href":"https:\/\/radiorevelacionfm.cl\/index.php?rest_route=\/wp\/v2\/types\/post"}],"author":[{"embeddable":true,"href":"https:\/\/radiorevelacionfm.cl\/index.php?rest_route=\/wp\/v2\/users\/1"}],"replies":[{"embeddable":true,"href":"https:\/\/radiorevelacionfm.cl\/index.php?rest_route=%2Fwp%2Fv2%2Fcomments&post=57224"}],"version-history":[{"count":2,"href":"https:\/\/radiorevelacionfm.cl\/index.php?rest_route=\/wp\/v2\/posts\/57224\/revisions"}],"predecessor-version":[{"id":57227,"href":"https:\/\/radiorevelacionfm.cl\/index.php?rest_route=\/wp\/v2\/posts\/57224\/revisions\/57227"}],"wp:featuredmedia":[{"embeddable":true,"href":"https:\/\/radiorevelacionfm.cl\/index.php?rest_route=\/wp\/v2\/media\/57225"}],"wp:attachment":[{"href":"https:\/\/radiorevelacionfm.cl\/index.php?rest_route=%2Fwp%2Fv2%2Fmedia&parent=57224"}],"wp:term":[{"taxonomy":"category","embeddable":true,"href":"https:\/\/radiorevelacionfm.cl\/index.php?rest_route=%2Fwp%2Fv2%2Fcategories&post=57224"},{"taxonomy":"post_tag","embeddable":true,"href":"https:\/\/radiorevelacionfm.cl\/index.php?rest_route=%2Fwp%2Fv2%2Ftags&post=57224"}],"curies":[{"name":"wp","href":"https:\/\/api.w.org\/{rel}","templated":true}]}}