{"id":57220,"date":"2025-08-01T17:01:54","date_gmt":"2025-08-01T20:01:54","guid":{"rendered":"https:\/\/radiorevelacionfm.cl\/?p=57220"},"modified":"2025-08-01T17:01:54","modified_gmt":"2025-08-01T20:01:54","slug":"empresas-bahamonde-celebro-el-dia-del-recolector-de-residuos-domiciliarios-con-gran-entusiasmo-y-reconociendo-una-labor-esencial-en-puerto-aysen","status":"publish","type":"post","link":"https:\/\/radiorevelacionfm.cl\/?p=57220","title":{"rendered":"Empresas Bahamonde celebr\u00f3 el D\u00eda del Recolector de Residuos Domiciliarios con gran entusiasmo y reconociendo una labor esencial en Puerto Ays\u00e9n"},"content":{"rendered":"<div class=\"flex_column av_one_full  flex_column_div av-zero-column-padding first  avia-builder-el-0  el_before_av_one_full  avia-builder-el-first  \" style='border-radius:0px; '><div  class='avia-image-container  av-styling-    avia-builder-el-1  avia-builder-el-no-sibling  avia-align-center '  itemprop=\"image\" itemscope=\"itemscope\" itemtype=\"https:\/\/schema.org\/ImageObject\"  ><div class='avia-image-container-inner'><div class='avia-image-overlay-wrap'><img decoding=\"async\" class='wp-image-57221 avia-img-lazy-loading-not-57221 avia_image' src=\"https:\/\/radiorevelacionfm.cl\/wp-content\/uploads\/2025\/08\/20250731_203322126_ios-1_optimized.jpg\" alt='' title='20250731_203322126_ios-(1)_optimized' height=\"610\" width=\"800\"  itemprop=\"thumbnailUrl\" srcset=\"https:\/\/radiorevelacionfm.cl\/wp-content\/uploads\/2025\/08\/20250731_203322126_ios-1_optimized.jpg 800w, https:\/\/radiorevelacionfm.cl\/wp-content\/uploads\/2025\/08\/20250731_203322126_ios-1_optimized-300x229.jpg 300w, https:\/\/radiorevelacionfm.cl\/wp-content\/uploads\/2025\/08\/20250731_203322126_ios-1_optimized-768x586.jpg 768w, https:\/\/radiorevelacionfm.cl\/wp-content\/uploads\/2025\/08\/20250731_203322126_ios-1_optimized-705x538.jpg 705w, https:\/\/radiorevelacionfm.cl\/wp-content\/uploads\/2025\/08\/20250731_203322126_ios-1_optimized-450x343.jpg 450w, https:\/\/radiorevelacionfm.cl\/wp-content\/uploads\/2025\/08\/20250731_203322126_ios-1_optimized-600x458.jpg 600w\" sizes=\"(max-width: 800px) 100vw, 800px\" \/><\/div><\/div><\/div><\/div><div class=\"flex_column av_one_full  flex_column_div av-zero-column-padding first  avia-builder-el-2  el_after_av_one_full  el_before_av_one_full  column-top-margin\" style='border-radius:0px; '><section class=\"av_textblock_section \"  itemscope=\"itemscope\" itemtype=\"https:\/\/schema.org\/BlogPosting\" itemprop=\"blogPost\" ><div class='avia_textblock  '   itemprop=\"text\" ><p style=\"text-align: center;\"><strong><span style=\"font-size: 18pt;\">Empresas Bahamonde celebr\u00f3 el D\u00eda del Recolector de Residuos Domiciliarios con gran entusiasmo y reconociendo una labor esencial en Puerto Ays\u00e9n<\/span><\/strong><\/p>\n<div id=\"gtx-trans\" style=\"position: absolute; left: -50px; top: 4.31534px;\">\n<div class=\"gtx-trans-icon\"><\/div>\n<\/div>\n<\/div><\/section><\/div><div class=\"flex_column av_one_full  flex_column_div av-zero-column-padding first  avia-builder-el-4  el_after_av_one_full  el_before_av_hr  column-top-margin\" style='border-radius:0px; '><section class=\"av_textblock_section \"  itemscope=\"itemscope\" itemtype=\"https:\/\/schema.org\/BlogPosting\" itemprop=\"blogPost\" ><div class='avia_textblock  '   itemprop=\"text\" ><p style=\"text-align: justify;\">Con alegr\u00eda y obsequios, Empresas Bahamonde celebr\u00f3 el D\u00eda Nacional del Recolector de Residuos Domiciliarios. La instancia se concret\u00f3 en dependencias de la empresa, a la que asistieron representantes de la cartera del Ministerio del Trabajo en la regi\u00f3n como la seremi (s) de Ays\u00e9n, Jessica Coronado; inspector jefe de la IPT Ays\u00e9n, Luis Godoy; jefa de la sucursal IPS Ays\u00e9n y Vitalia Puchi, profesional de la entidad, entre otros.<\/p>\n<p style=\"text-align: justify;\">Durante la actividad, se emitieron saludos que envi\u00f3 la comunidad, como fue el caso de la escuela Almirante Simpson, escuela lenguaje Kalem y Gendarmer\u00eda (CET). Adem\u00e1s de ello, se efectu\u00f3 la entrega de obsequios en reconocimiento por la labor que realizan los recolectores.<\/p>\n<p style=\"text-align: justify;\">La seremi subrogante del Trabajo en Ays\u00e9n, Jessica Coronado, recalc\u00f3 en la relevancia de esta fecha. \u201cEs tremendamente importante para nosotros relevar el rol que tiene cada uno de los trabajadores de esta empresa por este tremendo aporte que hacen a la sociedad\u201d, dijo.<\/p>\n<p style=\"text-align: justify;\">\u201cEn ese aspecto nosotros aparte de participar, reconocer su trabajo y la labor que tambi\u00e9n tiene la empresa con ellos. Queremos hacer un llamado a la sociedad a ser conscientes del trabajo que cada uno de estas personas realiza y ser cuidadoso. Eso quiere decir que tenemos que cuidar la forma en que sacamos nuestros desechos\u201d, complement\u00f3.<\/p>\n<p style=\"text-align: justify;\">Por su parte, Luis Godoy, jefe inspector de IPS Ays\u00e9n, enfatiz\u00f3 en que se deben mantener ciertos cuidados para asegurar la seguridad de los trabajadores de la recolecci\u00f3n.<\/p>\n<p style=\"text-align: justify;\">En tanto, el chofer de uno de los camiones recolectores, Juber Amaya, expres\u00f3 su gratitud por lo realizado. \u201cAgradecemos pues al gerente general que es don Alejandro Bahamonde, al personal que se desempe\u00f1a con funciones administrativas del detalle en reconocimiento al D\u00eda del Recolector de Residuos Domiciliarios\u201d, sostuvo.<\/p>\n<p style=\"text-align: justify;\">\u201cEs un espacio bien aceptado por nosotros y agradecido por cada detalle que nos dieron este d\u00eda en reconocimiento de nuestra labor. Eso es muy gratificante\u201d, sentenci\u00f3.<\/p>\n<\/div><\/section><\/div><div  style='height:50px' class='hr hr-invisible   avia-builder-el-6  el_after_av_one_full  el_before_av_social_share '><span class='hr-inner ' ><span class='hr-inner-style'><\/span><\/span><\/div><\/p>\n<div  class='av-social-sharing-box  avia-builder-el-7  el_after_av_hr  el_before_av_hr  '><div class='av-share-box'><h5 class='av-share-link-description av-no-toc '>Compartir esta noticia<\/h5><ul class='av-share-box-list noLightbox'><li class='av-share-link av-social-link-facebook' ><a target=\"_blank\" aria-label=\"Compartir en Facebook\" href='https:\/\/www.facebook.com\/sharer.php?u=https:\/\/radiorevelacionfm.cl\/?p=57220&#038;t=Empresas%20Bahamonde%20celebr%C3%B3%20el%20D%C3%ADa%20del%20Recolector%20de%20Residuos%20Domiciliarios%20con%20gran%20entusiasmo%20y%20reconociendo%20una%20labor%20esencial%20en%20Puerto%20Ays%C3%A9n' aria-hidden='false' data-av_icon='\ue8f3' data-av_iconfont='entypo-fontello' title='' data-avia-related-tooltip='Compartir en Facebook' rel=\"noopener\"><span class='avia_hidden_link_text'>Compartir en Facebook<\/span><\/a><\/li><li class='av-share-link av-social-link-twitter' ><a target=\"_blank\" aria-label=\"Compartir en Twitter\" href='https:\/\/twitter.com\/share?text=Empresas%20Bahamonde%20celebr%C3%B3%20el%20D%C3%ADa%20del%20Recolector%20de%20Residuos%20Domiciliarios%20con%20gran%20entusiasmo%20y%20reconociendo%20una%20labor%20esencial%20en%20Puerto%20Ays%C3%A9n&#038;url=https:\/\/radiorevelacionfm.cl\/?p=57220' aria-hidden='false' data-av_icon='\ue8f1' data-av_iconfont='entypo-fontello' title='' data-avia-related-tooltip='Compartir en Twitter' rel=\"noopener\"><span class='avia_hidden_link_text'>Compartir en Twitter<\/span><\/a><\/li><li class='av-share-link av-social-link-whatsapp' ><a target=\"_blank\" aria-label=\"Compartir en Whatsapp\" href='https:\/\/api.whatsapp.com\/send?text=https:\/\/radiorevelacionfm.cl\/?p=57220' aria-hidden='false' data-av_icon='\uf232' data-av_iconfont='entypo-fontello' title='' data-avia-related-tooltip='Compartir en Whatsapp' rel=\"noopener\"><span class='avia_hidden_link_text'>Compartir en Whatsapp<\/span><\/a><\/li><li class='av-share-link av-social-link-linkedin' ><a target=\"_blank\" aria-label=\"Compartir en LinkedIn\" href='https:\/\/linkedin.com\/shareArticle?mini=true&#038;title=Empresas%20Bahamonde%20celebr%C3%B3%20el%20D%C3%ADa%20del%20Recolector%20de%20Residuos%20Domiciliarios%20con%20gran%20entusiasmo%20y%20reconociendo%20una%20labor%20esencial%20en%20Puerto%20Ays%C3%A9n&#038;url=https:\/\/radiorevelacionfm.cl\/?p=57220' aria-hidden='false' data-av_icon='\ue8fc' data-av_iconfont='entypo-fontello' title='' data-avia-related-tooltip='Compartir en LinkedIn' rel=\"noopener\"><span class='avia_hidden_link_text'>Compartir en LinkedIn<\/span><\/a><\/li><li class='av-share-link av-social-link-mail' ><a  aria-label=\"Compartir por correo\" href='mailto:?subject=Empresas%20Bahamonde%20celebr%C3%B3%20el%20D%C3%ADa%20del%20Recolector%20de%20Residuos%20Domiciliarios%20con%20gran%20entusiasmo%20y%20reconociendo%20una%20labor%20esencial%20en%20Puerto%20Ays%C3%A9n&#038;body=https:\/\/radiorevelacionfm.cl\/?p=57220' aria-hidden='false' data-av_icon='\ue805' data-av_iconfont='entypo-fontello' title='' data-avia-related-tooltip='Compartir por correo'><span class='avia_hidden_link_text'>Compartir por correo<\/span><\/a><\/li><\/ul><\/div><\/div>\n<div  style='height:50px' class='hr hr-invisible   avia-builder-el-8  el_after_av_social_share  el_before_av_comments_list '><span class='hr-inner ' ><span class='hr-inner-style'><\/span><\/span><\/div>\n<div  class='av-buildercomment  av-blog-meta-html-info-disabled av-blog-meta-tag-disabled  '><\/div>\n","protected":false},"excerpt":{"rendered":"","protected":false},"author":1,"featured_media":57221,"comment_status":"closed","ping_status":"closed","sticky":false,"template":"","format":"standard","meta":{"footnotes":""},"categories":[38],"tags":[],"class_list":["post-57220","post","type-post","status-publish","format-standard","has-post-thumbnail","hentry","category-regional"],"jetpack_featured_media_url":"https:\/\/radiorevelacionfm.cl\/wp-content\/uploads\/2025\/08\/20250731_203322126_ios-1_optimized.jpg","_links":{"self":[{"href":"https:\/\/radiorevelacionfm.cl\/index.php?rest_route=\/wp\/v2\/posts\/57220","targetHints":{"allow":["GET"]}}],"collection":[{"href":"https:\/\/radiorevelacionfm.cl\/index.php?rest_route=\/wp\/v2\/posts"}],"about":[{"href":"https:\/\/radiorevelacionfm.cl\/index.php?rest_route=\/wp\/v2\/types\/post"}],"author":[{"embeddable":true,"href":"https:\/\/radiorevelacionfm.cl\/index.php?rest_route=\/wp\/v2\/users\/1"}],"replies":[{"embeddable":true,"href":"https:\/\/radiorevelacionfm.cl\/index.php?rest_route=%2Fwp%2Fv2%2Fcomments&post=57220"}],"version-history":[{"count":2,"href":"https:\/\/radiorevelacionfm.cl\/index.php?rest_route=\/wp\/v2\/posts\/57220\/revisions"}],"predecessor-version":[{"id":57223,"href":"https:\/\/radiorevelacionfm.cl\/index.php?rest_route=\/wp\/v2\/posts\/57220\/revisions\/57223"}],"wp:featuredmedia":[{"embeddable":true,"href":"https:\/\/radiorevelacionfm.cl\/index.php?rest_route=\/wp\/v2\/media\/57221"}],"wp:attachment":[{"href":"https:\/\/radiorevelacionfm.cl\/index.php?rest_route=%2Fwp%2Fv2%2Fmedia&parent=57220"}],"wp:term":[{"taxonomy":"category","embeddable":true,"href":"https:\/\/radiorevelacionfm.cl\/index.php?rest_route=%2Fwp%2Fv2%2Fcategories&post=57220"},{"taxonomy":"post_tag","embeddable":true,"href":"https:\/\/radiorevelacionfm.cl\/index.php?rest_route=%2Fwp%2Fv2%2Ftags&post=57220"}],"curies":[{"name":"wp","href":"https:\/\/api.w.org\/{rel}","templated":true}]}}