{"id":57215,"date":"2025-08-01T15:08:18","date_gmt":"2025-08-01T18:08:18","guid":{"rendered":"https:\/\/radiorevelacionfm.cl\/?p=57215"},"modified":"2025-08-01T15:08:18","modified_gmt":"2025-08-01T18:08:18","slug":"organizacion-cardiologia-para-aysen-exige-mas-especialistas-en-una-nueva-reunion-con-el-servicio-de-salud","status":"publish","type":"post","link":"https:\/\/radiorevelacionfm.cl\/?p=57215","title":{"rendered":"Organizaci\u00f3n Cardiolog\u00eda para Ays\u00e9n exige m\u00e1s especialistas en una nueva reuni\u00f3n con el Servicio de Salud"},"content":{"rendered":"<div class=\"flex_column av_one_full  flex_column_div av-zero-column-padding first  avia-builder-el-0  el_before_av_one_full  avia-builder-el-first  \" style='border-radius:0px; '><div  class='avia-image-container  av-styling-    avia-builder-el-1  avia-builder-el-no-sibling  avia-align-center '  itemprop=\"image\" itemscope=\"itemscope\" itemtype=\"https:\/\/schema.org\/ImageObject\"  ><div class='avia-image-container-inner'><div class='avia-image-overlay-wrap'><img decoding=\"async\" class='wp-image-57216 avia-img-lazy-loading-not-57216 avia_image' src=\"https:\/\/radiorevelacionfm.cl\/wp-content\/uploads\/2025\/08\/FOTO-CALISTO-CARDIOLOGIA-1-1.jpeg\" alt='' title='FOTO CALISTO CARDIOLOG\u00cdA (1) (1)' height=\"600\" width=\"1012\"  itemprop=\"thumbnailUrl\" srcset=\"https:\/\/radiorevelacionfm.cl\/wp-content\/uploads\/2025\/08\/FOTO-CALISTO-CARDIOLOGIA-1-1.jpeg 1012w, https:\/\/radiorevelacionfm.cl\/wp-content\/uploads\/2025\/08\/FOTO-CALISTO-CARDIOLOGIA-1-1-300x178.jpeg 300w, https:\/\/radiorevelacionfm.cl\/wp-content\/uploads\/2025\/08\/FOTO-CALISTO-CARDIOLOGIA-1-1-768x455.jpeg 768w, https:\/\/radiorevelacionfm.cl\/wp-content\/uploads\/2025\/08\/FOTO-CALISTO-CARDIOLOGIA-1-1-705x418.jpeg 705w, https:\/\/radiorevelacionfm.cl\/wp-content\/uploads\/2025\/08\/FOTO-CALISTO-CARDIOLOGIA-1-1-450x267.jpeg 450w, https:\/\/radiorevelacionfm.cl\/wp-content\/uploads\/2025\/08\/FOTO-CALISTO-CARDIOLOGIA-1-1-600x356.jpeg 600w\" sizes=\"(max-width: 1012px) 100vw, 1012px\" \/><\/div><\/div><\/div><\/div><div class=\"flex_column av_one_full  flex_column_div av-zero-column-padding first  avia-builder-el-2  el_after_av_one_full  el_before_av_one_full  column-top-margin\" style='border-radius:0px; '><section class=\"av_textblock_section \"  itemscope=\"itemscope\" itemtype=\"https:\/\/schema.org\/BlogPosting\" itemprop=\"blogPost\" ><div class='avia_textblock  '   itemprop=\"text\" ><p style=\"text-align: center;\"><strong><span style=\"font-size: 18pt;\">Organizaci\u00f3n Cardiolog\u00eda para Ays\u00e9n exige m\u00e1s especialistas en una nueva reuni\u00f3n con el Servicio de Salud<\/span><\/strong><\/p>\n<div id=\"gtx-trans\" style=\"position: absolute; left: -50px; top: 4.31534px;\">\n<div class=\"gtx-trans-icon\"><\/div>\n<\/div>\n<\/div><\/section><\/div><div class=\"flex_column av_one_full  flex_column_div av-zero-column-padding first  avia-builder-el-4  el_after_av_one_full  el_before_av_hr  column-top-margin\" style='border-radius:0px; '><section class=\"av_textblock_section \"  itemscope=\"itemscope\" itemtype=\"https:\/\/schema.org\/BlogPosting\" itemprop=\"blogPost\" ><div class='avia_textblock  '   itemprop=\"text\" ><p style=\"text-align: justify;\">El diputado Miguel \u00c1ngel Calisto coordin\u00f3 una nueva reuni\u00f3n con representantes de la organizaci\u00f3n\u00a0<b>Cardiolog\u00eda para Ays\u00e9n<\/b>\u00a0y el\u00a0<b>Servicio de Salud<\/b>. El objetivo del encuentro fue abordar la cr\u00edtica situaci\u00f3n de las largas listas de espera para atenciones cardiol\u00f3gicas, una problem\u00e1tica que ha generado gran preocupaci\u00f3n en la comunidad.<\/p>\n<p style=\"text-align: justify;\">Calisto, quien ha sido un firme aliado de la organizaci\u00f3n desde sus inicios, ha mantenido una presi\u00f3n constante sobre las autoridades para asegurar la llegada de m\u00e1s especialistas cardiol\u00f3gicos a la regi\u00f3n. Su compromiso se refleja en sus declaraciones, donde subraya la urgencia de la situaci\u00f3n.<\/p>\n<p style=\"text-align: justify;\">\u201cNosotros tenemos listas de espera muy altas respecto a las atenciones cardiol\u00f3gicas, listas de espera en atenciones de primera consulta, as\u00ed como tambi\u00e9n de control. Y eso es lo complejo, porque cuando hay controles de marcapasos, controles de personas que ya tienen enfermedades card\u00edacas, evidentemente las consecuencias de no hacer una buena atenci\u00f3n pueden ser mortales,\u201d expres\u00f3 el diputado Calisto. \u201cY ac\u00e1 estamos hablando de ni\u00f1os, j\u00f3venes, adultos, adultos mayores, de todas las edades que tienen problemas card\u00edacos\u201d.<\/p>\n<p style=\"text-align: justify;\">El diputado destac\u00f3 el crucial papel de la agrupaci\u00f3n en la b\u00fasqueda de soluciones: \u201cLa agrupaci\u00f3n, y Apacay de Puerto Ays\u00e9n han sido claves, porque se ha logrado conseguir tener un cardi\u00f3logo.\u00a0Pero no basta con eso, el pr\u00f3ximo a\u00f1o viene el angi\u00f3grafo, que se va a instalar y va a traer dos nuevos cardi\u00f3logos seg\u00fan el compromiso que tiene el Servicio de Salud. Pero ac\u00e1 lo que m\u00e1s desespera tiene que ver con la urgencia y la rapidez de la atenci\u00f3n en los ex\u00e1menes y sobre todo respecto de contar con m\u00e1s especialistas en cardiolog\u00eda. Se requieren operativos, se requieren nuevos cardi\u00f3logos y eso es lo que esperamos por parte del Servicio de Salud\u201d.<\/p>\n<p style=\"text-align: justify;\">Por su parte, el secretario de la organizaci\u00f3n\u00a0<b>Cardiolog\u00eda para Ays\u00e9n<\/b>, Jaime V\u00e1squez, manifest\u00f3 su frustraci\u00f3n por la falta de avances concretos y la ausencia de cifras claras sobre la magnitud del problema. \u201cLamentablemente no hemos avanzado mucho. \u00bfPor qu\u00e9? Porque todav\u00eda no tenemos exactamente la cifra de la lista de espera tanto para ecocardiograf\u00eda, test de holter, primera atenci\u00f3n y control preventivo para los pacientes cardiol\u00f3gicos tanto en Coyhaique, Ays\u00e9n y las otras comunas\u00bb.<\/p>\n<p style=\"text-align: justify;\">\u00abHay que seguir presionando. Estamos en alerta porque la salud p\u00fablica en la regi\u00f3n de Ays\u00e9n es una enfermedad terminal. No solo en cardiolog\u00eda sino en muchas patolog\u00edas donde no hay atenci\u00f3n oportuna y eficaz\u201d, indic\u00f3<\/p>\n<p style=\"text-align: justify;\">El encuentro concluy\u00f3 con el compromiso de las partes de mantener el di\u00e1logo y la presi\u00f3n para acelerar la llegada de los especialistas y la implementaci\u00f3n de los operativos necesarios. El diputado Calisto continuar\u00e1 su labor de fiscalizaci\u00f3n y apoyo a la comunidad, asegurando que los compromisos adquiridos se traduzcan en mejoras tangibles para los pacientes de la regi\u00f3n, y que la salud p\u00fablica en Ays\u00e9n reciba la atenci\u00f3n prioritaria que merece.<\/p>\n<\/div><\/section><\/div><div  style='height:50px' class='hr hr-invisible   avia-builder-el-6  el_after_av_one_full  el_before_av_social_share '><span class='hr-inner ' ><span class='hr-inner-style'><\/span><\/span><\/div><\/p>\n<div  class='av-social-sharing-box  avia-builder-el-7  el_after_av_hr  el_before_av_hr  '><div class='av-share-box'><h5 class='av-share-link-description av-no-toc '>Compartir esta noticia<\/h5><ul class='av-share-box-list noLightbox'><li class='av-share-link av-social-link-facebook' ><a target=\"_blank\" aria-label=\"Compartir en Facebook\" href='https:\/\/www.facebook.com\/sharer.php?u=https:\/\/radiorevelacionfm.cl\/?p=57215&#038;t=Organizaci%C3%B3n%20Cardiolog%C3%ADa%20para%20Ays%C3%A9n%20exige%20m%C3%A1s%20especialistas%20en%20una%20nueva%20reuni%C3%B3n%20con%20el%20Servicio%20de%20Salud' aria-hidden='false' data-av_icon='\ue8f3' data-av_iconfont='entypo-fontello' title='' data-avia-related-tooltip='Compartir en Facebook' rel=\"noopener\"><span class='avia_hidden_link_text'>Compartir en Facebook<\/span><\/a><\/li><li class='av-share-link av-social-link-twitter' ><a target=\"_blank\" aria-label=\"Compartir en Twitter\" href='https:\/\/twitter.com\/share?text=Organizaci%C3%B3n%20Cardiolog%C3%ADa%20para%20Ays%C3%A9n%20exige%20m%C3%A1s%20especialistas%20en%20una%20nueva%20reuni%C3%B3n%20con%20el%20Servicio%20de%20Salud&#038;url=https:\/\/radiorevelacionfm.cl\/?p=57215' aria-hidden='false' data-av_icon='\ue8f1' data-av_iconfont='entypo-fontello' title='' data-avia-related-tooltip='Compartir en Twitter' rel=\"noopener\"><span class='avia_hidden_link_text'>Compartir en Twitter<\/span><\/a><\/li><li class='av-share-link av-social-link-whatsapp' ><a target=\"_blank\" aria-label=\"Compartir en Whatsapp\" href='https:\/\/api.whatsapp.com\/send?text=https:\/\/radiorevelacionfm.cl\/?p=57215' aria-hidden='false' data-av_icon='\uf232' data-av_iconfont='entypo-fontello' title='' data-avia-related-tooltip='Compartir en Whatsapp' rel=\"noopener\"><span class='avia_hidden_link_text'>Compartir en Whatsapp<\/span><\/a><\/li><li class='av-share-link av-social-link-linkedin' ><a target=\"_blank\" aria-label=\"Compartir en LinkedIn\" href='https:\/\/linkedin.com\/shareArticle?mini=true&#038;title=Organizaci%C3%B3n%20Cardiolog%C3%ADa%20para%20Ays%C3%A9n%20exige%20m%C3%A1s%20especialistas%20en%20una%20nueva%20reuni%C3%B3n%20con%20el%20Servicio%20de%20Salud&#038;url=https:\/\/radiorevelacionfm.cl\/?p=57215' aria-hidden='false' data-av_icon='\ue8fc' data-av_iconfont='entypo-fontello' title='' data-avia-related-tooltip='Compartir en LinkedIn' rel=\"noopener\"><span class='avia_hidden_link_text'>Compartir en LinkedIn<\/span><\/a><\/li><li class='av-share-link av-social-link-mail' ><a  aria-label=\"Compartir por correo\" href='mailto:?subject=Organizaci%C3%B3n%20Cardiolog%C3%ADa%20para%20Ays%C3%A9n%20exige%20m%C3%A1s%20especialistas%20en%20una%20nueva%20reuni%C3%B3n%20con%20el%20Servicio%20de%20Salud&#038;body=https:\/\/radiorevelacionfm.cl\/?p=57215' aria-hidden='false' data-av_icon='\ue805' data-av_iconfont='entypo-fontello' title='' data-avia-related-tooltip='Compartir por correo'><span class='avia_hidden_link_text'>Compartir por correo<\/span><\/a><\/li><\/ul><\/div><\/div>\n<div  style='height:50px' class='hr hr-invisible   avia-builder-el-8  el_after_av_social_share  el_before_av_comments_list '><span class='hr-inner ' ><span class='hr-inner-style'><\/span><\/span><\/div>\n<div  class='av-buildercomment  av-blog-meta-html-info-disabled av-blog-meta-tag-disabled  '><\/div>\n","protected":false},"excerpt":{"rendered":"","protected":false},"author":1,"featured_media":57216,"comment_status":"closed","ping_status":"closed","sticky":false,"template":"","format":"standard","meta":{"footnotes":""},"categories":[38],"tags":[],"class_list":["post-57215","post","type-post","status-publish","format-standard","has-post-thumbnail","hentry","category-regional"],"jetpack_featured_media_url":"https:\/\/radiorevelacionfm.cl\/wp-content\/uploads\/2025\/08\/FOTO-CALISTO-CARDIOLOGIA-1-1.jpeg","_links":{"self":[{"href":"https:\/\/radiorevelacionfm.cl\/index.php?rest_route=\/wp\/v2\/posts\/57215","targetHints":{"allow":["GET"]}}],"collection":[{"href":"https:\/\/radiorevelacionfm.cl\/index.php?rest_route=\/wp\/v2\/posts"}],"about":[{"href":"https:\/\/radiorevelacionfm.cl\/index.php?rest_route=\/wp\/v2\/types\/post"}],"author":[{"embeddable":true,"href":"https:\/\/radiorevelacionfm.cl\/index.php?rest_route=\/wp\/v2\/users\/1"}],"replies":[{"embeddable":true,"href":"https:\/\/radiorevelacionfm.cl\/index.php?rest_route=%2Fwp%2Fv2%2Fcomments&post=57215"}],"version-history":[{"count":2,"href":"https:\/\/radiorevelacionfm.cl\/index.php?rest_route=\/wp\/v2\/posts\/57215\/revisions"}],"predecessor-version":[{"id":57218,"href":"https:\/\/radiorevelacionfm.cl\/index.php?rest_route=\/wp\/v2\/posts\/57215\/revisions\/57218"}],"wp:featuredmedia":[{"embeddable":true,"href":"https:\/\/radiorevelacionfm.cl\/index.php?rest_route=\/wp\/v2\/media\/57216"}],"wp:attachment":[{"href":"https:\/\/radiorevelacionfm.cl\/index.php?rest_route=%2Fwp%2Fv2%2Fmedia&parent=57215"}],"wp:term":[{"taxonomy":"category","embeddable":true,"href":"https:\/\/radiorevelacionfm.cl\/index.php?rest_route=%2Fwp%2Fv2%2Fcategories&post=57215"},{"taxonomy":"post_tag","embeddable":true,"href":"https:\/\/radiorevelacionfm.cl\/index.php?rest_route=%2Fwp%2Fv2%2Ftags&post=57215"}],"curies":[{"name":"wp","href":"https:\/\/api.w.org\/{rel}","templated":true}]}}