{"id":57211,"date":"2025-08-01T14:55:47","date_gmt":"2025-08-01T17:55:47","guid":{"rendered":"https:\/\/radiorevelacionfm.cl\/?p=57211"},"modified":"2025-08-01T14:55:47","modified_gmt":"2025-08-01T17:55:47","slug":"homicidio-frustrado-en-villa-manihuales-fiscalia-encargo-diligencias-a-la-brigada-de-homicidios-de-la-pdi","status":"publish","type":"post","link":"https:\/\/radiorevelacionfm.cl\/?p=57211","title":{"rendered":"Homicidio frustrado en Villa Ma\u00f1ihuales: Fiscal\u00eda encarg\u00f3 diligencias a la Brigada de Homicidios de la PDI"},"content":{"rendered":"<div class=\"flex_column av_one_full  flex_column_div av-zero-column-padding first  avia-builder-el-0  el_before_av_one_full  avia-builder-el-first  \" style='border-radius:0px; '><div  class='avia-image-container  av-styling-    avia-builder-el-1  avia-builder-el-no-sibling  avia-align-center '  itemprop=\"image\" itemscope=\"itemscope\" itemtype=\"https:\/\/schema.org\/ImageObject\"  ><div class='avia-image-container-inner'><div class='avia-image-overlay-wrap'><img decoding=\"async\" class='wp-image-57212 avia-img-lazy-loading-not-57212 avia_image' src=\"https:\/\/radiorevelacionfm.cl\/wp-content\/uploads\/2025\/08\/liceo-de-manihuales_optimized.jpg\" alt='' title='liceo-de-ma\u00f1ihuales_optimized' height=\"600\" width=\"800\"  itemprop=\"thumbnailUrl\" srcset=\"https:\/\/radiorevelacionfm.cl\/wp-content\/uploads\/2025\/08\/liceo-de-manihuales_optimized.jpg 800w, https:\/\/radiorevelacionfm.cl\/wp-content\/uploads\/2025\/08\/liceo-de-manihuales_optimized-300x225.jpg 300w, https:\/\/radiorevelacionfm.cl\/wp-content\/uploads\/2025\/08\/liceo-de-manihuales_optimized-768x576.jpg 768w, https:\/\/radiorevelacionfm.cl\/wp-content\/uploads\/2025\/08\/liceo-de-manihuales_optimized-705x529.jpg 705w, https:\/\/radiorevelacionfm.cl\/wp-content\/uploads\/2025\/08\/liceo-de-manihuales_optimized-450x338.jpg 450w, https:\/\/radiorevelacionfm.cl\/wp-content\/uploads\/2025\/08\/liceo-de-manihuales_optimized-600x450.jpg 600w\" sizes=\"(max-width: 800px) 100vw, 800px\" \/><\/div><\/div><\/div><\/div><div class=\"flex_column av_one_full  flex_column_div av-zero-column-padding first  avia-builder-el-2  el_after_av_one_full  el_before_av_one_full  column-top-margin\" style='border-radius:0px; '><section class=\"av_textblock_section \"  itemscope=\"itemscope\" itemtype=\"https:\/\/schema.org\/BlogPosting\" itemprop=\"blogPost\" ><div class='avia_textblock  '   itemprop=\"text\" ><p style=\"text-align: center;\"><span style=\"font-size: 18pt;\"><b>Homicidio frustrado en Villa Ma\u00f1ihuales: Fiscal\u00eda encarg\u00f3 diligencias a la Brigada de Homicidios de la PDI<\/b><\/span><\/p>\n<div id=\"gtx-trans\" style=\"position: absolute; left: -50px; top: 4.31534px;\">\n<div class=\"gtx-trans-icon\"><\/div>\n<\/div>\n<\/div><\/section><\/div><div class=\"flex_column av_one_full  flex_column_div av-zero-column-padding first  avia-builder-el-4  el_after_av_one_full  el_before_av_hr  column-top-margin\" style='border-radius:0px; '><section class=\"av_textblock_section \"  itemscope=\"itemscope\" itemtype=\"https:\/\/schema.org\/BlogPosting\" itemprop=\"blogPost\" ><div class='avia_textblock  '   itemprop=\"text\" ><p class=\"v1MsoNormal\" style=\"text-align: justify;\">\u201cDiversas diligencias investigativas fueron desplegadas por la Fiscal\u00eda Local de Ays\u00e9n-Cisnes en el marco de la investigaci\u00f3n desarrollada por un delito de homicidio frustrado, hecho que habr\u00eda ocurrido el d\u00eda de ayer en el liceo de la localidad de Villa Ma\u00f1ihuales\u201d. As\u00ed lo inform\u00f3 el Fiscal Jefe de Ays\u00e9n-Cisnes, Pedro Poblete, quien a\u00f1adi\u00f3 que esta situaci\u00f3n ocurri\u00f3 \u201caproximadamente a las 14.30 horas, oportunidad en la que un joven de 13 a\u00f1os de edad apu\u00f1al\u00f3 en reiteradas oportunidades a un compa\u00f1ero del establecimiento, quien lamentablemente producto de esta agresi\u00f3n result\u00f3 con heridas de gravedad, las cuales lo mantienen hasta el d\u00eda de hoy hospitalizado en el centro asistencial de la ciudad de Coyhaique, con un diagn\u00f3stico reservado\u201d.<\/p>\n<p class=\"v1MsoNormal\" style=\"text-align: justify;\">El fiscal Poblete agreg\u00f3 que \u201cla Fiscal\u00eda decret\u00f3 una orden de investigar a la Brigada de Homicidios de la Polic\u00eda de Investigaciones a fin de poder esclarecer los hechos de la agresi\u00f3n y lo que se pudo ya establecer fehacientemente es que, la persona responsable, es un joven menor de 14 a\u00f1os de edad, por lo tanto, es inimputable\u201d.<\/p>\n<p class=\"v1MsoNormal\" style=\"text-align: justify;\">En espec\u00edfico, \u201cy ante esta situaci\u00f3n, fue puesto a disposici\u00f3n del Juzgado de Familia de la ciudad de Puerto Ays\u00e9n, a fin de que esta instituci\u00f3n adopte las medidas de protecci\u00f3n y de intervenci\u00f3n que sean atingentes al caso\u201d.<\/p>\n<\/div><\/section><\/div><div  style='height:50px' class='hr hr-invisible   avia-builder-el-6  el_after_av_one_full  el_before_av_social_share '><span class='hr-inner ' ><span class='hr-inner-style'><\/span><\/span><\/div><\/p>\n<div  class='av-social-sharing-box  avia-builder-el-7  el_after_av_hr  el_before_av_hr  '><div class='av-share-box'><h5 class='av-share-link-description av-no-toc '>Compartir esta noticia<\/h5><ul class='av-share-box-list noLightbox'><li class='av-share-link av-social-link-facebook' ><a target=\"_blank\" aria-label=\"Compartir en Facebook\" href='https:\/\/www.facebook.com\/sharer.php?u=https:\/\/radiorevelacionfm.cl\/?p=57211&#038;t=Homicidio%20frustrado%20en%20Villa%20Ma%C3%B1ihuales%3A%20Fiscal%C3%ADa%20encarg%C3%B3%20diligencias%20a%20la%20Brigada%20de%20Homicidios%20de%20la%20PDI' aria-hidden='false' data-av_icon='\ue8f3' data-av_iconfont='entypo-fontello' title='' data-avia-related-tooltip='Compartir en Facebook' rel=\"noopener\"><span class='avia_hidden_link_text'>Compartir en Facebook<\/span><\/a><\/li><li class='av-share-link av-social-link-twitter' ><a target=\"_blank\" aria-label=\"Compartir en Twitter\" href='https:\/\/twitter.com\/share?text=Homicidio%20frustrado%20en%20Villa%20Ma%C3%B1ihuales%3A%20Fiscal%C3%ADa%20encarg%C3%B3%20diligencias%20a%20la%20Brigada%20de%20Homicidios%20de%20la%20PDI&#038;url=https:\/\/radiorevelacionfm.cl\/?p=57211' aria-hidden='false' data-av_icon='\ue8f1' data-av_iconfont='entypo-fontello' title='' data-avia-related-tooltip='Compartir en Twitter' rel=\"noopener\"><span class='avia_hidden_link_text'>Compartir en Twitter<\/span><\/a><\/li><li class='av-share-link av-social-link-whatsapp' ><a target=\"_blank\" aria-label=\"Compartir en Whatsapp\" href='https:\/\/api.whatsapp.com\/send?text=https:\/\/radiorevelacionfm.cl\/?p=57211' aria-hidden='false' data-av_icon='\uf232' data-av_iconfont='entypo-fontello' title='' data-avia-related-tooltip='Compartir en Whatsapp' rel=\"noopener\"><span class='avia_hidden_link_text'>Compartir en Whatsapp<\/span><\/a><\/li><li class='av-share-link av-social-link-linkedin' ><a target=\"_blank\" aria-label=\"Compartir en LinkedIn\" href='https:\/\/linkedin.com\/shareArticle?mini=true&#038;title=Homicidio%20frustrado%20en%20Villa%20Ma%C3%B1ihuales%3A%20Fiscal%C3%ADa%20encarg%C3%B3%20diligencias%20a%20la%20Brigada%20de%20Homicidios%20de%20la%20PDI&#038;url=https:\/\/radiorevelacionfm.cl\/?p=57211' aria-hidden='false' data-av_icon='\ue8fc' data-av_iconfont='entypo-fontello' title='' data-avia-related-tooltip='Compartir en LinkedIn' rel=\"noopener\"><span class='avia_hidden_link_text'>Compartir en LinkedIn<\/span><\/a><\/li><li class='av-share-link av-social-link-mail' ><a  aria-label=\"Compartir por correo\" href='mailto:?subject=Homicidio%20frustrado%20en%20Villa%20Ma%C3%B1ihuales%3A%20Fiscal%C3%ADa%20encarg%C3%B3%20diligencias%20a%20la%20Brigada%20de%20Homicidios%20de%20la%20PDI&#038;body=https:\/\/radiorevelacionfm.cl\/?p=57211' aria-hidden='false' data-av_icon='\ue805' data-av_iconfont='entypo-fontello' title='' data-avia-related-tooltip='Compartir por correo'><span class='avia_hidden_link_text'>Compartir por correo<\/span><\/a><\/li><\/ul><\/div><\/div>\n<div  style='height:50px' class='hr hr-invisible   avia-builder-el-8  el_after_av_social_share  el_before_av_comments_list '><span class='hr-inner ' ><span class='hr-inner-style'><\/span><\/span><\/div>\n<div  class='av-buildercomment  av-blog-meta-html-info-disabled av-blog-meta-tag-disabled  '><\/div>\n","protected":false},"excerpt":{"rendered":"","protected":false},"author":1,"featured_media":57212,"comment_status":"closed","ping_status":"closed","sticky":false,"template":"","format":"standard","meta":{"footnotes":""},"categories":[55],"tags":[],"class_list":["post-57211","post","type-post","status-publish","format-standard","has-post-thumbnail","hentry","category-justicia"],"jetpack_featured_media_url":"https:\/\/radiorevelacionfm.cl\/wp-content\/uploads\/2025\/08\/liceo-de-manihuales_optimized.jpg","_links":{"self":[{"href":"https:\/\/radiorevelacionfm.cl\/index.php?rest_route=\/wp\/v2\/posts\/57211","targetHints":{"allow":["GET"]}}],"collection":[{"href":"https:\/\/radiorevelacionfm.cl\/index.php?rest_route=\/wp\/v2\/posts"}],"about":[{"href":"https:\/\/radiorevelacionfm.cl\/index.php?rest_route=\/wp\/v2\/types\/post"}],"author":[{"embeddable":true,"href":"https:\/\/radiorevelacionfm.cl\/index.php?rest_route=\/wp\/v2\/users\/1"}],"replies":[{"embeddable":true,"href":"https:\/\/radiorevelacionfm.cl\/index.php?rest_route=%2Fwp%2Fv2%2Fcomments&post=57211"}],"version-history":[{"count":2,"href":"https:\/\/radiorevelacionfm.cl\/index.php?rest_route=\/wp\/v2\/posts\/57211\/revisions"}],"predecessor-version":[{"id":57214,"href":"https:\/\/radiorevelacionfm.cl\/index.php?rest_route=\/wp\/v2\/posts\/57211\/revisions\/57214"}],"wp:featuredmedia":[{"embeddable":true,"href":"https:\/\/radiorevelacionfm.cl\/index.php?rest_route=\/wp\/v2\/media\/57212"}],"wp:attachment":[{"href":"https:\/\/radiorevelacionfm.cl\/index.php?rest_route=%2Fwp%2Fv2%2Fmedia&parent=57211"}],"wp:term":[{"taxonomy":"category","embeddable":true,"href":"https:\/\/radiorevelacionfm.cl\/index.php?rest_route=%2Fwp%2Fv2%2Fcategories&post=57211"},{"taxonomy":"post_tag","embeddable":true,"href":"https:\/\/radiorevelacionfm.cl\/index.php?rest_route=%2Fwp%2Fv2%2Ftags&post=57211"}],"curies":[{"name":"wp","href":"https:\/\/api.w.org\/{rel}","templated":true}]}}