{"id":57194,"date":"2025-08-01T10:19:56","date_gmt":"2025-08-01T13:19:56","guid":{"rendered":"https:\/\/radiorevelacionfm.cl\/?p=57194"},"modified":"2025-08-01T10:19:56","modified_gmt":"2025-08-01T13:19:56","slug":"nano-stern-abrira-10a-temporada-de-conciertos-the-dark-side-of-the-sur-en-coyhaique","status":"publish","type":"post","link":"https:\/\/radiorevelacionfm.cl\/?p=57194","title":{"rendered":"Nano Stern abrir\u00e1 10\u00aa temporada de conciertos The Dark Side of the Sur, en Coyhaique"},"content":{"rendered":"<div class=\"flex_column av_one_full  flex_column_div av-zero-column-padding first  avia-builder-el-0  el_before_av_one_full  avia-builder-el-first  \" style='border-radius:0px; '><div  class='avia-image-container  av-styling-    avia-builder-el-1  avia-builder-el-no-sibling  avia-align-center '  itemprop=\"image\" itemscope=\"itemscope\" itemtype=\"https:\/\/schema.org\/ImageObject\"  ><div class='avia-image-container-inner'><div class='avia-image-overlay-wrap'><img decoding=\"async\" class='wp-image-57195 avia-img-lazy-loading-not-57195 avia_image' src=\"https:\/\/radiorevelacionfm.cl\/wp-content\/uploads\/2025\/07\/nano-stern-1_optimized.jpg\" alt='' title='nano-stern-(1)_optimized' height=\"600\" width=\"900\"  itemprop=\"thumbnailUrl\" srcset=\"https:\/\/radiorevelacionfm.cl\/wp-content\/uploads\/2025\/07\/nano-stern-1_optimized.jpg 900w, https:\/\/radiorevelacionfm.cl\/wp-content\/uploads\/2025\/07\/nano-stern-1_optimized-300x200.jpg 300w, https:\/\/radiorevelacionfm.cl\/wp-content\/uploads\/2025\/07\/nano-stern-1_optimized-768x512.jpg 768w, https:\/\/radiorevelacionfm.cl\/wp-content\/uploads\/2025\/07\/nano-stern-1_optimized-705x470.jpg 705w, https:\/\/radiorevelacionfm.cl\/wp-content\/uploads\/2025\/07\/nano-stern-1_optimized-450x300.jpg 450w, https:\/\/radiorevelacionfm.cl\/wp-content\/uploads\/2025\/07\/nano-stern-1_optimized-600x400.jpg 600w\" sizes=\"(max-width: 900px) 100vw, 900px\" \/><\/div><\/div><\/div><\/div><div class=\"flex_column av_one_full  flex_column_div av-zero-column-padding first  avia-builder-el-2  el_after_av_one_full  el_before_av_one_full  column-top-margin\" style='border-radius:0px; '><section class=\"av_textblock_section \"  itemscope=\"itemscope\" itemtype=\"https:\/\/schema.org\/BlogPosting\" itemprop=\"blogPost\" ><div class='avia_textblock  '   itemprop=\"text\" ><p style=\"text-align: center;\"><span style=\"font-size: 18pt;\"><b>Nano Stern abrir\u00e1 10\u00aa temporada de conciertos The Dark Side of the Sur<span class=\"v1gmail_default\">, en Coyhaique<\/span><\/b><\/span><\/p>\n<div id=\"gtx-trans\" style=\"position: absolute; left: -50px; top: 4.31534px;\">\n<div class=\"gtx-trans-icon\"><\/div>\n<\/div>\n<\/div><\/section><\/div><div class=\"flex_column av_one_full  flex_column_div av-zero-column-padding first  avia-builder-el-4  el_after_av_one_full  el_before_av_hr  column-top-margin\" style='border-radius:0px; '><section class=\"av_textblock_section \"  itemscope=\"itemscope\" itemtype=\"https:\/\/schema.org\/BlogPosting\" itemprop=\"blogPost\" ><div class='avia_textblock  '   itemprop=\"text\" ><p class=\"v1MsoNormal\" style=\"text-align: justify;\"><i>Malotun Ortiga anuncia bandas, artistas visuales y abre, por primera vez, una\u00a0<span class=\"v1gmail_default\">co<\/span><span class=\"v1gmail_default\">nvocatoria\u00a0<\/span>de auspicios y aportes para quienes deseen sumarse.<\/i><\/p>\n<p class=\"v1MsoNormal\" style=\"text-align: justify;\">Con la presentaci\u00f3n del reconocido m\u00fasico Nano Stern, quien llegar\u00e1 a Coyhaique luego de una extensa gira internacional que lo llev\u00f3 por varios escenarios de Europa y Estados Unidos, la organizaci\u00f3n cultural comunitaria Malotun Ortiga abrir\u00e1 la temporada de conciertos The Dark Side of the Sur, una d\u00e9cada de trayectoria que combina m\u00fasica, artes visuales y conversaci\u00f3n en una puesta en escena \u00fanica en la Regi\u00f3n de Ays\u00e9n, logrando que cada velada se transforme en una experiencia reconocida y valorada por artistas y p\u00fablico.<\/p>\n<p class=\"v1MsoNormal\" style=\"text-align: justify;\">La iniciativa tendr\u00e1 como plato de fondo la m\u00fasica regional, a cargo de Mahindra Project (acid jazz, de Coyhaique) y Nicanor Porro (punk, de Puerto Ays\u00e9n), bandas con estilos musicales distintos, pero ambas con un p\u00fablico fiel al que prometen sorprender con repertorios nunca antes escuchados. Al respecto, V\u00edctor Cabrera, director de la iniciativa, se\u00f1ala:\u00a0\u00abRespecto a los estilos musicales, este a\u00f1o tenemos 3 propuestas diversas entre s\u00ed, lo que da cuenta de la evoluci\u00f3n de la iniciativa, que parti\u00f3 con conciertos espec\u00edficamente de rock en formato ac\u00fastico, pero que con el tiempo se ha ido abriendo a otros estilos musicales, hemos tenido m\u00fasica campera, payadores; ha habido guitarra cl\u00e1sica con el maestro Juan Mouras; m\u00fasica de pueblos originarios con la cantora mapuche Beatriz Pichi Malen; hemos tenido jazz con La Br\u00edgida Orquesta, una banda de 11 m\u00fasicos que vino de Santiago; ska de Angol con Katy Erices; esto nos ha permitido llegar a nuevos p\u00fablicos que se acercan a disfrutar de la m\u00fasica pero que tambi\u00e9n se interesan por el formato y que finalmente terminan yendo a conciertos de bandas que incluso no conoc\u00edan, solamente van porque saben que van a disfrutar de un espect\u00e1culo realmente \u00fanico en la Regi\u00f3n de Ays\u00e9n\u00bb.<\/p>\n<p class=\"v1MsoNormal\" style=\"text-align: justify;\">Rompiendo la estacionalidad invernal, los conciertos ser\u00e1n en agosto, los d\u00edas mi\u00e9rcoles 27, con Nano Stern; viernes 29, con Mahindra\u00a0 Project; y s\u00e1bado 30 con Nicanor Porro, todos en el Museo Regional de Ays\u00e9n, con la conducci\u00f3n de Marco Canto y con entrada liberada. En las artes visuales estar\u00e1n la obra \u00abUn R\u00edo Tejido\u00bb, de Pulso Austral, CIEP y artesanas de Cochrane; cuadros del pintor Rodrigo Pirela; y fotograf\u00edas del periodista Cote Albornoz, colega y amigo de Malotun, para quien la agrupaci\u00f3n est\u00e1 organizando un homenaje que pronto anunciar\u00e1.<\/p>\n<p class=\"v1MsoNormal\" style=\"text-align: justify;\">Pero no todo es celebraci\u00f3n en este aniversario, pues la iniciativa qued\u00f3 sin el apoyo del Fondo Nacional de Desarrollo Regional del Gobierno Regional de Ays\u00e9n, principal fuente de recursos, quedando excluida del concurso y tambi\u00e9n de una asignaci\u00f3n directa. Este duro golpe tiene a la organizaci\u00f3n en una situaci\u00f3n en extremo compleja, pues pese a contar con financiamiento del Programa de Apoyo a Otras Organizaciones Colaboradoras, del Ministerio de las Culturas, las Artes y el Patrimonio, este s\u00f3lo cofinancia un porcentaje menor del costo total. Ante la adversidad, Malotun comenz\u00f3 una campa\u00f1a de gesti\u00f3n de auspicios para mantener en pie la iniciativa, que lamentablemente ya tuvo que bajar un artista.<\/p>\n<p class=\"v1MsoNormal\" style=\"text-align: justify;\"><i>\u00abDecidimos hacer los conciertos de todas formas porque el p\u00fablico lo espera cada a\u00f1o, y porque es una oportunidad real para que la creaci\u00f3n local llegue a audiencias de TV y radios regionales, nacionales e internacionales. DarkSide es una iniciativa reconocida en el pa\u00eds, que posiciona a la regi\u00f3n de Ays\u00e9n como un punto cultural y tur\u00edstico no s\u00f3lo en la temporada estival, as\u00ed es que nos parece muy lamentable que iniciativas emblem\u00e1ticas de trayectoria est\u00e9n a\u00f1o a a\u00f1o en la incertidumbre de su financiamiento. Desde la comunidad, se\u00a0<a name=\"v1m_1626036540683695631__GoBack\"><\/a>han acercado a ofrecer su apoyo, por eso esta campa\u00f1a convoca no s\u00f3lo a empresas, sino tambi\u00e9n a quienes deseen aportar de manera personal\u00bb<\/i>, se\u00f1al\u00f3 Ver\u00f3nica Ibieta, directora de Malotun Ortiga.<b><\/b><\/p>\n<p class=\"v1MsoNormal\" style=\"text-align: justify;\">Quienes deseen sumarse como empresa o instituci\u00f3n para auspiciar, se pueden contactar al WSP +56990427307, o al correo\u00a0<a href=\"mailto:comunicacionesmalotun@gmail.com\" rel=\"noreferrer\">comunicacionesmalotun@gmail.com<\/a>, para coordinar. Mientras quienes deseen aportar de manera personal, pueden hacerlo directo en la cuenta de la organizaci\u00f3n.<\/p>\n<\/div><\/section><\/div><div  style='height:50px' class='hr hr-invisible   avia-builder-el-6  el_after_av_one_full  el_before_av_social_share '><span class='hr-inner ' ><span class='hr-inner-style'><\/span><\/span><\/div><\/p>\n<div  class='av-social-sharing-box  avia-builder-el-7  el_after_av_hr  el_before_av_hr  '><div class='av-share-box'><h5 class='av-share-link-description av-no-toc '>Compartir esta noticia<\/h5><ul class='av-share-box-list noLightbox'><li class='av-share-link av-social-link-facebook' ><a target=\"_blank\" aria-label=\"Compartir en Facebook\" href='https:\/\/www.facebook.com\/sharer.php?u=https:\/\/radiorevelacionfm.cl\/?p=57194&#038;t=Nano%20Stern%20abrir%C3%A1%2010%C2%AA%20temporada%20de%20conciertos%20The%20Dark%20Side%20of%20the%20Sur%2C%20en%20Coyhaique' aria-hidden='false' data-av_icon='\ue8f3' data-av_iconfont='entypo-fontello' title='' data-avia-related-tooltip='Compartir en Facebook' rel=\"noopener\"><span class='avia_hidden_link_text'>Compartir en Facebook<\/span><\/a><\/li><li class='av-share-link av-social-link-twitter' ><a target=\"_blank\" aria-label=\"Compartir en Twitter\" href='https:\/\/twitter.com\/share?text=Nano%20Stern%20abrir%C3%A1%2010%C2%AA%20temporada%20de%20conciertos%20The%20Dark%20Side%20of%20the%20Sur%2C%20en%20Coyhaique&#038;url=https:\/\/radiorevelacionfm.cl\/?p=57194' aria-hidden='false' data-av_icon='\ue8f1' data-av_iconfont='entypo-fontello' title='' data-avia-related-tooltip='Compartir en Twitter' rel=\"noopener\"><span class='avia_hidden_link_text'>Compartir en Twitter<\/span><\/a><\/li><li class='av-share-link av-social-link-whatsapp' ><a target=\"_blank\" aria-label=\"Compartir en Whatsapp\" href='https:\/\/api.whatsapp.com\/send?text=https:\/\/radiorevelacionfm.cl\/?p=57194' aria-hidden='false' data-av_icon='\uf232' data-av_iconfont='entypo-fontello' title='' data-avia-related-tooltip='Compartir en Whatsapp' rel=\"noopener\"><span class='avia_hidden_link_text'>Compartir en Whatsapp<\/span><\/a><\/li><li class='av-share-link av-social-link-linkedin' ><a target=\"_blank\" aria-label=\"Compartir en LinkedIn\" href='https:\/\/linkedin.com\/shareArticle?mini=true&#038;title=Nano%20Stern%20abrir%C3%A1%2010%C2%AA%20temporada%20de%20conciertos%20The%20Dark%20Side%20of%20the%20Sur%2C%20en%20Coyhaique&#038;url=https:\/\/radiorevelacionfm.cl\/?p=57194' aria-hidden='false' data-av_icon='\ue8fc' data-av_iconfont='entypo-fontello' title='' data-avia-related-tooltip='Compartir en LinkedIn' rel=\"noopener\"><span class='avia_hidden_link_text'>Compartir en LinkedIn<\/span><\/a><\/li><li class='av-share-link av-social-link-mail' ><a  aria-label=\"Compartir por correo\" href='mailto:?subject=Nano%20Stern%20abrir%C3%A1%2010%C2%AA%20temporada%20de%20conciertos%20The%20Dark%20Side%20of%20the%20Sur%2C%20en%20Coyhaique&#038;body=https:\/\/radiorevelacionfm.cl\/?p=57194' aria-hidden='false' data-av_icon='\ue805' data-av_iconfont='entypo-fontello' title='' data-avia-related-tooltip='Compartir por correo'><span class='avia_hidden_link_text'>Compartir por correo<\/span><\/a><\/li><\/ul><\/div><\/div>\n<div  style='height:50px' class='hr hr-invisible   avia-builder-el-8  el_after_av_social_share  el_before_av_comments_list '><span class='hr-inner ' ><span class='hr-inner-style'><\/span><\/span><\/div>\n<div  class='av-buildercomment  av-blog-meta-html-info-disabled av-blog-meta-tag-disabled  '><\/div>\n","protected":false},"excerpt":{"rendered":"","protected":false},"author":1,"featured_media":57195,"comment_status":"closed","ping_status":"closed","sticky":false,"template":"","format":"standard","meta":{"footnotes":""},"categories":[43],"tags":[],"class_list":["post-57194","post","type-post","status-publish","format-standard","has-post-thumbnail","hentry","category-musica"],"jetpack_featured_media_url":"https:\/\/radiorevelacionfm.cl\/wp-content\/uploads\/2025\/07\/nano-stern-1_optimized.jpg","_links":{"self":[{"href":"https:\/\/radiorevelacionfm.cl\/index.php?rest_route=\/wp\/v2\/posts\/57194","targetHints":{"allow":["GET"]}}],"collection":[{"href":"https:\/\/radiorevelacionfm.cl\/index.php?rest_route=\/wp\/v2\/posts"}],"about":[{"href":"https:\/\/radiorevelacionfm.cl\/index.php?rest_route=\/wp\/v2\/types\/post"}],"author":[{"embeddable":true,"href":"https:\/\/radiorevelacionfm.cl\/index.php?rest_route=\/wp\/v2\/users\/1"}],"replies":[{"embeddable":true,"href":"https:\/\/radiorevelacionfm.cl\/index.php?rest_route=%2Fwp%2Fv2%2Fcomments&post=57194"}],"version-history":[{"count":2,"href":"https:\/\/radiorevelacionfm.cl\/index.php?rest_route=\/wp\/v2\/posts\/57194\/revisions"}],"predecessor-version":[{"id":57208,"href":"https:\/\/radiorevelacionfm.cl\/index.php?rest_route=\/wp\/v2\/posts\/57194\/revisions\/57208"}],"wp:featuredmedia":[{"embeddable":true,"href":"https:\/\/radiorevelacionfm.cl\/index.php?rest_route=\/wp\/v2\/media\/57195"}],"wp:attachment":[{"href":"https:\/\/radiorevelacionfm.cl\/index.php?rest_route=%2Fwp%2Fv2%2Fmedia&parent=57194"}],"wp:term":[{"taxonomy":"category","embeddable":true,"href":"https:\/\/radiorevelacionfm.cl\/index.php?rest_route=%2Fwp%2Fv2%2Fcategories&post=57194"},{"taxonomy":"post_tag","embeddable":true,"href":"https:\/\/radiorevelacionfm.cl\/index.php?rest_route=%2Fwp%2Fv2%2Ftags&post=57194"}],"curies":[{"name":"wp","href":"https:\/\/api.w.org\/{rel}","templated":true}]}}