{"id":57188,"date":"2025-07-31T21:01:38","date_gmt":"2025-08-01T00:01:38","guid":{"rendered":"https:\/\/radiorevelacionfm.cl\/?p=57188"},"modified":"2025-07-31T21:01:38","modified_gmt":"2025-08-01T00:01:38","slug":"juzgado-de-garantia-de-chile-chico-ordena-la-prision-preventiva-de-imputados-por-homicidios-y-lesiones","status":"publish","type":"post","link":"https:\/\/radiorevelacionfm.cl\/?p=57188","title":{"rendered":"Juzgado de Garant\u00eda de Chile Chico ordena la prisi\u00f3n preventiva de imputados por homicidios y lesiones"},"content":{"rendered":"<div class=\"flex_column av_one_full  flex_column_div av-zero-column-padding first  avia-builder-el-0  el_before_av_one_full  avia-builder-el-first  \" style='border-radius:0px; '><div  class='avia-image-container  av-styling-    avia-builder-el-1  avia-builder-el-no-sibling  avia-align-center '  itemprop=\"image\" itemscope=\"itemscope\" itemtype=\"https:\/\/schema.org\/ImageObject\"  ><div class='avia-image-container-inner'><div class='avia-image-overlay-wrap'><img decoding=\"async\" class='wp-image-57189 avia-img-lazy-loading-not-57189 avia_image' src=\"https:\/\/radiorevelacionfm.cl\/wp-content\/uploads\/2025\/07\/juzgado-chile-chico-2-1_optimized-1.jpg\" alt='' title='juzgado-chile-chico-(2)-(1)_optimized (1)' height=\"600\" width=\"958\"  itemprop=\"thumbnailUrl\" srcset=\"https:\/\/radiorevelacionfm.cl\/wp-content\/uploads\/2025\/07\/juzgado-chile-chico-2-1_optimized-1.jpg 958w, https:\/\/radiorevelacionfm.cl\/wp-content\/uploads\/2025\/07\/juzgado-chile-chico-2-1_optimized-1-300x188.jpg 300w, https:\/\/radiorevelacionfm.cl\/wp-content\/uploads\/2025\/07\/juzgado-chile-chico-2-1_optimized-1-768x481.jpg 768w, https:\/\/radiorevelacionfm.cl\/wp-content\/uploads\/2025\/07\/juzgado-chile-chico-2-1_optimized-1-705x442.jpg 705w, https:\/\/radiorevelacionfm.cl\/wp-content\/uploads\/2025\/07\/juzgado-chile-chico-2-1_optimized-1-450x282.jpg 450w, https:\/\/radiorevelacionfm.cl\/wp-content\/uploads\/2025\/07\/juzgado-chile-chico-2-1_optimized-1-600x376.jpg 600w\" sizes=\"(max-width: 958px) 100vw, 958px\" \/><\/div><\/div><\/div><\/div><div class=\"flex_column av_one_full  flex_column_div av-zero-column-padding first  avia-builder-el-2  el_after_av_one_full  el_before_av_one_full  column-top-margin\" style='border-radius:0px; '><section class=\"av_textblock_section \"  itemscope=\"itemscope\" itemtype=\"https:\/\/schema.org\/BlogPosting\" itemprop=\"blogPost\" ><div class='avia_textblock  '   itemprop=\"text\" ><p style=\"text-align: center;\"><span style=\"font-size: 18pt;\"><b>Juzgado de Garant\u00eda de Chile Chico ordena la prisi\u00f3n preventiva de imputados por homicidios y lesiones<\/b><\/span><\/p>\n<div id=\"gtx-trans\" style=\"position: absolute; left: -50px; top: 4.31534px;\">\n<div class=\"gtx-trans-icon\"><\/div>\n<\/div>\n<\/div><\/section><\/div><div class=\"flex_column av_one_full  flex_column_div av-zero-column-padding first  avia-builder-el-4  el_after_av_one_full  el_before_av_hr  column-top-margin\" style='border-radius:0px; '><section class=\"av_textblock_section \"  itemscope=\"itemscope\" itemtype=\"https:\/\/schema.org\/BlogPosting\" itemprop=\"blogPost\" ><div class='avia_textblock  '   itemprop=\"text\" ><p class=\"v1MsoNormal\" style=\"text-align: justify;\">El Juzgado de Garant\u00eda de Chile Chico dej\u00f3 hoy \u2013jueves 31 de julio\u2013 sujetos a la medida cautelar de prisi\u00f3n preventiva a H.M.P.B. y A.J.C.P., imputados por el Ministerio P\u00fablico como autores de los delitos de homicidio simple consumado, homicidio simple frustrado, transporte de artefactos incendiarios, maltrato de obra a Carabineros con resultado de lesiones, da\u00f1os y violaci\u00f3n de morada violenta; y a J.S.T.P., imputado por homicidio simple frustrado, lesiones menos graves, da\u00f1os simples y violaci\u00f3n de morada violenta. Il\u00edcitos perpetrados el domingo reci\u00e9n pasado, en la comuna.<\/p>\n<p class=\"v1MsoNormal\" style=\"text-align: justify;\">En la audiencia de formalizaci\u00f3n (causa rol 186-2025), el magistrado Guillermo Frene Cand\u00eda orden\u00f3 el ingreso de H.M.P.B., A.J.C.P. y J.S.T.P. al Centro de Cumplimiento Penitenciario de Coyhaique, por considerar que la libertad de los imputados constituye un peligro para la seguridad de la sociedad. Adem\u00e1s, fij\u00f3 en 180 d\u00edas el plazo de investigaci\u00f3n.<\/p>\n<p class=\"v1MsoNormal\" style=\"text-align: justify;\">Seg\u00fan el ente persecutor, aproximadamente a las 05:00 horas de la madrugada del 27 de julio de 2025, H.M.P.B. y A.J.C.P. se desplazaban por la calle Aiken de la cuidad de Chile Chico, portando artefactos incendiarios (bomba molotov), a quienes, se sum\u00f3 el imputado J.S.T.P., para dirigirse hasta un domicilio, procediendo en el lugar a quebrar los ventanales del inmueble y a agredir a dos v\u00edctimas con objetos contundentes y armas blancas, dejando a una con lesiones graves y en riesgo vital, y a la segunda, con lesiones de mediana gravedad.<\/p>\n<p class=\"v1MsoNormal\" style=\"text-align: justify;\">Posteriormente, a las 05:25 horas, los tres imputados llegaron a la intersecci\u00f3n de la calle Caupolic\u00e1n con la avenida Bernardo O&#8217;Higgins, donde destruyeron un veh\u00edculo y los ventanales de un local comercial. Luego, ingresaron violentamente a una vivienda colindante, donde atacaron a uno de los moradores con un arma blanca, provoc\u00e1ndole lesiones de mediana gravedad.<\/p>\n<p class=\"v1MsoNormal\" style=\"text-align: justify;\">Minutos despu\u00e9s, H.M.P.B. y A.J.C.P. abordaron a una nueva v\u00edctima en la intersecci\u00f3n de calles Aiken y Baldomero Gallardo, a quien agredieron con cuchillos y elementos cortopunzantes y le provocaron la muerte en el lugar, a causa de un shock hipovol\u00e9mico.<\/p>\n<p class=\"v1MsoNormal\" style=\"text-align: justify;\">Finalmente, a las 05:49 horas, mientras hu\u00edan, H.M.P.B. fue alcanzado por personal policial, procediendo A.J.C.P. a intervenir para impedir la detenci\u00f3n, lo que permiti\u00f3 que H.M.P.B. agrediera con golpes de pu\u00f1o en la cabeza a un sargento de Carabineros, quien result\u00f3 con lesiones leves.<\/p>\n<\/div><\/section><\/div><div  style='height:50px' class='hr hr-invisible   avia-builder-el-6  el_after_av_one_full  el_before_av_social_share '><span class='hr-inner ' ><span class='hr-inner-style'><\/span><\/span><\/div><\/p>\n<div  class='av-social-sharing-box  avia-builder-el-7  el_after_av_hr  el_before_av_hr  '><div class='av-share-box'><h5 class='av-share-link-description av-no-toc '>Compartir esta noticia<\/h5><ul class='av-share-box-list noLightbox'><li class='av-share-link av-social-link-facebook' ><a target=\"_blank\" aria-label=\"Compartir en Facebook\" href='https:\/\/www.facebook.com\/sharer.php?u=https:\/\/radiorevelacionfm.cl\/?p=57188&#038;t=Juzgado%20de%20Garant%C3%ADa%20de%20Chile%20Chico%20ordena%20la%20prisi%C3%B3n%20preventiva%20de%20imputados%20por%20homicidios%20y%20lesiones' aria-hidden='false' data-av_icon='\ue8f3' data-av_iconfont='entypo-fontello' title='' data-avia-related-tooltip='Compartir en Facebook' rel=\"noopener\"><span class='avia_hidden_link_text'>Compartir en Facebook<\/span><\/a><\/li><li class='av-share-link av-social-link-twitter' ><a target=\"_blank\" aria-label=\"Compartir en Twitter\" href='https:\/\/twitter.com\/share?text=Juzgado%20de%20Garant%C3%ADa%20de%20Chile%20Chico%20ordena%20la%20prisi%C3%B3n%20preventiva%20de%20imputados%20por%20homicidios%20y%20lesiones&#038;url=https:\/\/radiorevelacionfm.cl\/?p=57188' aria-hidden='false' data-av_icon='\ue8f1' data-av_iconfont='entypo-fontello' title='' data-avia-related-tooltip='Compartir en Twitter' rel=\"noopener\"><span class='avia_hidden_link_text'>Compartir en Twitter<\/span><\/a><\/li><li class='av-share-link av-social-link-whatsapp' ><a target=\"_blank\" aria-label=\"Compartir en Whatsapp\" href='https:\/\/api.whatsapp.com\/send?text=https:\/\/radiorevelacionfm.cl\/?p=57188' aria-hidden='false' data-av_icon='\uf232' data-av_iconfont='entypo-fontello' title='' data-avia-related-tooltip='Compartir en Whatsapp' rel=\"noopener\"><span class='avia_hidden_link_text'>Compartir en Whatsapp<\/span><\/a><\/li><li class='av-share-link av-social-link-linkedin' ><a target=\"_blank\" aria-label=\"Compartir en LinkedIn\" href='https:\/\/linkedin.com\/shareArticle?mini=true&#038;title=Juzgado%20de%20Garant%C3%ADa%20de%20Chile%20Chico%20ordena%20la%20prisi%C3%B3n%20preventiva%20de%20imputados%20por%20homicidios%20y%20lesiones&#038;url=https:\/\/radiorevelacionfm.cl\/?p=57188' aria-hidden='false' data-av_icon='\ue8fc' data-av_iconfont='entypo-fontello' title='' data-avia-related-tooltip='Compartir en LinkedIn' rel=\"noopener\"><span class='avia_hidden_link_text'>Compartir en LinkedIn<\/span><\/a><\/li><li class='av-share-link av-social-link-mail' ><a  aria-label=\"Compartir por correo\" href='mailto:?subject=Juzgado%20de%20Garant%C3%ADa%20de%20Chile%20Chico%20ordena%20la%20prisi%C3%B3n%20preventiva%20de%20imputados%20por%20homicidios%20y%20lesiones&#038;body=https:\/\/radiorevelacionfm.cl\/?p=57188' aria-hidden='false' data-av_icon='\ue805' data-av_iconfont='entypo-fontello' title='' data-avia-related-tooltip='Compartir por correo'><span class='avia_hidden_link_text'>Compartir por correo<\/span><\/a><\/li><\/ul><\/div><\/div>\n<div  style='height:50px' class='hr hr-invisible   avia-builder-el-8  el_after_av_social_share  el_before_av_comments_list '><span class='hr-inner ' ><span class='hr-inner-style'><\/span><\/span><\/div>\n<div  class='av-buildercomment  av-blog-meta-html-info-disabled av-blog-meta-tag-disabled  '><\/div>\n","protected":false},"excerpt":{"rendered":"","protected":false},"author":1,"featured_media":57189,"comment_status":"closed","ping_status":"closed","sticky":false,"template":"","format":"standard","meta":{"footnotes":""},"categories":[55],"tags":[],"class_list":["post-57188","post","type-post","status-publish","format-standard","has-post-thumbnail","hentry","category-justicia"],"jetpack_featured_media_url":"https:\/\/radiorevelacionfm.cl\/wp-content\/uploads\/2025\/07\/juzgado-chile-chico-2-1_optimized-1.jpg","_links":{"self":[{"href":"https:\/\/radiorevelacionfm.cl\/index.php?rest_route=\/wp\/v2\/posts\/57188","targetHints":{"allow":["GET"]}}],"collection":[{"href":"https:\/\/radiorevelacionfm.cl\/index.php?rest_route=\/wp\/v2\/posts"}],"about":[{"href":"https:\/\/radiorevelacionfm.cl\/index.php?rest_route=\/wp\/v2\/types\/post"}],"author":[{"embeddable":true,"href":"https:\/\/radiorevelacionfm.cl\/index.php?rest_route=\/wp\/v2\/users\/1"}],"replies":[{"embeddable":true,"href":"https:\/\/radiorevelacionfm.cl\/index.php?rest_route=%2Fwp%2Fv2%2Fcomments&post=57188"}],"version-history":[{"count":2,"href":"https:\/\/radiorevelacionfm.cl\/index.php?rest_route=\/wp\/v2\/posts\/57188\/revisions"}],"predecessor-version":[{"id":57198,"href":"https:\/\/radiorevelacionfm.cl\/index.php?rest_route=\/wp\/v2\/posts\/57188\/revisions\/57198"}],"wp:featuredmedia":[{"embeddable":true,"href":"https:\/\/radiorevelacionfm.cl\/index.php?rest_route=\/wp\/v2\/media\/57189"}],"wp:attachment":[{"href":"https:\/\/radiorevelacionfm.cl\/index.php?rest_route=%2Fwp%2Fv2%2Fmedia&parent=57188"}],"wp:term":[{"taxonomy":"category","embeddable":true,"href":"https:\/\/radiorevelacionfm.cl\/index.php?rest_route=%2Fwp%2Fv2%2Fcategories&post=57188"},{"taxonomy":"post_tag","embeddable":true,"href":"https:\/\/radiorevelacionfm.cl\/index.php?rest_route=%2Fwp%2Fv2%2Ftags&post=57188"}],"curies":[{"name":"wp","href":"https:\/\/api.w.org\/{rel}","templated":true}]}}