{"id":57185,"date":"2025-08-01T12:46:42","date_gmt":"2025-08-01T15:46:42","guid":{"rendered":"https:\/\/radiorevelacionfm.cl\/?p=57185"},"modified":"2025-08-01T12:46:42","modified_gmt":"2025-08-01T15:46:42","slug":"concejal-vera-impulsa-trabajo-desde-la-comision-de-seguridad-para-reforzar-la-prevencion-del-delito","status":"publish","type":"post","link":"https:\/\/radiorevelacionfm.cl\/?p=57185","title":{"rendered":"Concejal Vera impulsa trabajo desde la comisi\u00f3n de seguridad para reforzar la prevenci\u00f3n del delito"},"content":{"rendered":"<div class=\"flex_column av_one_full  flex_column_div av-zero-column-padding first  avia-builder-el-0  el_before_av_one_full  avia-builder-el-first  \" style='border-radius:0px; '><div  class='avia-image-container  av-styling-    avia-builder-el-1  avia-builder-el-no-sibling  avia-align-center '  itemprop=\"image\" itemscope=\"itemscope\" itemtype=\"https:\/\/schema.org\/ImageObject\"  ><div class='avia-image-container-inner'><div class='avia-image-overlay-wrap'><img decoding=\"async\" class='wp-image-57186 avia-img-lazy-loading-not-57186 avia_image' src=\"https:\/\/radiorevelacionfm.cl\/wp-content\/uploads\/2025\/07\/001-imagen-1_optimized.jpeg\" alt='' title='001-imagen-(1)_optimized' height=\"600\" width=\"800\"  itemprop=\"thumbnailUrl\" srcset=\"https:\/\/radiorevelacionfm.cl\/wp-content\/uploads\/2025\/07\/001-imagen-1_optimized.jpeg 800w, https:\/\/radiorevelacionfm.cl\/wp-content\/uploads\/2025\/07\/001-imagen-1_optimized-300x225.jpeg 300w, https:\/\/radiorevelacionfm.cl\/wp-content\/uploads\/2025\/07\/001-imagen-1_optimized-768x576.jpeg 768w, https:\/\/radiorevelacionfm.cl\/wp-content\/uploads\/2025\/07\/001-imagen-1_optimized-705x529.jpeg 705w, https:\/\/radiorevelacionfm.cl\/wp-content\/uploads\/2025\/07\/001-imagen-1_optimized-450x338.jpeg 450w, https:\/\/radiorevelacionfm.cl\/wp-content\/uploads\/2025\/07\/001-imagen-1_optimized-600x450.jpeg 600w\" sizes=\"(max-width: 800px) 100vw, 800px\" \/><\/div><\/div><\/div><\/div><div class=\"flex_column av_one_full  flex_column_div av-zero-column-padding first  avia-builder-el-2  el_after_av_one_full  el_before_av_one_full  column-top-margin\" style='border-radius:0px; '><section class=\"av_textblock_section \"  itemscope=\"itemscope\" itemtype=\"https:\/\/schema.org\/BlogPosting\" itemprop=\"blogPost\" ><div class='avia_textblock  '   itemprop=\"text\" ><p style=\"text-align: center;\"><strong><span style=\"font-size: 18pt;\">Concejal Vera impulsa trabajo desde la comisi\u00f3n de seguridad para reforzar la prevenci\u00f3n del delito<\/span><\/strong><\/p>\n<div id=\"gtx-trans\" style=\"position: absolute; left: -50px; top: 4.31534px;\">\n<div class=\"gtx-trans-icon\"><\/div>\n<\/div>\n<\/div><\/section><\/div><div class=\"flex_column av_one_full  flex_column_div av-zero-column-padding first  avia-builder-el-4  el_after_av_one_full  el_before_av_hr  column-top-margin\" style='border-radius:0px; '><section class=\"av_textblock_section \"  itemscope=\"itemscope\" itemtype=\"https:\/\/schema.org\/BlogPosting\" itemprop=\"blogPost\" ><div class='avia_textblock  '   itemprop=\"text\" ><p style=\"text-align: justify;\">El concejal de Coyhaique y presidente de la Comisi\u00f3n de Seguridad, Sebasti\u00e1n Vera, sostuvo una reuni\u00f3n con el Mayor Sebasti\u00e1n Casanueva, Comisario de la Primera Comisar\u00eda de Carabineros, con el prop\u00f3sito de abordar con urgencia las crecientes problem\u00e1ticas de seguridad que afectan a la comuna, particularmente el aumento de estafas a personas mayores y la sensaci\u00f3n de inseguridad en espacios p\u00fablicos y el comercio local.<\/p>\n<p style=\"text-align: justify;\">\u201cEstamos frente a un escenario que no podemos mirar desde la pasividad institucional. Como presidente de la Comisi\u00f3n de Seguridad, he asumido el compromiso de avanzar en acciones concretas que respondan a las necesidades reales de nuestra gente. La seguridad no puede seguir siendo una promesa, debe ser una tarea compartida y prioritaria\u201d, se\u00f1al\u00f3 el concejal.<\/p>\n<p style=\"text-align: justify;\">Durante el encuentro, Vera plante\u00f3 la necesidad de que Carabineros participe activamente en la pr\u00f3xima sesi\u00f3n de la Comisi\u00f3n de Seguridad del Concejo Municipal, con el objetivo de generar un trabajo articulado entre la instituci\u00f3n policial, el municipio y los concejales. \u201cHoy m\u00e1s que nunca necesitamos coordinaci\u00f3n efectiva para prevenir, informar y actuar. No podemos permitir que nuestros adultos mayores sigan siendo v\u00edctimas de estafas sin una respuesta clara del Estado\u201d, agreg\u00f3.<\/p>\n<p style=\"text-align: justify;\">El edil tambi\u00e9n se refiri\u00f3 a las preocupaciones del comercio local y de los emprendedores, proponiendo fortalecer el v\u00ednculo entre el sector p\u00fablico y las peque\u00f1as y medianas empresas, a trav\u00e9s de canales de comunicaci\u00f3n y acciones de prevenci\u00f3n permanentes. \u201cCoyhaique necesita un comercio seguro, donde los emprendedores puedan desarrollarse sin temor, y donde los vecinos se sientan protegidos\u201d, indic\u00f3.<\/p>\n<p style=\"text-align: justify;\">Asimismo, adelant\u00f3 una propuesta concreta para reforzar la funci\u00f3n disuasiva de las c\u00e1maras de vigilancia: \u201cLos nuevos puntos de vigilancia deben contar con se\u00f1al\u00e9ticas visibles. Es fundamental que quienes tienen intenci\u00f3n de delinquir sepan que ser\u00e1n identificados. Esta es una medida simple, pero efectiva para mejorar la prevenci\u00f3n\u201d.<\/p>\n<p style=\"text-align: justify;\">Finalmente, el concejal Sebasti\u00e1n Vera reafirm\u00f3 su compromiso con la comunidad:<\/p>\n<p style=\"text-align: justify;\">\u201cVamos a seguir trabajando con decisi\u00f3n desde la Comisi\u00f3n de Seguridad. Mi compromiso es con las personas, con sus derechos, y con el deber de construir una comuna m\u00e1s segura, m\u00e1s justa y donde la tranquilidad vuelva a ser parte de la vida cotidiana en Coyhaique\u201d.<\/p>\n<\/div><\/section><\/div><div  style='height:50px' class='hr hr-invisible   avia-builder-el-6  el_after_av_one_full  el_before_av_social_share '><span class='hr-inner ' ><span class='hr-inner-style'><\/span><\/span><\/div><\/p>\n<div  class='av-social-sharing-box  avia-builder-el-7  el_after_av_hr  el_before_av_hr  '><div class='av-share-box'><h5 class='av-share-link-description av-no-toc '>Compartir esta noticia<\/h5><ul class='av-share-box-list noLightbox'><li class='av-share-link av-social-link-facebook' ><a target=\"_blank\" aria-label=\"Compartir en Facebook\" href='https:\/\/www.facebook.com\/sharer.php?u=https:\/\/radiorevelacionfm.cl\/?p=57185&#038;t=Concejal%20Vera%20impulsa%20trabajo%20desde%20la%20comisi%C3%B3n%20de%20seguridad%20para%20reforzar%20la%20prevenci%C3%B3n%20del%20delito' aria-hidden='false' data-av_icon='\ue8f3' data-av_iconfont='entypo-fontello' title='' data-avia-related-tooltip='Compartir en Facebook' rel=\"noopener\"><span class='avia_hidden_link_text'>Compartir en Facebook<\/span><\/a><\/li><li class='av-share-link av-social-link-twitter' ><a target=\"_blank\" aria-label=\"Compartir en Twitter\" href='https:\/\/twitter.com\/share?text=Concejal%20Vera%20impulsa%20trabajo%20desde%20la%20comisi%C3%B3n%20de%20seguridad%20para%20reforzar%20la%20prevenci%C3%B3n%20del%20delito&#038;url=https:\/\/radiorevelacionfm.cl\/?p=57185' aria-hidden='false' data-av_icon='\ue8f1' data-av_iconfont='entypo-fontello' title='' data-avia-related-tooltip='Compartir en Twitter' rel=\"noopener\"><span class='avia_hidden_link_text'>Compartir en Twitter<\/span><\/a><\/li><li class='av-share-link av-social-link-whatsapp' ><a target=\"_blank\" aria-label=\"Compartir en Whatsapp\" href='https:\/\/api.whatsapp.com\/send?text=https:\/\/radiorevelacionfm.cl\/?p=57185' aria-hidden='false' data-av_icon='\uf232' data-av_iconfont='entypo-fontello' title='' data-avia-related-tooltip='Compartir en Whatsapp' rel=\"noopener\"><span class='avia_hidden_link_text'>Compartir en Whatsapp<\/span><\/a><\/li><li class='av-share-link av-social-link-linkedin' ><a target=\"_blank\" aria-label=\"Compartir en LinkedIn\" href='https:\/\/linkedin.com\/shareArticle?mini=true&#038;title=Concejal%20Vera%20impulsa%20trabajo%20desde%20la%20comisi%C3%B3n%20de%20seguridad%20para%20reforzar%20la%20prevenci%C3%B3n%20del%20delito&#038;url=https:\/\/radiorevelacionfm.cl\/?p=57185' aria-hidden='false' data-av_icon='\ue8fc' data-av_iconfont='entypo-fontello' title='' data-avia-related-tooltip='Compartir en LinkedIn' rel=\"noopener\"><span class='avia_hidden_link_text'>Compartir en LinkedIn<\/span><\/a><\/li><li class='av-share-link av-social-link-mail' ><a  aria-label=\"Compartir por correo\" href='mailto:?subject=Concejal%20Vera%20impulsa%20trabajo%20desde%20la%20comisi%C3%B3n%20de%20seguridad%20para%20reforzar%20la%20prevenci%C3%B3n%20del%20delito&#038;body=https:\/\/radiorevelacionfm.cl\/?p=57185' aria-hidden='false' data-av_icon='\ue805' data-av_iconfont='entypo-fontello' title='' data-avia-related-tooltip='Compartir por correo'><span class='avia_hidden_link_text'>Compartir por correo<\/span><\/a><\/li><\/ul><\/div><\/div>\n<div  style='height:50px' class='hr hr-invisible   avia-builder-el-8  el_after_av_social_share  el_before_av_comments_list '><span class='hr-inner ' ><span class='hr-inner-style'><\/span><\/span><\/div>\n<div  class='av-buildercomment  av-blog-meta-html-info-disabled av-blog-meta-tag-disabled  '><\/div>\n","protected":false},"excerpt":{"rendered":"","protected":false},"author":1,"featured_media":57186,"comment_status":"closed","ping_status":"closed","sticky":false,"template":"","format":"standard","meta":{"footnotes":""},"categories":[35],"tags":[],"class_list":["post-57185","post","type-post","status-publish","format-standard","has-post-thumbnail","hentry","category-politica"],"jetpack_featured_media_url":"https:\/\/radiorevelacionfm.cl\/wp-content\/uploads\/2025\/07\/001-imagen-1_optimized.jpeg","_links":{"self":[{"href":"https:\/\/radiorevelacionfm.cl\/index.php?rest_route=\/wp\/v2\/posts\/57185","targetHints":{"allow":["GET"]}}],"collection":[{"href":"https:\/\/radiorevelacionfm.cl\/index.php?rest_route=\/wp\/v2\/posts"}],"about":[{"href":"https:\/\/radiorevelacionfm.cl\/index.php?rest_route=\/wp\/v2\/types\/post"}],"author":[{"embeddable":true,"href":"https:\/\/radiorevelacionfm.cl\/index.php?rest_route=\/wp\/v2\/users\/1"}],"replies":[{"embeddable":true,"href":"https:\/\/radiorevelacionfm.cl\/index.php?rest_route=%2Fwp%2Fv2%2Fcomments&post=57185"}],"version-history":[{"count":2,"href":"https:\/\/radiorevelacionfm.cl\/index.php?rest_route=\/wp\/v2\/posts\/57185\/revisions"}],"predecessor-version":[{"id":57210,"href":"https:\/\/radiorevelacionfm.cl\/index.php?rest_route=\/wp\/v2\/posts\/57185\/revisions\/57210"}],"wp:featuredmedia":[{"embeddable":true,"href":"https:\/\/radiorevelacionfm.cl\/index.php?rest_route=\/wp\/v2\/media\/57186"}],"wp:attachment":[{"href":"https:\/\/radiorevelacionfm.cl\/index.php?rest_route=%2Fwp%2Fv2%2Fmedia&parent=57185"}],"wp:term":[{"taxonomy":"category","embeddable":true,"href":"https:\/\/radiorevelacionfm.cl\/index.php?rest_route=%2Fwp%2Fv2%2Fcategories&post=57185"},{"taxonomy":"post_tag","embeddable":true,"href":"https:\/\/radiorevelacionfm.cl\/index.php?rest_route=%2Fwp%2Fv2%2Ftags&post=57185"}],"curies":[{"name":"wp","href":"https:\/\/api.w.org\/{rel}","templated":true}]}}