{"id":57181,"date":"2025-07-31T17:48:38","date_gmt":"2025-07-31T20:48:38","guid":{"rendered":"https:\/\/radiorevelacionfm.cl\/?p=57181"},"modified":"2025-07-31T17:48:38","modified_gmt":"2025-07-31T20:48:38","slug":"todo-listo-en-cochrane-para-el-28-encuentro-de-cueca-infantil-pampa-y-mar","status":"publish","type":"post","link":"https:\/\/radiorevelacionfm.cl\/?p=57181","title":{"rendered":"Todo listo en Cochrane para el 28\u00b0 Encuentro de Cueca Infantil \u201cPampa y Mar\u201d"},"content":{"rendered":"<div class=\"flex_column av_one_full  flex_column_div av-zero-column-padding first  avia-builder-el-0  el_before_av_one_full  avia-builder-el-first  \" style='border-radius:0px; '><div  class='avia-image-container  av-styling-    avia-builder-el-1  avia-builder-el-no-sibling  avia-align-center '  itemprop=\"image\" itemscope=\"itemscope\" itemtype=\"https:\/\/schema.org\/ImageObject\"  ><div class='avia-image-container-inner'><div class='avia-image-overlay-wrap'><img decoding=\"async\" class='wp-image-57182 avia-img-lazy-loading-not-57182 avia_image' src=\"https:\/\/radiorevelacionfm.cl\/wp-content\/uploads\/2025\/07\/pampa-y-mar-cochrane-2-1_optimized.jpg\" alt='' title='pampa-y-mar-cochrane-(2)-(1)_optimized' height=\"600\" width=\"900\"  itemprop=\"thumbnailUrl\" srcset=\"https:\/\/radiorevelacionfm.cl\/wp-content\/uploads\/2025\/07\/pampa-y-mar-cochrane-2-1_optimized.jpg 900w, https:\/\/radiorevelacionfm.cl\/wp-content\/uploads\/2025\/07\/pampa-y-mar-cochrane-2-1_optimized-300x200.jpg 300w, https:\/\/radiorevelacionfm.cl\/wp-content\/uploads\/2025\/07\/pampa-y-mar-cochrane-2-1_optimized-768x512.jpg 768w, https:\/\/radiorevelacionfm.cl\/wp-content\/uploads\/2025\/07\/pampa-y-mar-cochrane-2-1_optimized-705x470.jpg 705w, https:\/\/radiorevelacionfm.cl\/wp-content\/uploads\/2025\/07\/pampa-y-mar-cochrane-2-1_optimized-450x300.jpg 450w, https:\/\/radiorevelacionfm.cl\/wp-content\/uploads\/2025\/07\/pampa-y-mar-cochrane-2-1_optimized-600x400.jpg 600w\" sizes=\"(max-width: 900px) 100vw, 900px\" \/><\/div><\/div><\/div><\/div><div class=\"flex_column av_one_full  flex_column_div av-zero-column-padding first  avia-builder-el-2  el_after_av_one_full  el_before_av_one_full  column-top-margin\" style='border-radius:0px; '><section class=\"av_textblock_section \"  itemscope=\"itemscope\" itemtype=\"https:\/\/schema.org\/BlogPosting\" itemprop=\"blogPost\" ><div class='avia_textblock  '   itemprop=\"text\" ><p style=\"text-align: center;\"><strong><span style=\"font-size: 18pt;\">Todo listo en Cochrane para el 28\u00b0 Encuentro de Cueca Infantil \u201cPampa y Mar\u201d<\/span><\/strong><\/p>\n<div id=\"gtx-trans\" style=\"position: absolute; left: -50px; top: 4.31534px;\">\n<div class=\"gtx-trans-icon\"><\/div>\n<\/div>\n<\/div><\/section><\/div><div class=\"flex_column av_one_full  flex_column_div av-zero-column-padding first  avia-builder-el-4  el_after_av_one_full  el_before_av_hr  column-top-margin\" style='border-radius:0px; '><section class=\"av_textblock_section \"  itemscope=\"itemscope\" itemtype=\"https:\/\/schema.org\/BlogPosting\" itemprop=\"blogPost\" ><div class='avia_textblock  '   itemprop=\"text\" ><p style=\"text-align: justify;\">Este s\u00e1bado 2 de agosto, a partir de las 18:30 horas, el Gimnasio Municipal de Cochrane ser\u00e1 escenario del 28\u00b0 Campeonato Regional de Cueca Infantil \u201cPampa y Mar\u201d, una de las celebraciones culturales m\u00e1s esperadas del invierno en la zona sur de la Regi\u00f3n de Ays\u00e9n.<\/p>\n<p style=\"text-align: justify;\">Organizado por el Grupo Folcl\u00f3rico Alma y Sue\u00f1o, con el apoyo de la Ilustre Municipalidad de Cochrane y el financiamiento del Programa Puntos de Cultura Comunitaria del Ministerio de las Culturas, las Artes y el Patrimonio, el certamen reunir\u00e1 a ni\u00f1as y ni\u00f1os de distintas comunas, adem\u00e1s de destacados campeones nacionales en diferentes categor\u00edas de la danza nacional.<\/p>\n<p style=\"text-align: justify;\">Este campeonato no solo busca resaltar el talento de las nuevas generaciones, sino tambi\u00e9n reforzar la identidad cultural, la vida en comunidad y promover a Cochrane como un territorio activo y atractivo durante todo el a\u00f1o.<\/p>\n<p style=\"text-align: justify;\">El alcalde de Cochrane Patricio Ulloa Georgia valor\u00f3 profundamente esta iniciativa:<br \/>\n\u201cSeguimos demostrando que Cochrane es un destino vivo todo el a\u00f1o (..) es emocionante ver a ni\u00f1os y ni\u00f1as participando de este campeonato nacional, que hoy d\u00eda, obviamente, es regional. Por lo tanto, queremos hacer esta invitaci\u00f3n abierta a la comunidad a que nos acompa\u00f1en este s\u00e1bado, a partir de las seis y media de la tarde, porque el folklore nacional se va a presentar en Cochrane, con esta fiesta que es la m\u00e1s linda de Chile.\u201d<\/p>\n<p style=\"text-align: justify;\">Desde la organizaci\u00f3n, Jazm\u00edn Olivares Lemus, representante del Grupo Folcl\u00f3rico Alma y Sue\u00f1o, expres\u00f3 su entusiasmo por la nueva edici\u00f3n:<br \/>\n\u201cEstamos muy contentos, muy emocionados, con hartas ganas de que empiece ya. Ser\u00e1 este 2 de agosto a las 6 y media de la tarde en el Gimnasio Municipal. Tenemos muchas expectativas, y dejamos invitados a todos a disfrutar de este hermoso evento. Vienen tambi\u00e9n como invitados especiales Silvanita y Los del Quincho. As\u00ed que no se lo pierdan, que no la van a pasar mal. Es un evento hermoso, que viene recargado de emociones\u201d.<\/p>\n<p style=\"text-align: justify;\">Desde la Oficina de Cultura de la Municipalidad de Cochrane, Edgar Osses Cruces tambi\u00e9n destac\u00f3 el impacto de esta iniciativa en la comunidad, \u201cestamos muy contentos, una vez m\u00e1s, en apoyar esta iniciativa que nace desde el Grupo Folcl\u00f3rico Alma y Sue\u00f1o, impulsando el Campeonato Regional de Cueca Infantil Pampa y Mar. Esta es una instancia que no solo promueve la participaci\u00f3n infantil, sino tambi\u00e9n nuestra cultura tradicional chilena. Adem\u00e1s, es el inicio de las actividades culturales que se vienen en septiembre. Tambi\u00e9n nos acompa\u00f1ar\u00e1n los campeones del Club de Huasos de Arica provenientes de La Serena; campeones infantiles desde la regi\u00f3n de La Araucan\u00eda; campeones juveniles del Maule; y representantes de los Clubes de Cueca y Folclor de la misma regi\u00f3n. A ellos se suman delegaciones regionales como el Club de Cueca Ra\u00edces de Coyhaique, lo que sin duda enriquecer\u00e1 esta gran fiesta del folclor.\u201d<\/p>\n<p style=\"text-align: justify;\">Adem\u00e1s, en esta edici\u00f3n se contar\u00e1 con la presentaci\u00f3n del grupo musical nacional Silvanita y Los del Quincho, quienes visitan por primera vez la comuna y vuelven a presentarse en la regi\u00f3n despu\u00e9s de muchos a\u00f1os.<\/p>\n<p style=\"text-align: justify;\">Esta nueva edici\u00f3n del campeonato infantil es una verdadera celebraci\u00f3n del folclor que entrelaza la tradici\u00f3n, la infancia y el orgullo territorial. La invitaci\u00f3n queda extendida a toda la regi\u00f3n de Ays\u00e9n para que puedan asistir en familia, apoyar a las parejas participantes y disfrutar de un espect\u00e1culo lleno de talento infantil.<\/p>\n<\/div><\/section><\/div><div  style='height:50px' class='hr hr-invisible   avia-builder-el-6  el_after_av_one_full  el_before_av_social_share '><span class='hr-inner ' ><span class='hr-inner-style'><\/span><\/span><\/div><\/p>\n<div  class='av-social-sharing-box  avia-builder-el-7  el_after_av_hr  el_before_av_hr  '><div class='av-share-box'><h5 class='av-share-link-description av-no-toc '>Compartir esta noticia<\/h5><ul class='av-share-box-list noLightbox'><li class='av-share-link av-social-link-facebook' ><a target=\"_blank\" aria-label=\"Compartir en Facebook\" href='https:\/\/www.facebook.com\/sharer.php?u=https:\/\/radiorevelacionfm.cl\/?p=57181&#038;t=Todo%20listo%20en%20Cochrane%20para%20el%2028%C2%B0%20Encuentro%20de%20Cueca%20Infantil%20%E2%80%9CPampa%20y%20Mar%E2%80%9D' aria-hidden='false' data-av_icon='\ue8f3' data-av_iconfont='entypo-fontello' title='' data-avia-related-tooltip='Compartir en Facebook' rel=\"noopener\"><span class='avia_hidden_link_text'>Compartir en Facebook<\/span><\/a><\/li><li class='av-share-link av-social-link-twitter' ><a target=\"_blank\" aria-label=\"Compartir en Twitter\" href='https:\/\/twitter.com\/share?text=Todo%20listo%20en%20Cochrane%20para%20el%2028%C2%B0%20Encuentro%20de%20Cueca%20Infantil%20%E2%80%9CPampa%20y%20Mar%E2%80%9D&#038;url=https:\/\/radiorevelacionfm.cl\/?p=57181' aria-hidden='false' data-av_icon='\ue8f1' data-av_iconfont='entypo-fontello' title='' data-avia-related-tooltip='Compartir en Twitter' rel=\"noopener\"><span class='avia_hidden_link_text'>Compartir en Twitter<\/span><\/a><\/li><li class='av-share-link av-social-link-whatsapp' ><a target=\"_blank\" aria-label=\"Compartir en Whatsapp\" href='https:\/\/api.whatsapp.com\/send?text=https:\/\/radiorevelacionfm.cl\/?p=57181' aria-hidden='false' data-av_icon='\uf232' data-av_iconfont='entypo-fontello' title='' data-avia-related-tooltip='Compartir en Whatsapp' rel=\"noopener\"><span class='avia_hidden_link_text'>Compartir en Whatsapp<\/span><\/a><\/li><li class='av-share-link av-social-link-linkedin' ><a target=\"_blank\" aria-label=\"Compartir en LinkedIn\" href='https:\/\/linkedin.com\/shareArticle?mini=true&#038;title=Todo%20listo%20en%20Cochrane%20para%20el%2028%C2%B0%20Encuentro%20de%20Cueca%20Infantil%20%E2%80%9CPampa%20y%20Mar%E2%80%9D&#038;url=https:\/\/radiorevelacionfm.cl\/?p=57181' aria-hidden='false' data-av_icon='\ue8fc' data-av_iconfont='entypo-fontello' title='' data-avia-related-tooltip='Compartir en LinkedIn' rel=\"noopener\"><span class='avia_hidden_link_text'>Compartir en LinkedIn<\/span><\/a><\/li><li class='av-share-link av-social-link-mail' ><a  aria-label=\"Compartir por correo\" href='mailto:?subject=Todo%20listo%20en%20Cochrane%20para%20el%2028%C2%B0%20Encuentro%20de%20Cueca%20Infantil%20%E2%80%9CPampa%20y%20Mar%E2%80%9D&#038;body=https:\/\/radiorevelacionfm.cl\/?p=57181' aria-hidden='false' data-av_icon='\ue805' data-av_iconfont='entypo-fontello' title='' data-avia-related-tooltip='Compartir por correo'><span class='avia_hidden_link_text'>Compartir por correo<\/span><\/a><\/li><\/ul><\/div><\/div>\n<div  style='height:50px' class='hr hr-invisible   avia-builder-el-8  el_after_av_social_share  el_before_av_comments_list '><span class='hr-inner ' ><span class='hr-inner-style'><\/span><\/span><\/div>\n<div  class='av-buildercomment  av-blog-meta-html-info-disabled av-blog-meta-tag-disabled  '><\/div>\n","protected":false},"excerpt":{"rendered":"","protected":false},"author":1,"featured_media":57182,"comment_status":"closed","ping_status":"closed","sticky":false,"template":"","format":"standard","meta":{"footnotes":""},"categories":[38],"tags":[],"class_list":["post-57181","post","type-post","status-publish","format-standard","has-post-thumbnail","hentry","category-regional"],"jetpack_featured_media_url":"https:\/\/radiorevelacionfm.cl\/wp-content\/uploads\/2025\/07\/pampa-y-mar-cochrane-2-1_optimized.jpg","_links":{"self":[{"href":"https:\/\/radiorevelacionfm.cl\/index.php?rest_route=\/wp\/v2\/posts\/57181","targetHints":{"allow":["GET"]}}],"collection":[{"href":"https:\/\/radiorevelacionfm.cl\/index.php?rest_route=\/wp\/v2\/posts"}],"about":[{"href":"https:\/\/radiorevelacionfm.cl\/index.php?rest_route=\/wp\/v2\/types\/post"}],"author":[{"embeddable":true,"href":"https:\/\/radiorevelacionfm.cl\/index.php?rest_route=\/wp\/v2\/users\/1"}],"replies":[{"embeddable":true,"href":"https:\/\/radiorevelacionfm.cl\/index.php?rest_route=%2Fwp%2Fv2%2Fcomments&post=57181"}],"version-history":[{"count":2,"href":"https:\/\/radiorevelacionfm.cl\/index.php?rest_route=\/wp\/v2\/posts\/57181\/revisions"}],"predecessor-version":[{"id":57184,"href":"https:\/\/radiorevelacionfm.cl\/index.php?rest_route=\/wp\/v2\/posts\/57181\/revisions\/57184"}],"wp:featuredmedia":[{"embeddable":true,"href":"https:\/\/radiorevelacionfm.cl\/index.php?rest_route=\/wp\/v2\/media\/57182"}],"wp:attachment":[{"href":"https:\/\/radiorevelacionfm.cl\/index.php?rest_route=%2Fwp%2Fv2%2Fmedia&parent=57181"}],"wp:term":[{"taxonomy":"category","embeddable":true,"href":"https:\/\/radiorevelacionfm.cl\/index.php?rest_route=%2Fwp%2Fv2%2Fcategories&post=57181"},{"taxonomy":"post_tag","embeddable":true,"href":"https:\/\/radiorevelacionfm.cl\/index.php?rest_route=%2Fwp%2Fv2%2Ftags&post=57181"}],"curies":[{"name":"wp","href":"https:\/\/api.w.org\/{rel}","templated":true}]}}