{"id":57176,"date":"2025-07-31T16:41:33","date_gmt":"2025-07-31T19:41:33","guid":{"rendered":"https:\/\/radiorevelacionfm.cl\/?p=57176"},"modified":"2025-07-31T16:52:20","modified_gmt":"2025-07-31T19:52:20","slug":"chile-chico-fiscalia-solicito-la-prision-preventiva-de-imputados-en-caso-de-homicidio-y-otros-9-delitos","status":"publish","type":"post","link":"https:\/\/radiorevelacionfm.cl\/?p=57176","title":{"rendered":"Chile Chico: Fiscal\u00eda solicit\u00f3 la prisi\u00f3n preventiva de imputados en caso de homicidio y otros 9 delitos"},"content":{"rendered":"<div class=\"flex_column av_one_full  flex_column_div av-zero-column-padding first  avia-builder-el-0  el_before_av_one_full  avia-builder-el-first  \" style='border-radius:0px; '><div  class='avia-image-container  av-styling-    avia-builder-el-1  avia-builder-el-no-sibling  avia-align-center '  itemprop=\"image\" itemscope=\"itemscope\" itemtype=\"https:\/\/schema.org\/ImageObject\"  ><div class='avia-image-container-inner'><div class='avia-image-overlay-wrap'><img decoding=\"async\" class='wp-image-57179 avia-img-lazy-loading-not-57179 avia_image' src=\"https:\/\/radiorevelacionfm.cl\/wp-content\/uploads\/2025\/07\/chile-chico1-1_optimized.jpg\" alt='' title='chile-chico1-(1)_optimized' height=\"675\" width=\"800\"  itemprop=\"thumbnailUrl\" srcset=\"https:\/\/radiorevelacionfm.cl\/wp-content\/uploads\/2025\/07\/chile-chico1-1_optimized.jpg 800w, https:\/\/radiorevelacionfm.cl\/wp-content\/uploads\/2025\/07\/chile-chico1-1_optimized-300x253.jpg 300w, https:\/\/radiorevelacionfm.cl\/wp-content\/uploads\/2025\/07\/chile-chico1-1_optimized-768x648.jpg 768w, https:\/\/radiorevelacionfm.cl\/wp-content\/uploads\/2025\/07\/chile-chico1-1_optimized-705x595.jpg 705w, https:\/\/radiorevelacionfm.cl\/wp-content\/uploads\/2025\/07\/chile-chico1-1_optimized-450x380.jpg 450w, https:\/\/radiorevelacionfm.cl\/wp-content\/uploads\/2025\/07\/chile-chico1-1_optimized-600x506.jpg 600w\" sizes=\"(max-width: 800px) 100vw, 800px\" \/><\/div><\/div><\/div><\/div><div class=\"flex_column av_one_full  flex_column_div av-zero-column-padding first  avia-builder-el-2  el_after_av_one_full  el_before_av_one_full  column-top-margin\" style='border-radius:0px; '><section class=\"av_textblock_section \"  itemscope=\"itemscope\" itemtype=\"https:\/\/schema.org\/BlogPosting\" itemprop=\"blogPost\" ><div class='avia_textblock  '   itemprop=\"text\" ><p style=\"font-weight: 400; text-align: center;\"><span style=\"font-size: 18pt;\"><strong>Chile Chico: Fiscal\u00eda solicit\u00f3 la prisi\u00f3n preventiva de imputados en caso de homicidio y otros 9 delitos<\/strong><\/span><\/p>\n<p style=\"font-weight: 400; text-align: center;\"><span style=\"font-size: 18pt;\"><strong>\u00a0<\/strong><\/span><\/p>\n<div id=\"gtx-trans\" style=\"position: absolute; left: -50px; top: 4.31534px;\">\n<div class=\"gtx-trans-icon\"><\/div>\n<\/div>\n<\/div><\/section><\/div><\/p>\n<div class=\"flex_column av_one_full  flex_column_div av-zero-column-padding first  avia-builder-el-4  el_after_av_one_full  el_before_av_hr  column-top-margin\" style='border-radius:0px; '><section class=\"av_textblock_section \"  itemscope=\"itemscope\" itemtype=\"https:\/\/schema.org\/BlogPosting\" itemprop=\"blogPost\" ><div class='avia_textblock  '   itemprop=\"text\" ><p style=\"font-weight: 400; text-align: justify;\"><em>En uno de los casos, ocurrido cerca de las 05:30 horas, dos de los tres imputados abordaron a la v\u00edctima del homicidio, para luego agredirlo con armas cortantes, entre ellas un machete, propin\u00e1ndole diversos cortes y pu\u00f1aladas en su t\u00f3rax y extremidades, lo que provoc\u00f3 su muerte.<\/em><\/p>\n<p style=\"font-weight: 400; text-align: justify;\">La Fiscal\u00eda Local de Chile Chico formaliz\u00f3 hoy la investigaci\u00f3n en contra de tres imputados por 10 delitos ocurridos la madrugada del domingo reci\u00e9n pasado en dicha comuna, uno de los cuales termin\u00f3 con la vida de una v\u00edctima de 19 a\u00f1os y provoc\u00f3 lesiones en otras 8 personas, en un lapso de aproximadamente 45 minutos de violencia.<\/p>\n<p style=\"font-weight: 400; text-align: justify;\">De acuerdo a lo expuesto por el Fiscal Adjunto (s), Sebasti\u00e1n Vild\u00f3sola en compa\u00f1\u00eda del Abogado Asistente, Jorge Carrasco, los hechos delictuales se relacionan con da\u00f1os, violaci\u00f3n de morada, homicidio frustrado, lesiones menos graves, transporte de artefactos incendiarios (en este caso, bombas molotov) y maltrato de obra a Carabineros.<\/p>\n<p style=\"font-weight: 400; text-align: justify;\">Las diligencias de este caso est\u00e1n siendo efectuadas por personal de Carabineros y la SIP de la Tercera Comisar\u00eda, adem\u00e1s de efectivos del GOPE, sumado a informes periciales solicitados al Servicio M\u00e9dico Legal. Entre las diligencias solicitadas por el Ministerio P\u00fablico se incluy\u00f3 el informe de autopsia del SML, adem\u00e1s de un informe pericial y planim\u00e9trico de Labocar de Carabineros, fotograf\u00edas de los sitios del suceso, huellas dactilares, an\u00e1lisis de c\u00e1maras de seguridad, toma de declaraci\u00f3n de testigos y personal de Salud, entre otros aspectos relevantes para la investigaci\u00f3n.<\/p>\n<p style=\"font-weight: 400; text-align: justify;\">En la audiencia, iniciada a las 14.00 horas de este jueves, la Fiscal\u00eda solicit\u00f3 la prisi\u00f3n preventiva de los sujetos, petici\u00f3n a la que accedi\u00f3 el magistrado Guillermo Frene.<\/p>\n<p style=\"font-weight: 400; text-align: justify;\">CRONOLOG\u00cdA<\/p>\n<p style=\"font-weight: 400; text-align: justify;\">En orden cronol\u00f3gico, los hechos descritos por la Fiscal\u00eda en la audiencia de formalizaci\u00f3n, se\u00f1alan que el domingo 27 de julio a las 05:06 horas aproximadamente, dos de los imputados se desplazaron por la v\u00eda p\u00fablica, transportando cada uno de ellos, elementos incendiarios tipo bomba molotov, para luego -los tres imputados formalizados- concurrir hasta un primer domicilio de la zona c\u00e9ntrica de Chile Chico, donde quebraron los ventanales de la casa.<\/p>\n<p style=\"font-weight: 400; text-align: justify;\">Desde el inmueble salieron dos v\u00edctimas, procediendo todos los imputados a agredirlos con elementos contundentes y cortantes.<\/p>\n<p style=\"font-weight: 400; text-align: justify;\">Los detenidos, actuando conjuntamente y\u00a0con \u00e1nimo homicida, atacaron a una de las v\u00edctimas, de sexo masculino,\u00a0a quien\u00a0le propinaron un golpe con una botella en la cabeza y diversos cortes con cuchillos y machetes en su t\u00f3rax y brazo izquierdo. En este caso, la v\u00edctima result\u00f3 con diversas lesiones graves.<\/p>\n<p style=\"font-weight: 400; text-align: justify;\">Por su parte, producto del actuar de los imputados, la segunda v\u00edctima, tambi\u00e9n de sexo masculino, result\u00f3 con diversas lesiones de mediana gravedad.<\/p>\n<p style=\"font-weight: 400; text-align: justify;\">El segundo hecho formalizado por la Fiscal\u00eda, ocurri\u00f3 cerca de las 05:25 horas aproximadamente, donde los tres imputados, concurrieron hasta otra calle de Chile Chico. All\u00ed golpearon con elementos contundentes un veh\u00edculo marca Suzuki, causando da\u00f1os avaluados en tres millones setecientos mil pesos, para luego, todos los sujetos, propinar golpes con elementos contundentes en los ventanales de un taller automotriz, provocando da\u00f1os avaluados en cuatro millones quinientos mil pesos.<\/p>\n<p style=\"font-weight: 400; text-align: justify;\">A continuaci\u00f3n, los mismos imputados y tras da\u00f1ar\u00a0un cerco perimetral,\u00a0ingresaron de forma violenta a un domicilio aleda\u00f1o al taller, donde hab\u00eda dos personas adultas y una adolescente. All\u00ed,\u00a0premunidos de elementos cortantes y contuso cortantes, procedieron todos los imputados a agredir a la v\u00edctima de sexo masculino, propin\u00e1ndole cortes en su cuerpo, resultando con heridas de mediana gravedad.<\/p>\n<p style=\"font-weight: 400; text-align: justify;\">En el tercer hecho, el mismo domingo 27 de julio a las 05:30 horas aproximadamente, en la intersecci\u00f3n de otras dos calles de la comuna, dos de los imputados, abordaron a la v\u00edctima del homicidio,\u00a0para luego, sin justificaci\u00f3n alguna y con \u00e1nimo homicida, agredirlo con las armas cortantes que portaban, entre ellas un machete, propin\u00e1ndole diversos cortes y pu\u00f1aladas en su t\u00f3rax y extremidades, lo que provoc\u00f3 su muerte.<\/p>\n<p style=\"font-weight: 400; text-align: justify;\">En el cuarto hecho formalizado por el Ministerio P\u00fablico, ocurrido cerca de las 05:49 horas aproximadamente, uno de los imputados\u00a0mientras hu\u00eda de Carabineros, es alcanzado por personal policial, oponi\u00e9ndose a su detenci\u00f3n un segundo sujeto, oportunidad que es aprovechada por el primer imputado para empujar al suelo a un funcionario de Carabineros y propinarle diversos golpes de pu\u00f1o en su cabeza. Lo anterior, mientras uno de los imputados sosten\u00eda las piernas del afectado, para facilitar su agresi\u00f3n. Producto de este ataque, la v\u00edctima result\u00f3 con contusiones en su cuero cabelludo,\u00a0con resultado de lesiones cl\u00ednicamente leves.<\/p>\n<p style=\"font-weight: 400; text-align: justify;\">Tras decretar la prisi\u00f3n preventiva de los tres imputados, por constituir un peligro para la seguridad de la sociedad y para las v\u00edctimas, el Juzgado de Garant\u00eda de Chile Chico fij\u00f3 un plazo de investigaci\u00f3n de 180 d\u00edas.<\/p>\n<p style=\"font-weight: 400; text-align: justify;\">El magistrado Guillermo Frene, tomando en consideraci\u00f3n un informe de seguridad de Gendarmer\u00eda, orden\u00f3 el\u00a0trasladado de los detenidos hasta el Complejo de Detenci\u00f3n Preventiva de Coyhaique, donde permanecer\u00e1n recluidos mientras se desarrolla la investigaci\u00f3n de este caso que gener\u00f3 amplia conmoci\u00f3n en la comunidad de Chile Chico.<\/p>\n<\/div><\/section><\/div>\n<div  style='height:50px' class='hr hr-invisible   avia-builder-el-6  el_after_av_one_full  el_before_av_social_share '><span class='hr-inner ' ><span class='hr-inner-style'><\/span><\/span><\/div>\n<div  class='av-social-sharing-box  avia-builder-el-7  el_after_av_hr  el_before_av_hr  '><div class='av-share-box'><h5 class='av-share-link-description av-no-toc '>Compartir esta noticia<\/h5><ul class='av-share-box-list noLightbox'><li class='av-share-link av-social-link-facebook' ><a target=\"_blank\" aria-label=\"Compartir en Facebook\" href='https:\/\/www.facebook.com\/sharer.php?u=https:\/\/radiorevelacionfm.cl\/?p=57176&#038;t=Chile%20Chico%3A%20Fiscal%C3%ADa%20solicit%C3%B3%20la%20prisi%C3%B3n%20preventiva%20de%20imputados%20en%20caso%20de%20homicidio%20y%20otros%209%20delitos' aria-hidden='false' data-av_icon='\ue8f3' data-av_iconfont='entypo-fontello' title='' data-avia-related-tooltip='Compartir en Facebook' rel=\"noopener\"><span class='avia_hidden_link_text'>Compartir en Facebook<\/span><\/a><\/li><li class='av-share-link av-social-link-twitter' ><a target=\"_blank\" aria-label=\"Compartir en Twitter\" href='https:\/\/twitter.com\/share?text=Chile%20Chico%3A%20Fiscal%C3%ADa%20solicit%C3%B3%20la%20prisi%C3%B3n%20preventiva%20de%20imputados%20en%20caso%20de%20homicidio%20y%20otros%209%20delitos&#038;url=https:\/\/radiorevelacionfm.cl\/?p=57176' aria-hidden='false' data-av_icon='\ue8f1' data-av_iconfont='entypo-fontello' title='' data-avia-related-tooltip='Compartir en Twitter' rel=\"noopener\"><span class='avia_hidden_link_text'>Compartir en Twitter<\/span><\/a><\/li><li class='av-share-link av-social-link-whatsapp' ><a target=\"_blank\" aria-label=\"Compartir en Whatsapp\" href='https:\/\/api.whatsapp.com\/send?text=https:\/\/radiorevelacionfm.cl\/?p=57176' aria-hidden='false' data-av_icon='\uf232' data-av_iconfont='entypo-fontello' title='' data-avia-related-tooltip='Compartir en Whatsapp' rel=\"noopener\"><span class='avia_hidden_link_text'>Compartir en Whatsapp<\/span><\/a><\/li><li class='av-share-link av-social-link-linkedin' ><a target=\"_blank\" aria-label=\"Compartir en LinkedIn\" href='https:\/\/linkedin.com\/shareArticle?mini=true&#038;title=Chile%20Chico%3A%20Fiscal%C3%ADa%20solicit%C3%B3%20la%20prisi%C3%B3n%20preventiva%20de%20imputados%20en%20caso%20de%20homicidio%20y%20otros%209%20delitos&#038;url=https:\/\/radiorevelacionfm.cl\/?p=57176' aria-hidden='false' data-av_icon='\ue8fc' data-av_iconfont='entypo-fontello' title='' data-avia-related-tooltip='Compartir en LinkedIn' rel=\"noopener\"><span class='avia_hidden_link_text'>Compartir en LinkedIn<\/span><\/a><\/li><li class='av-share-link av-social-link-mail' ><a  aria-label=\"Compartir por correo\" href='mailto:?subject=Chile%20Chico%3A%20Fiscal%C3%ADa%20solicit%C3%B3%20la%20prisi%C3%B3n%20preventiva%20de%20imputados%20en%20caso%20de%20homicidio%20y%20otros%209%20delitos&#038;body=https:\/\/radiorevelacionfm.cl\/?p=57176' aria-hidden='false' data-av_icon='\ue805' data-av_iconfont='entypo-fontello' title='' data-avia-related-tooltip='Compartir por correo'><span class='avia_hidden_link_text'>Compartir por correo<\/span><\/a><\/li><\/ul><\/div><\/div>\n<div  style='height:50px' class='hr hr-invisible   avia-builder-el-8  el_after_av_social_share  el_before_av_comments_list '><span class='hr-inner ' ><span class='hr-inner-style'><\/span><\/span><\/div>\n<div  class='av-buildercomment  av-blog-meta-html-info-disabled av-blog-meta-tag-disabled  '><\/div>\n","protected":false},"excerpt":{"rendered":"","protected":false},"author":1,"featured_media":57179,"comment_status":"closed","ping_status":"closed","sticky":false,"template":"","format":"standard","meta":{"footnotes":""},"categories":[55],"tags":[],"class_list":["post-57176","post","type-post","status-publish","format-standard","has-post-thumbnail","hentry","category-justicia"],"jetpack_featured_media_url":"https:\/\/radiorevelacionfm.cl\/wp-content\/uploads\/2025\/07\/chile-chico1-1_optimized.jpg","_links":{"self":[{"href":"https:\/\/radiorevelacionfm.cl\/index.php?rest_route=\/wp\/v2\/posts\/57176","targetHints":{"allow":["GET"]}}],"collection":[{"href":"https:\/\/radiorevelacionfm.cl\/index.php?rest_route=\/wp\/v2\/posts"}],"about":[{"href":"https:\/\/radiorevelacionfm.cl\/index.php?rest_route=\/wp\/v2\/types\/post"}],"author":[{"embeddable":true,"href":"https:\/\/radiorevelacionfm.cl\/index.php?rest_route=\/wp\/v2\/users\/1"}],"replies":[{"embeddable":true,"href":"https:\/\/radiorevelacionfm.cl\/index.php?rest_route=%2Fwp%2Fv2%2Fcomments&post=57176"}],"version-history":[{"count":3,"href":"https:\/\/radiorevelacionfm.cl\/index.php?rest_route=\/wp\/v2\/posts\/57176\/revisions"}],"predecessor-version":[{"id":57178,"href":"https:\/\/radiorevelacionfm.cl\/index.php?rest_route=\/wp\/v2\/posts\/57176\/revisions\/57178"}],"wp:featuredmedia":[{"embeddable":true,"href":"https:\/\/radiorevelacionfm.cl\/index.php?rest_route=\/wp\/v2\/media\/57179"}],"wp:attachment":[{"href":"https:\/\/radiorevelacionfm.cl\/index.php?rest_route=%2Fwp%2Fv2%2Fmedia&parent=57176"}],"wp:term":[{"taxonomy":"category","embeddable":true,"href":"https:\/\/radiorevelacionfm.cl\/index.php?rest_route=%2Fwp%2Fv2%2Fcategories&post=57176"},{"taxonomy":"post_tag","embeddable":true,"href":"https:\/\/radiorevelacionfm.cl\/index.php?rest_route=%2Fwp%2Fv2%2Ftags&post=57176"}],"curies":[{"name":"wp","href":"https:\/\/api.w.org\/{rel}","templated":true}]}}